{"id":26861,"date":"2011-12-02T00:00:00","date_gmt":"2011-12-02T02:00:00","guid":{"rendered":"https:\/\/www.zecadirceu.com.br\/nova-etapa-do-minha-casa-minha-vida-atendera-municipios-com-ate-50-mil-habitantes\/"},"modified":"2011-12-02T00:00:00","modified_gmt":"2011-12-02T02:00:00","slug":"nova-etapa-do-minha-casa-minha-vida-atendera-municipios-com-ate-50-mil-habitantes","status":"publish","type":"post","link":"https:\/\/teste.bsb.br\/zeca\/nova-etapa-do-minha-casa-minha-vida-atendera-municipios-com-ate-50-mil-habitantes\/","title":{"rendered":"Nova etapa do Minha Casa Minha Vida atender\u00e1 munic\u00edpios com at\u00e9 50 mil habitantes"},"content":{"rendered":"<p>Para atender popula&ccedil;&otilde;es de munic&iacute;pios com at&eacute; 50 mil habitantes, o governo federal publicou no Di&aacute;rio Oficial da Uni&atilde;o desta ter&ccedil;a-feira (29) a Portaria 547, definindo uma nova etapa do programa &quot;Minha Casa, Minha Vida&quot; , que ser&aacute; direcionada a munic&iacute;pios com at&eacute; 50 mil habitantes e para fam&iacute;lias com renda de at&eacute; R$ 1.600. O subs&iacute;dio ser&aacute; de R$ 25 mil por fam&iacute;lia, a fundo perdido.<\/p>\n<p>Prefeitos e governadores dever&atilde;o ficar atentos aos prazos estabelecidos na norma. A portaria estabelece que o per&iacute;odo para apresenta&ccedil;&atilde;o de projetos come&ccedil;a nesta quarta-feira (30) e vai at&eacute; o dia 30 de dezembro. O deputado Zeca Dirceu comenta a import&acirc;ncia da expans&atilde;o do programa &quot;Minha Casa, Minha Vida&quot; para os munic&iacute;pios com menos de 50 mil habitantes e com popula&ccedil;&atilde;o de baixa renda.&nbsp;<\/p>\n<p>Ou&ccedil;a a reportagem no &iacute;cone abaixo.<\/p>\n","protected":false},"excerpt":{"rendered":"<p>Para atender popula\u00e7\u00f5es de munic\u00edpios com at\u00e9 50 mil habitantes, o governo federal publicou no Di\u00e1rio Oficial da Uni\u00e3o desta ter\u00e7a-feira (29) a Portaria 547, definindo uma nova etapa do programa &#8220;Minha Casa, Minha Vida&#8221; , que ser\u00e1 direcionada a munic\u00edpios com at\u00e9 50 mil habitantes e para fam\u00edlias com renda de at\u00e9 R$ 1.600. O subs\u00eddio ser\u00e1 de R$ 25 mil por fam\u00edlia, a fundo perdido.O deputado Zeca Dirceu comenta a import\u00e2ncia da expans\u00e3o do programa &#8220;Minha Casa, Minha Vida&#8221; para os munic\u00edpios com menos de 50 mil habitantes e com popula\u00e7\u00e3o de baixa renda.<\/p>\n","protected":false},"author":1,"featured_media":26860,"comment_status":"open","ping_status":"open","sticky":false,"template":"","format":"standard","meta":{"footnotes":""},"categories":[1],"tags":[6154],"class_list":["post-26861","post","type-post","status-publish","format-standard","has-post-thumbnail","hentry","category-noticias-zeca-dirceu","tag-nova-etapa-do-minha-casa-minha-vida-atendera-municipios-com-ate-50-mil-habitantes"],"_links":{"self":[{"href":"https:\/\/teste.bsb.br\/zeca\/wp-json\/wp\/v2\/posts\/26861","targetHints":{"allow":["GET"]}}],"collection":[{"href":"https:\/\/teste.bsb.br\/zeca\/wp-json\/wp\/v2\/posts"}],"about":[{"href":"https:\/\/teste.bsb.br\/zeca\/wp-json\/wp\/v2\/types\/post"}],"author":[{"embeddable":true,"href":"https:\/\/teste.bsb.br\/zeca\/wp-json\/wp\/v2\/users\/1"}],"replies":[{"embeddable":true,"href":"https:\/\/teste.bsb.br\/zeca\/wp-json\/wp\/v2\/comments?post=26861"}],"version-history":[{"count":0,"href":"https:\/\/teste.bsb.br\/zeca\/wp-json\/wp\/v2\/posts\/26861\/revisions"}],"wp:featuredmedia":[{"embeddable":true,"href":"https:\/\/teste.bsb.br\/zeca\/wp-json\/wp\/v2\/media\/26860"}],"wp:attachment":[{"href":"https:\/\/teste.bsb.br\/zeca\/wp-json\/wp\/v2\/media?parent=26861"}],"wp:term":[{"taxonomy":"category","embeddable":true,"href":"https:\/\/teste.bsb.br\/zeca\/wp-json\/wp\/v2\/categories?post=26861"},{"taxonomy":"post_tag","embeddable":true,"href":"https:\/\/teste.bsb.br\/zeca\/wp-json\/wp\/v2\/tags?post=26861"}],"curies":[{"name":"wp","href":"https:\/\/api.w.org\/{rel}","templated":true}]}}