{"id":26855,"date":"2011-12-02T00:00:00","date_gmt":"2011-12-02T02:00:00","guid":{"rendered":"https:\/\/www.zecadirceu.com.br\/instituto-federal-de-goioere-inicia-atividades-em-2013\/"},"modified":"2011-12-02T00:00:00","modified_gmt":"2011-12-02T02:00:00","slug":"instituto-federal-de-goioere-inicia-atividades-em-2013","status":"publish","type":"post","link":"https:\/\/teste.bsb.br\/zeca\/instituto-federal-de-goioere-inicia-atividades-em-2013\/","title":{"rendered":"Instituto Federal de Goioer\u00ea  inicia atividades em 2013"},"content":{"rendered":"<p>&nbsp;O dia 02 de dezembro de 2011 vai ficar marcado na hist&oacute;ria de Goioer&ecirc; como a data de nascimento da primeira escola t&eacute;cnica federal instalada no munic&iacute;pio. Por decis&atilde;o da Reitoria do Instituto Federal do Paran&aacute; (IFPR), o prefeito Beto Costa e o vice-prefeito Jos&eacute; Torres foram autorizados hoje pela manh&atilde; a dar sequ&ecirc;ncia no processo para a constru&ccedil;&atilde;o da estrutura f&iacute;sica que vai abrigar o campus da institui&ccedil;&atilde;o.<\/p>\n<p class=\"MsoNormal\" style=\"text-align:justify\"><o:p><\/o:p><\/p>\n<p class=\"MsoNormal\" style=\"text-align:justify\">O deputado federal Zeca Dirceu (PT-PR), que desempenhou papel de destaque nas tratativas para dotar Goioer&ecirc; e regi&atilde;o de uma unidade do IFPR, comemorou o an&uacute;ncio e destacou a import&acirc;ncia da conquista. &ldquo;Est&atilde;o de parab&eacute;ns todos aqueles que, como eu, se empenharam para garantir este campus em Goioer&ecirc;. O IFPR &eacute; uma institui&ccedil;&atilde;o de ensino de reconhecida qualidade e compet&ecirc;ncia, e tenho certeza de que toda a regi&atilde;o Noroeste ser&aacute; muito beneficiada por esta escola t&eacute;cnica&rdquo;, disse Zeca Dirceu.<o:p><\/o:p><\/p>\n<p class=\"MsoNormal\" style=\"text-align:justify\">O prefeito Beto Costa agradeceu a ajuda de toda a bancada paranaense em Bras&iacute;lia, &ldquo;mas de uma forma muito especial tenho que agradecer o apoio fundamental do deputado federal Zeca Dirceu, que plantou esta semente j&aacute; h&aacute; alguns anos e agora pode comemorar com Goioer&ecirc; esta grande conquista, que &eacute; fruto de um trabalho dedicado e comprometido com os munic&iacute;pios do Paran&aacute; que o Zeca faz em Bras&iacute;lia&rdquo;, disse Costa.<o:p><\/o:p><\/p>\n<p class=\"MsoNormal\" style=\"text-align:justify\">&ldquo;O dia de hoje se torna um marco n&atilde;o s&oacute; para Goioer&ecirc;, mas para todos os munic&iacute;pios da regi&atilde;o. A partir do in&iacute;cio das aulas, em 2013, os nossos jovens v&atilde;o poder estudar numa institui&ccedil;&atilde;o federal de reconhecida compet&ecirc;ncia, que vai contribuir e muito para o progresso e o desenvolvimento. E Goioer&ecirc; est&aacute; muito agradecida a este empenho do deputado Zeca Dirceu e de toda a equipe da Reitoria do IFPR, que n&atilde;o mediram esfor&ccedil;os para que pud&eacute;ssemos chegar a este dia hist&oacute;rico&rdquo;, afirmou o vice-prefeito Jos&eacute; Torres.<o:p><\/o:p><\/p>\n<p class=\"MsoNormal\" style=\"text-align:justify\"><o:p>&nbsp;<\/o:p><\/p>\n<p class=\"MsoNormal\" style=\"text-align:justify\">Defini&ccedil;&otilde;es<o:p><\/o:p><\/p>\n<p class=\"MsoNormal\" style=\"text-align:justify\">O assessor de Pol&iacute;ticas Institucionais do Instituto Federal do Paran&aacute;, Pedro Machado, representou o reitor Irineu Colombo na reuni&atilde;o, que ainda contou com a presen&ccedil;a de representantes do campus de Umuarama da institui&ccedil;&atilde;o. Segundo ele, at&eacute; o in&iacute;cio de 2012 o setor de pesquisa do IFPR come&ccedil;ar&aacute; a aplicar question&aacute;rios em toda a regi&atilde;o, para levantar as demandas de cursos.<o:p><\/o:p><\/p>\n<p class=\"MsoNormal\" style=\"text-align:justify\">&ldquo;Durante o ano de 2012 vamos ouvir os pr&oacute;prios jovens aqui da regi&atilde;o, num processo bastante criterioso, para definir quais cursos ser&atilde;o ofertados. Tamb&eacute;m neste per&iacute;odo faremos os concursos necess&aacute;rios para a contrata&ccedil;&atilde;o de pessoal, e ainda a prepara&ccedil;&atilde;o dos professores, para podermos, j&aacute; no primeiro semestre de 2013, iniciar as aulas&rdquo;, afirmou Pedro Machado.<o:p><\/o:p><\/p>\n<p class=\"MsoNormal\" style=\"text-align:justify\">Inicialmente o campus de Goioer&ecirc; do IFPR funcionar&aacute; como uma extens&atilde;o da unidade de Umuarama, mas ter&aacute; autonomia administrativa e financeira e um diretor exclusivo. Pedro Machado, por&eacute;m, esclareceu que ao longo dos meses iniciais de funcionamento da unidade j&aacute; ser&aacute; providenciada a requalifica&ccedil;&atilde;o para campus pr&oacute;prio. O terreno de dois alqueires onde ser&aacute; instalado o campus ainda est&aacute; em fase de an&aacute;lise pela Prefeitura, que vai doar a &aacute;rea ao IFPR.<\/p>\n","protected":false},"excerpt":{"rendered":"<p>O dia 02 de dezembro de 2011 vai ficar marcado na hist\u00f3ria de Goioer\u00ea como a data de nascimento da primeira escola t\u00e9cnica federal instalada no munic\u00edpio. Por decis\u00e3o da Reitoria do Instituto Federal do Paran\u00e1 (IFPR), o prefeito Beto Costa e o vice-prefeito Jos\u00e9 Torres foram autorizados hoje pela manh\u00e3 a dar sequ\u00eancia no processo para a constru\u00e7\u00e3o da estrutura f\u00edsica que vai abrigar o campus da institui\u00e7\u00e3o.<br \/>\nO deputado federal Zeca Dirceu (PT-PR), que desempenhou papel de destaque nas tratativas para dotar Goioer\u00ea e regi\u00e3o de uma unidade do IFPR, comemorou o an\u00fancio e destacou a import\u00e2ncia da conquista.<\/p>\n","protected":false},"author":1,"featured_media":26854,"comment_status":"open","ping_status":"open","sticky":false,"template":"","format":"standard","meta":{"footnotes":""},"categories":[1],"tags":[6150],"class_list":["post-26855","post","type-post","status-publish","format-standard","has-post-thumbnail","hentry","category-noticias-zeca-dirceu","tag-instituto-federal-de-goioere-inicia-atividades-em-2013"],"_links":{"self":[{"href":"https:\/\/teste.bsb.br\/zeca\/wp-json\/wp\/v2\/posts\/26855","targetHints":{"allow":["GET"]}}],"collection":[{"href":"https:\/\/teste.bsb.br\/zeca\/wp-json\/wp\/v2\/posts"}],"about":[{"href":"https:\/\/teste.bsb.br\/zeca\/wp-json\/wp\/v2\/types\/post"}],"author":[{"embeddable":true,"href":"https:\/\/teste.bsb.br\/zeca\/wp-json\/wp\/v2\/users\/1"}],"replies":[{"embeddable":true,"href":"https:\/\/teste.bsb.br\/zeca\/wp-json\/wp\/v2\/comments?post=26855"}],"version-history":[{"count":0,"href":"https:\/\/teste.bsb.br\/zeca\/wp-json\/wp\/v2\/posts\/26855\/revisions"}],"wp:featuredmedia":[{"embeddable":true,"href":"https:\/\/teste.bsb.br\/zeca\/wp-json\/wp\/v2\/media\/26854"}],"wp:attachment":[{"href":"https:\/\/teste.bsb.br\/zeca\/wp-json\/wp\/v2\/media?parent=26855"}],"wp:term":[{"taxonomy":"category","embeddable":true,"href":"https:\/\/teste.bsb.br\/zeca\/wp-json\/wp\/v2\/categories?post=26855"},{"taxonomy":"post_tag","embeddable":true,"href":"https:\/\/teste.bsb.br\/zeca\/wp-json\/wp\/v2\/tags?post=26855"}],"curies":[{"name":"wp","href":"https:\/\/api.w.org\/{rel}","templated":true}]}}