{"id":26843,"date":"2011-12-04T00:00:00","date_gmt":"2011-12-04T02:00:00","guid":{"rendered":"https:\/\/www.zecadirceu.com.br\/saude-mais-perto-de-voce-relaciona-novas-metas-de-qualidade-para-a-saude-do-pais\/"},"modified":"2011-12-04T00:00:00","modified_gmt":"2011-12-04T02:00:00","slug":"saude-mais-perto-de-voce-relaciona-novas-metas-de-qualidade-para-a-saude-do-pais","status":"publish","type":"post","link":"https:\/\/teste.bsb.br\/zeca\/saude-mais-perto-de-voce-relaciona-novas-metas-de-qualidade-para-a-saude-do-pais\/","title":{"rendered":"\u2018Sa\u00fade Mais Perto de Voc\u00ea\u2019 relaciona novas metas de qualidade para a Sa\u00fade do pa\u00eds"},"content":{"rendered":"<p>Mais de mil gestores, entre prefeitos e governadores, assinaram na ter&ccedil;a-feira (29) o Termo de Compromisso que relaciona uma s&eacute;rie de metas e padr&otilde;es de qualidade que dever&atilde;o cumprir na Aten&ccedil;&atilde;o B&aacute;sica de sua regi&atilde;o. A a&ccedil;&atilde;o faz parte do lan&ccedil;amento da estrat&eacute;gia &ldquo;Sa&uacute;de Mais Perto de Voc&ecirc;&rdquo;. <\/p>\n<p>De in&iacute;cio os gestores que aderiram &agrave; rede de aten&ccedil;&atilde;o, receber&atilde;o 20% a mais dos recursos espec&iacute;ficos para o financiamento do setor &ndash; PAB vari&aacute;vel &#8211; e poder&atilde;o dobrar o incentivo com a qualifica&ccedil;&atilde;o das equipes e dos servi&ccedil;os ofertados &agrave; popula&ccedil;&atilde;o nas UBSs. O deputado Zeca Dirceu esteve presente no lan&ccedil;amento e falou sobre a import&acirc;ncia destes novos incentivos anunciados pelo minist&eacute;rio para a melhoria da qualidade da Aten&ccedil;&atilde;o B&aacute;sica de Sa&uacute;de no Paran&aacute;. Ou&ccedil;a a reportagem.<\/p>\n<p class=\"MsoNormal\"><o:p><\/o:p><\/p>\n","protected":false},"excerpt":{"rendered":"<p>Mais de mil gestores, entre prefeitos e governadores, assinaram na ter\u00e7a-feira (29) o Termo de Compromisso que relaciona uma s\u00e9rie de metas e padr\u00f5es de qualidade que dever\u00e3o cumprir na Aten\u00e7\u00e3o B\u00e1sica de sua regi\u00e3o. A a\u00e7\u00e3o faz parte do lan\u00e7amento da estrat\u00e9gia \u201cSa\u00fade Mais Perto de Voc\u00ea\u201d.<br \/>\nO deputado Zeca Dirceu esteve presente no lan\u00e7amento e falou sobre a import\u00e2ncia destes novos incentivos anunciados pelo minist\u00e9rio para a melhoria da qualidade da Aten\u00e7\u00e3o B\u00e1sica de Sa\u00fade no Paran\u00e1. Ou\u00e7a a reportagem.<\/p>\n","protected":false},"author":1,"featured_media":26842,"comment_status":"open","ping_status":"open","sticky":false,"template":"","format":"standard","meta":{"footnotes":""},"categories":[1],"tags":[6144],"class_list":["post-26843","post","type-post","status-publish","format-standard","has-post-thumbnail","hentry","category-noticias-zeca-dirceu","tag-saude-mais-perto-de-voce-relaciona-novas-metas-de-qualidade-para-a-saude-do-pais"],"_links":{"self":[{"href":"https:\/\/teste.bsb.br\/zeca\/wp-json\/wp\/v2\/posts\/26843","targetHints":{"allow":["GET"]}}],"collection":[{"href":"https:\/\/teste.bsb.br\/zeca\/wp-json\/wp\/v2\/posts"}],"about":[{"href":"https:\/\/teste.bsb.br\/zeca\/wp-json\/wp\/v2\/types\/post"}],"author":[{"embeddable":true,"href":"https:\/\/teste.bsb.br\/zeca\/wp-json\/wp\/v2\/users\/1"}],"replies":[{"embeddable":true,"href":"https:\/\/teste.bsb.br\/zeca\/wp-json\/wp\/v2\/comments?post=26843"}],"version-history":[{"count":0,"href":"https:\/\/teste.bsb.br\/zeca\/wp-json\/wp\/v2\/posts\/26843\/revisions"}],"wp:featuredmedia":[{"embeddable":true,"href":"https:\/\/teste.bsb.br\/zeca\/wp-json\/wp\/v2\/media\/26842"}],"wp:attachment":[{"href":"https:\/\/teste.bsb.br\/zeca\/wp-json\/wp\/v2\/media?parent=26843"}],"wp:term":[{"taxonomy":"category","embeddable":true,"href":"https:\/\/teste.bsb.br\/zeca\/wp-json\/wp\/v2\/categories?post=26843"},{"taxonomy":"post_tag","embeddable":true,"href":"https:\/\/teste.bsb.br\/zeca\/wp-json\/wp\/v2\/tags?post=26843"}],"curies":[{"name":"wp","href":"https:\/\/api.w.org\/{rel}","templated":true}]}}