{"id":26841,"date":"2011-12-04T00:00:00","date_gmt":"2011-12-04T02:00:00","guid":{"rendered":"https:\/\/www.zecadirceu.com.br\/pesar-lula-e-presidenta-dilma-homenageiam-o-jogador-e-militante\/"},"modified":"2011-12-04T00:00:00","modified_gmt":"2011-12-04T02:00:00","slug":"pesar-lula-e-presidenta-dilma-homenageiam-o-jogador-e-militante","status":"publish","type":"post","link":"https:\/\/teste.bsb.br\/zeca\/pesar-lula-e-presidenta-dilma-homenageiam-o-jogador-e-militante\/","title":{"rendered":"Pesar: Lula e presidenta Dilma homenageiam o jogador e militante"},"content":{"rendered":"<p>&nbsp;O ex-presidente Lula e a presidenta Dilma tamb&eacute;m manifestaram em notas de pesar<\/p>\n<p class=\"MsoNormal\" style=\"text-align:justify\"><o:p><\/o:p><\/p>\n<p class=\"MsoNormal\" style=\"text-align:justify\">NOTA &Agrave; IMPRENSA<o:p><\/o:p><\/p>\n<p class=\"MsoNormal\" style=\"text-align: justify; \"><strong>Nota de pesar do ex-presidente Lula &nbsp;pelo falecimento do jogador S&oacute;crates<\/strong><o:p><\/o:p><\/p>\n<p class=\"MsoNormal\" style=\"text-align:justify\">&ldquo;O Doutor S&oacute;crates foi um craque no campo e um grande amigo. Foi um exemplo de cidadania, intelig&ecirc;ncia e consci&ecirc;ncia pol&iacute;tica, al&eacute;m de seu imenso talento como profissional do futebol.<\/p>\n<p class=\"MsoNormal\" style=\"text-align:justify\"><o:p><\/o:p><\/p>\n<p class=\"MsoNormal\" style=\"text-align:justify\">A contribui&ccedil;&atilde;o generosa de S&oacute;crates para o Corinthians, para o futebol e para a sociedade brasileira jamais ser&aacute; esquecida. Neste momento de tristeza, prestamos solidariedade a esposa, familiares e amigos do Doutor.<o:p><\/o:p><\/p>\n<p class=\"MsoNormal\" style=\"text-align:justify\">Luiz In&aacute;cio Lula da Silva, Marisa Let&iacute;cia e familiares&rdquo;<o:p><\/o:p><\/p>\n<p class=\"MsoNormal\" style=\"text-align:justify\"><strong><br \/>\nNota de pesar da presidenta Dilma Rousseff pelo falecimento do jogador S&oacute;crates<\/strong><o:p><\/o:p><\/p>\n<p class=\"MsoNormal\" style=\"text-align:justify\">O Brasil perde um de seus filhos mais queridos, o doutor S&oacute;crates. Nos campos, com seu talento e seus toques sofisticados, foi um g&ecirc;nio do futebol, a ponto de ser considerado o melhor jogador sul-americano de 1983, e ser escolhido pela FIFA, em 2004, como um dos 125 melhores jogadores vivos da hist&oacute;ria. Como jogador do Corinthians, deu muitas alegrias &agrave; torcida.<o:p><\/o:p><\/p>\n<p class=\"MsoNormal\" style=\"text-align:justify\">Al&eacute;m de &iacute;dolo do futebol, S&oacute;crates foi um campe&atilde;o da cidadania. Fora dos campos, nunca se omitiu. Foi um brasileiro atuante politicamente, preocupado com o seu povo e o seu pa&iacute;s. Procurando o bem-estar de seus companheiros, ajudou a implantar um sistema democr&aacute;tico no clube em que atuava. Participou tamb&eacute;m ativamente da campanha pelas Diretas-J&aacute; e de outros momentos importantes da redemocratiza&ccedil;&atilde;o do pa&iacute;s.<o:p><\/o:p><\/p>\n<p class=\"MsoNormal\" style=\"text-align:justify\">Lamento a perda de um grande brasileiro e envio meu abra&ccedil;o solid&aacute;rio a seus parentes, amigos e admiradores.&nbsp; <o:p><\/o:p><\/p>\n<p class=\"MsoNormal\" style=\"margin-bottom:0cm;margin-bottom:.0001pt;text-align:\njustify\">Dilma Rousseff<o:p><\/o:p><\/p>\n<p class=\"MsoNormal\" style=\"margin-bottom:0cm;margin-bottom:.0001pt;text-align:\njustify\">Presidenta da Rep&uacute;blica Federativa do Brasil<o:p><\/o:p><\/p>\n<p class=\"MsoNormal\" style=\"margin-bottom:0cm;margin-bottom:.0001pt;text-align:\njustify\"><o:p>&nbsp;<\/o:p><\/p>\n<p class=\"MsoNormal\" style=\"text-align:justify\">(Apolos Neto e Ricardo Weg &ndash; Portal do PT)<o:p><\/o:p><\/p>\n<p class=\"MsoNormal\" style=\"text-align:justify\"><o:p>&nbsp;<\/o:p><\/p>\n<p class=\"MsoNormal\" style=\"text-align:justify\"><o:p>&nbsp;<\/o:p><\/p>\n","protected":false},"excerpt":{"rendered":"<p>\u201cO Doutor S\u00f3crates foi um craque no campo e um grande amigo. Foi um exemplo de cidadania, intelig\u00eancia e consci\u00eancia pol\u00edtica, al\u00e9m de seu imenso talento como profissional do futebol&#8230;&#8221; Lula<\/p>\n<p>&#8220;Al\u00e9m de \u00eddolo do futebol, S\u00f3crates foi um campe\u00e3o da cidadania. Fora dos campos, nunca se omitiu. Foi um brasileiro atuante politicamente, preocupado com o seu povo e o seu pa\u00eds. Procurando o bem-estar de seus companheiros, ajudou a implantar um sistema democr\u00e1tico no clube em que atuava. Participou tamb\u00e9m ativamente da campanha pelas Diretas-J\u00e1 e de outros momentos importantes da redemocratiza\u00e7\u00e3o do pa\u00eds&#8230;&#8221; presidenta Dilma Rousseff<\/p>\n","protected":false},"author":1,"featured_media":26840,"comment_status":"open","ping_status":"open","sticky":false,"template":"","format":"standard","meta":{"footnotes":""},"categories":[1],"tags":[601,6143,6142],"class_list":["post-26841","post","type-post","status-publish","format-standard","has-post-thumbnail","hentry","category-noticias-zeca-dirceu","tag-dilma","tag-homenageiam-o-jogador-e-militante","tag-pesar-lula"],"_links":{"self":[{"href":"https:\/\/teste.bsb.br\/zeca\/wp-json\/wp\/v2\/posts\/26841","targetHints":{"allow":["GET"]}}],"collection":[{"href":"https:\/\/teste.bsb.br\/zeca\/wp-json\/wp\/v2\/posts"}],"about":[{"href":"https:\/\/teste.bsb.br\/zeca\/wp-json\/wp\/v2\/types\/post"}],"author":[{"embeddable":true,"href":"https:\/\/teste.bsb.br\/zeca\/wp-json\/wp\/v2\/users\/1"}],"replies":[{"embeddable":true,"href":"https:\/\/teste.bsb.br\/zeca\/wp-json\/wp\/v2\/comments?post=26841"}],"version-history":[{"count":0,"href":"https:\/\/teste.bsb.br\/zeca\/wp-json\/wp\/v2\/posts\/26841\/revisions"}],"wp:featuredmedia":[{"embeddable":true,"href":"https:\/\/teste.bsb.br\/zeca\/wp-json\/wp\/v2\/media\/26840"}],"wp:attachment":[{"href":"https:\/\/teste.bsb.br\/zeca\/wp-json\/wp\/v2\/media?parent=26841"}],"wp:term":[{"taxonomy":"category","embeddable":true,"href":"https:\/\/teste.bsb.br\/zeca\/wp-json\/wp\/v2\/categories?post=26841"},{"taxonomy":"post_tag","embeddable":true,"href":"https:\/\/teste.bsb.br\/zeca\/wp-json\/wp\/v2\/tags?post=26841"}],"curies":[{"name":"wp","href":"https:\/\/api.w.org\/{rel}","templated":true}]}}