{"id":26825,"date":"2011-12-05T00:00:00","date_gmt":"2011-12-05T02:00:00","guid":{"rendered":"https:\/\/www.zecadirceu.com.br\/r13205-mil-em-recursos-federais-para-jardim-olinda\/"},"modified":"2011-12-05T00:00:00","modified_gmt":"2011-12-05T02:00:00","slug":"r13205-mil-em-recursos-federais-para-jardim-olinda","status":"publish","type":"post","link":"https:\/\/teste.bsb.br\/zeca\/r13205-mil-em-recursos-federais-para-jardim-olinda\/","title":{"rendered":"R$132,05 mil em recursos federais para Jardim Olinda"},"content":{"rendered":"<p>&nbsp;<span class=\"Apple-style-span\" style=\"font-family: arial, sans-serif; font-size: 13px; \">O munic&iacute;pio de Jardim Olinda tem tr&ecirc;s grandes comemora&ccedil;&otilde;es neste in&iacute;cio de dezembro. Foram aprovados pelos Minist&eacute;rios da Sa&uacute;de e do Turismo projetos e pagamentos, na ordem de R$ 132,05 mil. As tratativas conduzidas pelo deputado federal Zeca Dirceu (PT), aceleraram os desfechos destas aprova&ccedil;&otilde;es comemoradas pelo Governo Municipal. &nbsp;<\/span><\/p>\n<p class=\"MsoNormal\" style=\"margin-top: 0px; margin-right: 0px; margin-bottom: 0px; margin-left: 0px; font-family: arial, sans-serif; font-size: 13px; \">&nbsp;<\/p>\n<p class=\"MsoNormal\" style=\"margin-top: 0px; margin-right: 0px; margin-bottom: 0px; margin-left: 0px; font-family: arial, sans-serif; font-size: 13px; \">O Minist&eacute;rio do Turismo aprovou a primeira parcela do conv&ecirc;nio para a constru&ccedil;&atilde;o do Portal da cidade, no valor de R$ 6,96 mil. A obra, que j&aacute; foi iniciada, tem o valor total de R$146,25 mil. Da &aacute;rea da Sa&uacute;de, o projeto de reforma da Unidade B&aacute;sica de Sa&uacute;de (UBS) foi habilitado pelo Minist&eacute;rio da Sa&uacute;de, esta semana, com recursos direcionados no valor de R$ 125,09 mil, para o munic&iacute;pio.<\/p>\n<p class=\"MsoNormal\" style=\"margin-top: 0px; margin-right: 0px; margin-bottom: 0px; margin-left: 0px; font-family: arial, sans-serif; font-size: 13px; \">&nbsp;<\/p>\n<p class=\"MsoNormal\" style=\"margin-top: 0px; margin-right: 0px; margin-bottom: 0px; margin-left: 0px; font-family: arial, sans-serif; font-size: 13px; \">&ldquo;Durante a campanha eu assumi o compromisso de fazer um mandato municipalista, e tenho lutado diariamente em Bras&iacute;lia para garantir o maior volume poss&iacute;vel de recursos para os munic&iacute;pios&rdquo;, afirmou Zeca Dirceu.<\/p>\n<p class=\"MsoNormal\" style=\"margin-top: 0px; margin-right: 0px; margin-bottom: 0px; margin-left: 0px; font-family: arial, sans-serif; font-size: 13px; \">&nbsp;<\/p>\n<p class=\"MsoNormal\" style=\"margin-top: 0px; margin-right: 0px; margin-bottom: 0px; margin-left: 0px; font-family: arial, sans-serif; font-size: 13px; \">Al&eacute;m disso, o munic&iacute;pio tamb&eacute;m foi selecionado para receber verbas adicionais para a Sa&uacute;de, por meio do Programa Mais Qualidade (PMAQ), do Minist&eacute;rio da Sa&uacute;de. Desta forma, as equipes do Programa Sa&uacute;de da Fam&iacute;lia passar&atilde;o automaticamente a receber 20% a mais de recursos, e ap&oacute;s uma avalia&ccedil;&atilde;o de qualidade, caso cumpram as exig&ecirc;ncias do Minist&eacute;rio, o aporte de verbas pode chegar a 100% de aumento.<\/p>\n<p class=\"MsoNormal\" style=\"margin-top: 0px; margin-right: 0px; margin-bottom: 0px; margin-left: 0px; font-family: arial, sans-serif; font-size: 13px; \">&nbsp;<\/p>\n<p class=\"MsoNormal\" style=\"margin-top: 0px; margin-right: 0px; margin-bottom: 0px; margin-left: 0px; font-family: arial, sans-serif; font-size: 13px; \">&ldquo;A presidenta cumpre seu compromisso ao autorizar o repasse desta verba nova para reforma das unidades de sa&uacute;de. Sem d&uacute;vidas, estes investimentos v&atilde;o melhorar bastante a vida dos cidad&atilde;os&rdquo;, comemorou Zeca Dirceu.<\/p>\n<p class=\"MsoNormal\" style=\"margin-top: 0px; margin-right: 0px; margin-bottom: 0px; margin-left: 0px; font-family: arial, sans-serif; font-size: 13px; \">&nbsp;<\/p>\n<p class=\"MsoNormal\" style=\"margin-top: 0px; margin-right: 0px; margin-bottom: 0px; margin-left: 0px; font-family: arial, sans-serif; font-size: 13px; \">&quot;Sei que com a parceria do deputado Zeca Dirceu podemos acreditar na prosperidade do munic&iacute;pio. Estas s&atilde;o apenas algumas, das muitas conquistas que vir&atilde;o para Jardim Olinda&quot;, ressaltou o prefeito Juraci Paes.&nbsp;<\/p>\n<div>&nbsp;<\/div>\n","protected":false},"excerpt":{"rendered":"<p>O munic\u00edpio de Jardim Olinda tem tr\u00eas grandes comemora\u00e7\u00f5es neste in\u00edcio de dezembro. Foram aprovados pelos Minist\u00e9rios da Sa\u00fade e do Turismo projetos e pagamentos, na ordem de R$ 132,05 mil. As tratativas conduzidas pelo deputado federal Zeca Dirceu (PT), aceleraram os desfechos destas aprova\u00e7\u00f5es comemoradas pelo Governo Municipal.<\/p>\n","protected":false},"author":1,"featured_media":26824,"comment_status":"open","ping_status":"open","sticky":false,"template":"","format":"standard","meta":{"footnotes":""},"categories":[1],"tags":[6134,6133],"class_list":["post-26825","post","type-post","status-publish","format-standard","has-post-thumbnail","hentry","category-noticias-zeca-dirceu","tag-05-mil-em-recursos-federais-para-jardim-olinda","tag-r132"],"_links":{"self":[{"href":"https:\/\/teste.bsb.br\/zeca\/wp-json\/wp\/v2\/posts\/26825","targetHints":{"allow":["GET"]}}],"collection":[{"href":"https:\/\/teste.bsb.br\/zeca\/wp-json\/wp\/v2\/posts"}],"about":[{"href":"https:\/\/teste.bsb.br\/zeca\/wp-json\/wp\/v2\/types\/post"}],"author":[{"embeddable":true,"href":"https:\/\/teste.bsb.br\/zeca\/wp-json\/wp\/v2\/users\/1"}],"replies":[{"embeddable":true,"href":"https:\/\/teste.bsb.br\/zeca\/wp-json\/wp\/v2\/comments?post=26825"}],"version-history":[{"count":0,"href":"https:\/\/teste.bsb.br\/zeca\/wp-json\/wp\/v2\/posts\/26825\/revisions"}],"wp:featuredmedia":[{"embeddable":true,"href":"https:\/\/teste.bsb.br\/zeca\/wp-json\/wp\/v2\/media\/26824"}],"wp:attachment":[{"href":"https:\/\/teste.bsb.br\/zeca\/wp-json\/wp\/v2\/media?parent=26825"}],"wp:term":[{"taxonomy":"category","embeddable":true,"href":"https:\/\/teste.bsb.br\/zeca\/wp-json\/wp\/v2\/categories?post=26825"},{"taxonomy":"post_tag","embeddable":true,"href":"https:\/\/teste.bsb.br\/zeca\/wp-json\/wp\/v2\/tags?post=26825"}],"curies":[{"name":"wp","href":"https:\/\/api.w.org\/{rel}","templated":true}]}}