{"id":26823,"date":"2011-12-05T00:00:00","date_gmt":"2011-12-05T02:00:00","guid":{"rendered":"https:\/\/www.zecadirceu.com.br\/gil-julio-encontra-ministro-da-saude-e-fala-sobre-setor-oncologico-de-paranavai\/"},"modified":"2011-12-05T00:00:00","modified_gmt":"2011-12-05T02:00:00","slug":"gil-julio-encontra-ministro-da-saude-e-fala-sobre-setor-oncologico-de-paranavai","status":"publish","type":"post","link":"https:\/\/teste.bsb.br\/zeca\/gil-julio-encontra-ministro-da-saude-e-fala-sobre-setor-oncologico-de-paranavai\/","title":{"rendered":"Gil J\u00falio encontra Ministro da Sa\u00fade e fala sobre Setor Oncol\u00f3gico de Paranava\u00ed"},"content":{"rendered":"<p>Em audi&ecirc;ncia no Minist&eacute;rio da Sa&uacute;de na &uacute;ltima ter&ccedil;a-feira (29.11), o Secret&aacute;rio de Sa&uacute;de de Paranava&iacute;\/PR, Gild&aacute;rio J&uacute;lio Santos, levou ao conhecimento do ministro Alexandre Padilha o processo referente ao credenciamento do Setor Oncol&oacute;gico do munic&iacute;pio. O secret&aacute;rio pediu aten&ccedil;&atilde;o especial do ministro a este pleito, pois o processo passar&aacute; pelo crivo do minist&eacute;rio. Gild&aacute;rio fez quest&atilde;o de ressaltar ainda a grande necessidade da implanta&ccedil;&atilde;o de um Setor Oncol&oacute;gico em Paranava&iacute;.<\/p>\n<p>O deputado federal Zeca Dirceu (PT-PR), que acompanhou o secret&aacute;rio na audi&ecirc;ncia, refor&ccedil;ou o pedido ao ministro. &quot;Pedi que o processo fosse analisado da maneira mais adequada poss&iacute;vel e busquei sensibilizar o ministro quanto &agrave; necessidade da implanta&ccedil;&atilde;o de uma infraestrutura para tratamento do c&acirc;ncer em Paranava&iacute;&quot;, declarou o parlamentar.<\/p>\n<p>Gild&aacute;rio fez quest&atilde;o de ressaltar ainda a grande necessidade da implanta&ccedil;&atilde;o de um Setor Oncol&oacute;gico em Paranava&iacute;. &quot;Pacientes que precisam de tratamento t&ecirc;m que se deslocar grandes dist&acirc;ncias para se tratar em outros munic&iacute;pios, o que pode acabar agravando o quadro cl&iacute;nico. Por isso, precisamos muito deste credenciamento&quot;, explicou Gild&aacute;rio.<\/p>\n<p>O secret&aacute;rio tamb&eacute;m conversou com t&eacute;cnicos do Departamento de Aten&ccedil;&atilde;o Especializada (DAE) do Minist&eacute;rio da Sa&uacute;de para buscar informa&ccedil;&otilde;es detalhadas sobre os crit&eacute;rios necess&aacute;rios para o credenciamento. <\/p>\n","protected":false},"excerpt":{"rendered":"<p>Em audi\u00eancia no Minist\u00e9rio da Sa\u00fade na \u00faltima ter\u00e7a-feira (29.11), o Secret\u00e1rio de Sa\u00fade de Paranava\u00ed\/PR, Gild\u00e1rio J\u00falio Santos, levou ao conhecimento do ministro Alexandre Padilha o processo referente ao credenciamento do Setor Oncol\u00f3gico do munic\u00edpio.<\/p>\n","protected":false},"author":1,"featured_media":26822,"comment_status":"open","ping_status":"open","sticky":false,"template":"","format":"standard","meta":{"footnotes":""},"categories":[1],"tags":[6132,183,6],"class_list":["post-26823","post","type-post","status-publish","format-standard","has-post-thumbnail","hentry","category-noticias-zeca-dirceu","tag-gil-julio","tag-paranavai","tag-saude"],"_links":{"self":[{"href":"https:\/\/teste.bsb.br\/zeca\/wp-json\/wp\/v2\/posts\/26823","targetHints":{"allow":["GET"]}}],"collection":[{"href":"https:\/\/teste.bsb.br\/zeca\/wp-json\/wp\/v2\/posts"}],"about":[{"href":"https:\/\/teste.bsb.br\/zeca\/wp-json\/wp\/v2\/types\/post"}],"author":[{"embeddable":true,"href":"https:\/\/teste.bsb.br\/zeca\/wp-json\/wp\/v2\/users\/1"}],"replies":[{"embeddable":true,"href":"https:\/\/teste.bsb.br\/zeca\/wp-json\/wp\/v2\/comments?post=26823"}],"version-history":[{"count":0,"href":"https:\/\/teste.bsb.br\/zeca\/wp-json\/wp\/v2\/posts\/26823\/revisions"}],"wp:featuredmedia":[{"embeddable":true,"href":"https:\/\/teste.bsb.br\/zeca\/wp-json\/wp\/v2\/media\/26822"}],"wp:attachment":[{"href":"https:\/\/teste.bsb.br\/zeca\/wp-json\/wp\/v2\/media?parent=26823"}],"wp:term":[{"taxonomy":"category","embeddable":true,"href":"https:\/\/teste.bsb.br\/zeca\/wp-json\/wp\/v2\/categories?post=26823"},{"taxonomy":"post_tag","embeddable":true,"href":"https:\/\/teste.bsb.br\/zeca\/wp-json\/wp\/v2\/tags?post=26823"}],"curies":[{"name":"wp","href":"https:\/\/api.w.org\/{rel}","templated":true}]}}