{"id":26817,"date":"2011-12-05T00:00:00","date_gmt":"2011-12-05T02:00:00","guid":{"rendered":"https:\/\/www.zecadirceu.com.br\/pt-de-douradina-se-mobiliza-em-torno-das-pre-candidaturas-para-eleicoes-2012\/"},"modified":"2011-12-05T00:00:00","modified_gmt":"2011-12-05T02:00:00","slug":"pt-de-douradina-se-mobiliza-em-torno-das-pre-candidaturas-para-eleicoes-2012","status":"publish","type":"post","link":"https:\/\/teste.bsb.br\/zeca\/pt-de-douradina-se-mobiliza-em-torno-das-pre-candidaturas-para-eleicoes-2012\/","title":{"rendered":"PT de Douradina se mobiliza em torno  das pr\u00e9-candidaturas para elei\u00e7\u00f5es 2012"},"content":{"rendered":"<p>O Partido dos Trabalhadores de Douradina est&aacute; se mobilizando para a disputa das elei&ccedil;&otilde;es municipais de 2012, e deixou isto muito claro em recente encontro com o deputado federal Zeca Dirceu (PT-PR). Durante a reuni&atilde;o, o PT apresentou quatro pr&eacute;-candidatos a prefeito: Jos&eacute; Donizeth Martim, Adonias Alves da Costa (Professor Ad&atilde;o) Cleide Balbino da Silva e Nestor Prud&ecirc;ncio dos Santos.<\/p>\n<p class=\"MsoNormal\" style=\"text-align:justify\"><o:p><\/o:p><\/p>\n<p class=\"MsoNormal\" style=\"text-align:justify\">&ldquo;O PT de Douradina est&aacute; de parab&eacute;ns porque vem se organizando, mobilizando as lideran&ccedil;as, e a maior prova disso &eacute; que j&aacute; est&atilde;o apresentados quatro pr&eacute;-candidatos a prefeito e uma chapa de vereadores muito ampla e bastante fortalecida. H&aacute; um clima de mudan&ccedil;a na cidade, e o partido est&aacute; atento a isso&rdquo;, disse o deputado Zeca Dirceu, ap&oacute;s o encontro.<o:p><\/o:p><\/p>\n<p class=\"MsoNormal\" style=\"text-align:justify\">Em r&aacute;pido pronunciamento, o pr&eacute;-candidato Jos&eacute; Donizeth Martim disse que &ldquo;&eacute; um prazer estar filiado ao PT e procurar contribuir com o desenvolvimento de Douradina, principalmente porque temos um deputado que nos orgulha pelo trabalho que vem desempenhando em Bras&iacute;lia&rdquo;. Martim tamb&eacute;m agradeceu o apoio de Zeca Dirceu para a implanta&ccedil;&atilde;o da r&aacute;dio comunit&aacute;ria Dina FM, que completou um ano no ar.<o:p><\/o:p><\/p>\n<p class=\"MsoNormal\" style=\"text-align:justify\">J&aacute; o pr&eacute;-candidato Professor Ad&atilde;o lembrou que toda sua forma&ccedil;&atilde;o pol&iacute;tica aconteceu no PT, e apesar de ter passado quatro anos filiado a outro partido, agora est&aacute; de volta &ldquo;e com muita vontade de ajudar o PT a crescer&rdquo;. &ldquo;Vamos fazer uma disputa sadia dentro do partido, e depois que estiver escolhido o candidato vamos todos nos unir, junto com o povo, para fazer uma Douradina cada vez melhor&rdquo;, afirmou.<o:p><\/o:p><\/p>\n<p class=\"MsoNormal\" style=\"text-align:justify\">Para Cleide Balbino, o PT de Douradina precisa ajudar a fortalecer o trabalho de Zeca Dirceu na C&acirc;mara dos Deputados, &ldquo;que j&aacute; vem despertando a aten&ccedil;&atilde;o de muita gente&rdquo;. &ldquo;O Zeca &eacute; um representante digno da nossa regi&atilde;o, tem planos bons e conhece muito daquilo que est&aacute; fazendo, e para colaborar com este trabalho dele n&oacute;s precisamos aumentar a representatividade do PT de Douradina&rdquo;, defendeu.<o:p><\/o:p><\/p>\n<p class=\"MsoNormal\" style=\"text-align:justify\">Por sua vez, Nestor Prud&ecirc;ncio disse que &eacute; hora de o PT assumir papel de protagonista na cena pol&iacute;tica local. &ldquo;Os pol&iacute;ticos que por aqui passaram j&aacute; fizeram a sua parte, sou filho de Douradina, moro aqui h&aacute; 36 anos e constru&iacute; minha vida em cima de muito trabalho. E quero dizer que estou &agrave; disposi&ccedil;&atilde;o do grupo, precisamos parar de nos esconder, erguer a cabe&ccedil;a e ajudar a melhorar Douradina cada vez mais&rdquo;, afirmou.<o:p><\/o:p><\/p>\n<p class=\"MsoNormal\" style=\"text-align:justify\">A reuni&atilde;o em que foram apresentados os pr&eacute;-candidatos a prefeito do PT contou com a presen&ccedil;a de dezenas de representantes da comunidade douradinense. Tamb&eacute;m marcaram presen&ccedil;a os ex-prefeitos Manoel Ribeiro e Jos&eacute; Gon&ccedil;alves da Silva, v&aacute;rios vereadores e representantes dos partidos PTB, PV e PR.<\/p>\n","protected":false},"excerpt":{"rendered":"<p>O Partido dos Trabalhadores de Douradina est\u00e1 se mobilizando para a disputa das elei\u00e7\u00f5es municipais de 2012, e deixou isto muito claro em recente encontro com o deputado federal Zeca Dirceu (PT-PR). Durante a reuni\u00e3o, o PT apresentou quatro pr\u00e9-candidatos a prefeito: Jos\u00e9 Donizeth Martim, Adonias Alves da Costa (Professor Ad\u00e3o) Cleide Balbino da Silva e Nestor Prud\u00eancio dos Santos.<\/p>\n","protected":false},"author":1,"featured_media":26816,"comment_status":"open","ping_status":"open","sticky":false,"template":"","format":"standard","meta":{"footnotes":""},"categories":[1],"tags":[6130],"class_list":["post-26817","post","type-post","status-publish","format-standard","has-post-thumbnail","hentry","category-noticias-zeca-dirceu","tag-pt-de-douradina-se-mobiliza-em-torno-das-pre-candidaturas-para-eleicoes-2012"],"_links":{"self":[{"href":"https:\/\/teste.bsb.br\/zeca\/wp-json\/wp\/v2\/posts\/26817","targetHints":{"allow":["GET"]}}],"collection":[{"href":"https:\/\/teste.bsb.br\/zeca\/wp-json\/wp\/v2\/posts"}],"about":[{"href":"https:\/\/teste.bsb.br\/zeca\/wp-json\/wp\/v2\/types\/post"}],"author":[{"embeddable":true,"href":"https:\/\/teste.bsb.br\/zeca\/wp-json\/wp\/v2\/users\/1"}],"replies":[{"embeddable":true,"href":"https:\/\/teste.bsb.br\/zeca\/wp-json\/wp\/v2\/comments?post=26817"}],"version-history":[{"count":0,"href":"https:\/\/teste.bsb.br\/zeca\/wp-json\/wp\/v2\/posts\/26817\/revisions"}],"wp:featuredmedia":[{"embeddable":true,"href":"https:\/\/teste.bsb.br\/zeca\/wp-json\/wp\/v2\/media\/26816"}],"wp:attachment":[{"href":"https:\/\/teste.bsb.br\/zeca\/wp-json\/wp\/v2\/media?parent=26817"}],"wp:term":[{"taxonomy":"category","embeddable":true,"href":"https:\/\/teste.bsb.br\/zeca\/wp-json\/wp\/v2\/categories?post=26817"},{"taxonomy":"post_tag","embeddable":true,"href":"https:\/\/teste.bsb.br\/zeca\/wp-json\/wp\/v2\/tags?post=26817"}],"curies":[{"name":"wp","href":"https:\/\/api.w.org\/{rel}","templated":true}]}}