{"id":26801,"date":"2011-12-06T00:00:00","date_gmt":"2011-12-06T02:00:00","guid":{"rendered":"https:\/\/www.zecadirceu.com.br\/atiradores-comemoram-formatura-em-jantar-em-cianorte\/"},"modified":"2011-12-06T00:00:00","modified_gmt":"2011-12-06T02:00:00","slug":"atiradores-comemoram-formatura-em-jantar-em-cianorte","status":"publish","type":"post","link":"https:\/\/teste.bsb.br\/zeca\/atiradores-comemoram-formatura-em-jantar-em-cianorte\/","title":{"rendered":"Atiradores comemoram formatura em jantar, em Cianorte"},"content":{"rendered":"<p>&nbsp;Na noite da &uacute;ltima quinta-feira (01), a turma de atiradores de 2011 realizou um jantar de comemora&ccedil;&atilde;o pela formatura. A festa aconteceu no Centro de Eventos Carlos Yoshito Mori e contou com a presen&ccedil;a de autoridades, familiares e amigos dos reservistas.<\/p>\n<p class=\"MsoNormal\" style=\"text-align:justify\"><o:p><\/o:p><\/p>\n<p class=\"MsoNormal\" style=\"text-align:justify\">Ao abrir a cerim&ocirc;nia, o atirador Vitorino fez um agradecimento a todos aqueles que colaboraram com a turma. Em seguida, foi a vez do chefe de instru&ccedil;&atilde;o, Subtenente Vinicius, tecer seus agradecimentos e homenagear o instrutor Breno, que recebeu a promo&ccedil;&atilde;o de 1&ordm; Sargento para Subtenente. &ldquo;Foi uma promo&ccedil;&atilde;o merecida, j&aacute; que o Breno dedica 23 anos de sua vida ao servi&ccedil;o militar e tem sido exemplo para todos&rdquo;, disse Vinicius.<o:p><\/o:p><\/p>\n<p class=\"MsoNormal\" style=\"text-align:justify\">&ldquo;Estou muito feliz com a promo&ccedil;&atilde;o. &Eacute; o reconhecimento de uma jornada de anos. Trabalhar no ex&eacute;rcito &eacute; muito gratificante. Por isso, sempre incentivamos nossos atiradores a prestar o concurso e seguir carreira militar&rdquo;, afirmou o Subtenente Breno.&nbsp; <o:p><\/o:p><\/p>\n<p class=\"MsoNormal\" style=\"text-align:justify\">O deputado estadual Jonas Guimar&atilde;es comentou sobre a import&acirc;ncia do servi&ccedil;o militar. &ldquo;Estes jovens deixam o Tiro de Guerra transformados e com mais expectativas para o futuro. Aprenderam a respeitar o pa&iacute;s e tamb&eacute;m o pr&oacute;ximo, al&eacute;m do esp&iacute;rito de solidariedade e trabalho em equipe&rdquo;, defendeu.<o:p><\/o:p><\/p>\n<p class=\"MsoNormal\" style=\"text-align:justify\">O prefeito Edno Guimar&atilde;es parabenizou o Subtenente Breno e tamb&eacute;m os atiradores. &ldquo;Cianorte vem crescendo e a forma&ccedil;&atilde;o dos jovens militares acompanha esse desenvolvimento. Como Diretor do Tiro de Guerra, &eacute; sempre uma honra participar dessas comemora&ccedil;&otilde;es. Todos est&atilde;o de parab&eacute;ns pelo trabalho desempenhado neste ano&rdquo;, concluiu.<o:p><\/o:p><\/p>\n<p class=\"MsoNormal\" style=\"text-align:justify\">Tamb&eacute;m participaram o vice-prefeito Jos&eacute; Laguilo, representando a C&acirc;mara Municipal, o vereador Valdomiro Gon&ccedil;alves Pereira; a assessora do deputado federal Zeca Dirceu, Suzy Cardozo; o delegado da 15&ordf; Delegacia de Servi&ccedil;o Militar, Capit&atilde;o Edson; o comandante do Corpo de Bombeiros, Capit&atilde;o Adriano; e o comandante da Pol&iacute;cia Rodovi&aacute;ria, 2&ordm; Sargento Geberson.<o:p><\/o:p><\/p>\n<p class=\"MsoNormal\" style=\"text-align:justify\"><o:p>&nbsp;<\/o:p><\/p>\n<p class=\"MsoNormal\" style=\"text-align:justify\">Fonte: Assessoria de Comunica&ccedil;&atilde;o Social<\/p>\n","protected":false},"excerpt":{"rendered":"<p>Na noite da \u00faltima quinta-feira (01), a turma de atiradores de 2011 realizou um jantar de comemora\u00e7\u00e3o pela formatura. A festa aconteceu no Centro de Eventos Carlos Yoshito Mori e contou com a presen\u00e7a de autoridades, familiares e amigos dos reservistas.<\/p>\n","protected":false},"author":1,"featured_media":26800,"comment_status":"open","ping_status":"open","sticky":false,"template":"","format":"standard","meta":{"footnotes":""},"categories":[1],"tags":[6123],"class_list":["post-26801","post","type-post","status-publish","format-standard","has-post-thumbnail","hentry","category-noticias-zeca-dirceu","tag-atiradores-comemoram-formatura-em-jantar"],"_links":{"self":[{"href":"https:\/\/teste.bsb.br\/zeca\/wp-json\/wp\/v2\/posts\/26801","targetHints":{"allow":["GET"]}}],"collection":[{"href":"https:\/\/teste.bsb.br\/zeca\/wp-json\/wp\/v2\/posts"}],"about":[{"href":"https:\/\/teste.bsb.br\/zeca\/wp-json\/wp\/v2\/types\/post"}],"author":[{"embeddable":true,"href":"https:\/\/teste.bsb.br\/zeca\/wp-json\/wp\/v2\/users\/1"}],"replies":[{"embeddable":true,"href":"https:\/\/teste.bsb.br\/zeca\/wp-json\/wp\/v2\/comments?post=26801"}],"version-history":[{"count":0,"href":"https:\/\/teste.bsb.br\/zeca\/wp-json\/wp\/v2\/posts\/26801\/revisions"}],"wp:featuredmedia":[{"embeddable":true,"href":"https:\/\/teste.bsb.br\/zeca\/wp-json\/wp\/v2\/media\/26800"}],"wp:attachment":[{"href":"https:\/\/teste.bsb.br\/zeca\/wp-json\/wp\/v2\/media?parent=26801"}],"wp:term":[{"taxonomy":"category","embeddable":true,"href":"https:\/\/teste.bsb.br\/zeca\/wp-json\/wp\/v2\/categories?post=26801"},{"taxonomy":"post_tag","embeddable":true,"href":"https:\/\/teste.bsb.br\/zeca\/wp-json\/wp\/v2\/tags?post=26801"}],"curies":[{"name":"wp","href":"https:\/\/api.w.org\/{rel}","templated":true}]}}