{"id":26797,"date":"2011-12-06T00:00:00","date_gmt":"2011-12-06T02:00:00","guid":{"rendered":"https:\/\/www.zecadirceu.com.br\/organizacoes-sociais-podem-assumir-a-saude-do-parana\/"},"modified":"2011-12-06T00:00:00","modified_gmt":"2011-12-06T02:00:00","slug":"organizacoes-sociais-podem-assumir-a-saude-do-parana","status":"publish","type":"post","link":"https:\/\/teste.bsb.br\/zeca\/organizacoes-sociais-podem-assumir-a-saude-do-parana\/","title":{"rendered":"Organiza\u00e7\u00f5es Sociais podem assumir a Sa\u00fade do Paran\u00e1"},"content":{"rendered":"<p class=\"MsoNormal\" style=\"text-align:justify\">Nem o tumulto de manifestantes barrou a vota&ccedil;&atilde;o do projeto de lei n&ordm; 915\/2011, que estabelece a parceria entre o Governo do Paran&aacute; e as chamadas Organiza&ccedil;&otilde;es Sociais (OSs), na Assembleia Legislativa do Paran&aacute;, na tarde desta segunda-feira. O projeto inclui a ger&ecirc;ncia dos servi&ccedil;os p&uacute;blicos de Sa&uacute;de no estado, pelas OSs.<\/p>\n<p class=\"MsoNormal\" style=\"text-align:justify\">A aprova&ccedil;&atilde;o e vota&ccedil;&atilde;o pela maioria esmagadora da base governista, na Assembleia, n&atilde;o deu o direito &agrave; participa&ccedil;&atilde;o popular. A sociedade n&atilde;o foi ouvida, nem questionada, apenas teve que aceitar o projeto imposto pela parte interessada. A era das privatiza&ccedil;&otilde;es no Estado do Paran&aacute; retrocede h&aacute; dez anos, quando assistimos a venda do Banestado, a privatiza&ccedil;&atilde;o das rodovias e a quase venda da Copel.<\/p>\n<p class=\"MsoNormal\" style=\"text-align:justify\">A deputada estadual Luciana Rafagnin (PT), que acompanhou todo o processo da Assembleia, no Paran&aacute;, voltou a defender a realiza&ccedil;&atilde;o de audi&ecirc;ncias p&uacute;blicas para debater as parcerias com as OSs e lembrou que essa &eacute;, tamb&eacute;m, a opini&atilde;o do conselheiro presidente do Tribunal de Contas do Paran&aacute;, Fernando Guimar&atilde;es, e chamou a aten&ccedil;&atilde;o do Governo do Estado. &ldquo;Para demonstrar bom senso e respeito ao povo do Paran&aacute;, o m&iacute;nimo que o governador poderia fazer era chamar uma audi&ecirc;ncia p&uacute;blica&rdquo;, enfatizou a deputada.<\/p>\n<p class=\"MsoNormal\" style=\"text-align:justify\">Este comportamento busca o caminho das terceiriza&ccedil;&otilde;es para o Paran&aacute;, e n&atilde;o demora muito, vem a privatiza&ccedil;&atilde;o. A&iacute; eu questiono a obriga&ccedil;&atilde;o do Estado, que tem a responsabilidade de oferecer &agrave; popula&ccedil;&atilde;o condi&ccedil;&otilde;es de Sa&uacute;de, Educa&ccedil;&atilde;o e Seguran&ccedil;a. E nesta demonstra&ccedil;&atilde;o agilizada para uma resolu&ccedil;&atilde;o desesperada, quem ganha? A popula&ccedil;&atilde;o &eacute; que n&atilde;o. A&iacute; a pergunta sem resposta: para quem ou a quem beneficiar?<\/p>\n<p class=\"MsoNormal\" style=\"text-align:justify\">Alguns pontos do projeto das OSs batem de frente com a Constitui&ccedil;&atilde;o do Estado do Paran&aacute;.&nbsp; O Artigo 39 diz que &ldquo;&eacute; vedada a contrata&ccedil;&atilde;o de servi&ccedil;os de terceiros para a realiza&ccedil;&atilde;o de atividades que possam ser regularmente exercidas por servidores p&uacute;blicos, bem como para cobran&ccedil;a de d&eacute;bitos tribut&aacute;rios do Estado e dos Munic&iacute;pios&rdquo; e o Artigo 43 informa que &ldquo;&eacute; vedada a cess&atilde;o de servidores p&uacute;blicos da administra&ccedil;&atilde;o direta ou indireta do Estado &agrave; empresas ou entidades privadas&rdquo;.<o:p><\/o:p><\/p>\n<p class=\"MsoNormal\" style=\"text-align:justify\">O que visa a presta&ccedil;&atilde;o de servi&ccedil;os na iniciativa privada? Em lucro e rentabilidade. E como ser&aacute; que isso foi analisado pelos que votaram a favor deste projeto? Como ficar&atilde;o as cirurgias, os exames e tantos outros procedimentos?<\/p>\n<p class=\"MsoNormal\" style=\"text-align:justify\">Precisamos estar atentos, por que o Estado assinar&aacute; um contrato e isso ser&aacute; seguido &agrave; risca, e o que vai acontecer quando o que a popula&ccedil;&atilde;o precisar e a solu&ccedil;&atilde;o n&atilde;o estiver em contrato?<\/p>\n<p class=\"MsoNormal\" style=\"text-align:justify\">Pela proposta, o Governo do estado transfere os servi&ccedil;os p&uacute;blicos para as Organiza&ccedil;&otilde;es Sociais, institui&ccedil;&otilde;es privadas. De acordo com o projeto, essas organiza&ccedil;&otilde;es s&oacute; n&atilde;o poder&atilde;o atuar nas &aacute;reas de educa&ccedil;&atilde;o (Ensino Fundamental, M&eacute;dio e Superior) e seguran&ccedil;a p&uacute;blica. Mas, n&atilde;o estabelece entre os requisitos que a institui&ccedil;&atilde;o tenha um determinado tempo de cria&ccedil;&atilde;o, apenas comprovante de experi&ecirc;ncia anterior, que s&oacute; dever&aacute; ser apresentado se assim for exigido.<o:p><\/o:p><\/p>\n<p class=\"MsoNormal\" style=\"text-align:justify\">Conforme o texto do projeto, apresentado pelo Governo Beto Richa, as OS s&atilde;o equiparadas a &oacute;rg&atilde;os e autarquias do Governo Estadual e, desta forma, recebem do Governo do Estado o recurso previsto em or&ccedil;amento. &ldquo;Poder&atilde;o ser cedidos &agrave;s Organiza&ccedil;&otilde;es Sociais, mediante permiss&atilde;o de uso, bens p&uacute;blico im&oacute;veis necess&aacute;rios ao cumprimento do Contrato de Gest&atilde;o (&#8230;)&rdquo;, diz o artigo 19 da mensagem. Ainda de acordo com o projeto, &ldquo;caso haja risco de continuidade nas a&ccedil;&otilde;es pela OS, o estado deve assumir a execu&ccedil;&atilde;o dos servi&ccedil;os&rdquo;.<\/p>\n<p class=\"MsoNormal\" style=\"text-align:justify\">Ou seja, se o processo como um todo naufragar, o Estado simplesmente retoma o servi&ccedil;o e, claro, o preju&iacute;zo ser&aacute; debitado na conta do cidad&atilde;o. F&aacute;cil governar assim, n&atilde;o acham?<\/p>\n","protected":false},"excerpt":{"rendered":"<p>Nem o tumulto de manifestantes barrou a vota\u00e7\u00e3o do projeto de lei n\u00ba 915\/2011, que estabelece a parceria entre o Governo do Paran\u00e1 e as chamadas Organiza\u00e7\u00f5es Sociais (OSs), na Assembleia Legislativa do Paran\u00e1, na tarde desta segunda-feira. O projeto inclui a ger\u00eancia dos servi\u00e7os p\u00fablicos de Sa\u00fade no estado, pelas OSs.<br \/>\nDe acordo com o projeto, \u201ccaso haja risco de continuidade nas a\u00e7\u00f5es pela OS, o estado deve assumir a execu\u00e7\u00e3o dos servi\u00e7os\u201d.<br \/>\nOu seja, se o processo como um todo naufragar, o Estado simplesmente retoma o servi\u00e7o e, claro, o preju\u00edzo ser\u00e1 debitado na conta do cidad\u00e3o. F\u00e1cil governar assim, n\u00e3o acham?<\/p>\n","protected":false},"author":1,"featured_media":26796,"comment_status":"open","ping_status":"open","sticky":false,"template":"","format":"standard","meta":{"footnotes":""},"categories":[1],"tags":[6120],"class_list":["post-26797","post","type-post","status-publish","format-standard","has-post-thumbnail","hentry","category-noticias-zeca-dirceu","tag-organizacoes-sociais-podem-assumir-a-saude-do-parana"],"_links":{"self":[{"href":"https:\/\/teste.bsb.br\/zeca\/wp-json\/wp\/v2\/posts\/26797","targetHints":{"allow":["GET"]}}],"collection":[{"href":"https:\/\/teste.bsb.br\/zeca\/wp-json\/wp\/v2\/posts"}],"about":[{"href":"https:\/\/teste.bsb.br\/zeca\/wp-json\/wp\/v2\/types\/post"}],"author":[{"embeddable":true,"href":"https:\/\/teste.bsb.br\/zeca\/wp-json\/wp\/v2\/users\/1"}],"replies":[{"embeddable":true,"href":"https:\/\/teste.bsb.br\/zeca\/wp-json\/wp\/v2\/comments?post=26797"}],"version-history":[{"count":0,"href":"https:\/\/teste.bsb.br\/zeca\/wp-json\/wp\/v2\/posts\/26797\/revisions"}],"wp:featuredmedia":[{"embeddable":true,"href":"https:\/\/teste.bsb.br\/zeca\/wp-json\/wp\/v2\/media\/26796"}],"wp:attachment":[{"href":"https:\/\/teste.bsb.br\/zeca\/wp-json\/wp\/v2\/media?parent=26797"}],"wp:term":[{"taxonomy":"category","embeddable":true,"href":"https:\/\/teste.bsb.br\/zeca\/wp-json\/wp\/v2\/categories?post=26797"},{"taxonomy":"post_tag","embeddable":true,"href":"https:\/\/teste.bsb.br\/zeca\/wp-json\/wp\/v2\/tags?post=26797"}],"curies":[{"name":"wp","href":"https:\/\/api.w.org\/{rel}","templated":true}]}}