{"id":26795,"date":"2011-12-06T00:00:00","date_gmt":"2011-12-06T02:00:00","guid":{"rendered":"https:\/\/www.zecadirceu.com.br\/richa-desconhece-o-dialogo\/"},"modified":"2011-12-06T00:00:00","modified_gmt":"2011-12-06T02:00:00","slug":"richa-desconhece-o-dialogo","status":"publish","type":"post","link":"https:\/\/teste.bsb.br\/zeca\/richa-desconhece-o-dialogo\/","title":{"rendered":"Richa desconhece o di\u00e1logo"},"content":{"rendered":"<p class=\"MsoNormal\" style=\"text-align:justify\">A gest&atilde;o de Beto Richa (PSDB) gosta muito de dizer que o &ldquo;di&aacute;logo &eacute; a marca deste governo&rdquo;, mas essa &eacute; s&oacute; uma frase de efeito. Al&eacute;m de conversar de forma amistosa com outros governantes, como a presidente Dilma Rousseff e ministros, o tucano s&oacute; se deu ao trabalho de falar diretamente com seus aliados, com empres&aacute;rios e concession&aacute;rias de ped&aacute;gio. Faltou o mais importante: dialogar com o cidad&atilde;o e com a sociedade civil organizada.<o:p><\/o:p><\/p>\n<p class=\"MsoNormal\" style=\"text-align:justify\">O tratamento dispensado pelo tucano &agrave; iniciativa privada foi muito melhor do que o praticado pelo antecessor, Roberto Requi&atilde;o (PMDB). E isso &eacute; &oacute;timo, desde que o interesse p&uacute;blico seja sempre o fio condutor dessas conversas.<o:p><\/o:p><\/p>\n<p class=\"MsoNormal\" style=\"text-align:justify\">O cidad&atilde;o se mostra satisfeito com o governo, e Richa &eacute; bem avaliado pela popula&ccedil;&atilde;o. Mas as pessoas nem sabem o motivo disso. Em uma pesquisa divulgada pela Gazeta do Povo em 12 de setembro, 63% n&atilde;o sabiam citar uma realiza&ccedil;&atilde;o do governador. De l&aacute; para c&aacute;, uma das &ldquo;realiza&ccedil;&otilde;es&rdquo; que gerou mais repercuss&atilde;o &ndash; pelo menos entre os leitores deste jornal &ndash; foi o tarifa&ccedil;o do Detran, que elevou em at&eacute; 271% os valores das taxas pagas pelos motoristas.<o:p><\/o:p><\/p>\n<p class=\"MsoNormal\" style=\"text-align:justify\">O argumento para defender esse aumento foi que o dinheiro extra seria aplicado em seguran&ccedil;a. Quem disse isso foram os deputados aliados, pois Richa n&atilde;o fala dos projetos em tr&acirc;mite na Assembleia. S&oacute; os encaminha com pedido de urg&ecirc;ncia e age para que sejam votados o mais r&aacute;pido poss&iacute;vel.<o:p><\/o:p><\/p>\n<p class=\"MsoNormal\" style=\"text-align:justify\">Isso aconteceu com o projeto do tarifa&ccedil;o do Detran. O governador encaminhou a mensagem no dia 31 de outubro. Em 7 de novembro o projeto foi aprovado. Nesta semana a oposi&ccedil;&atilde;o questionou o valor destinado &agrave; seguran&ccedil;a p&uacute;blica em 2012. N&atilde;o se sabe ao certo, pois o governo n&atilde;o fala a respeito.<o:p><\/o:p><\/p>\n<p class=\"MsoNormal\" style=\"text-align:justify\"><o:p>&nbsp;<\/o:p><\/p>\n<p class=\"MsoNormal\" style=\"text-align:justify\">Organiza&ccedil;&otilde;es sociais<o:p><\/o:p><\/p>\n<p class=\"MsoNormal\" style=\"text-align:justify\">No dia 23 deste m&ecirc;s, o governo encaminhou &agrave; Assembleia outro projeto pol&ecirc;mico, que repassa a organiza&ccedil;&otilde;es n&atilde;o governamentais a gest&atilde;o de alguns servi&ccedil;os p&uacute;blicos, como os de sa&uacute;de, cultura, assist&ecirc;ncia social e esportes. Somente ficam de fora educa&ccedil;&atilde;o e seguran&ccedil;a.<o:p><\/o:p><\/p>\n<p class=\"MsoNormal\" style=\"text-align:justify\">Este &eacute; um assunto bastante complexo. Fora o fato de as ONGs estarem no meio de nove de cada dez esc&acirc;ndalos pol&iacute;ticos do pa&iacute;s, a terceiriza&ccedil;&atilde;o de servi&ccedil;os p&uacute;blicos precisa ser debatida com profundidade. Especialistas dizem que o repasse da gest&atilde;o a organiza&ccedil;&otilde;es sociais (OSs) t&ecirc;m pontos positivos, mas os contratos precisam ser bem amarrados, para evitar desperd&iacute;cio do dinheiro p&uacute;blico. A fiscaliza&ccedil;&atilde;o tamb&eacute;m &eacute; pe&ccedil;a-chave nesse modelo.<o:p><\/o:p><\/p>\n<p class=\"MsoNormal\" style=\"text-align:justify\">Apesar dessa complexidade, Richa n&atilde;o quer falar sobre o projeto. A tentativa foi de aprov&aacute;-lo em tempo recorde, em seis dias. A oposi&ccedil;&atilde;o conseguiu evitar a vota&ccedil;&atilde;o na &uacute;ltima ter&ccedil;a-feira. Mas, certamente, o texto ser&aacute; aprovado pela ampla maioria que o governador tem na Casa.<o:p><\/o:p><\/p>\n<p class=\"MsoNormal\" style=\"text-align:justify\">Tudo bem que o governo se valha de sua base para aprovar os projetos de seu interesse. Mas &eacute; muita prepot&ecirc;ncia achar que o texto n&atilde;o poderia ser melhorado com sugest&otilde;es colhidas em uma audi&ecirc;ncia p&uacute;blica, por exemplo. O Minist&eacute;rio P&uacute;blico, representantes de conselhos de cultura e sa&uacute;de, entre tantos outros, poderiam dar contribui&ccedil;&otilde;es valiosas.<o:p><\/o:p><\/p>\n<p class=\"MsoNormal\" style=\"text-align:justify\">Na verdade, Richa segue a mesma cartilha que qualquer governador. Quer pressa para resolver assuntos que possam causar repercuss&atilde;o negativa. No caso das OSs, entretanto, o tucano exagerou. A Assembleia do Rio de Janeiro aprovou uma lei semelhante em 13 de setembro. O texto foi encaminhado com regime de urg&ecirc;ncia, mas ficou em discuss&atilde;o por 29 dias. Houve muito tumulto e resist&ecirc;ncia de servidores, mas isso n&atilde;o foi desculpa para acelerar a tramita&ccedil;&atilde;o. Em Santa Catarina, foram 157 dias de discuss&atilde;o em 2004.<o:p><\/o:p><\/p>\n<p class=\"MsoNormal\" style=\"text-align:justify\">Dialogar, segundo o dicion&aacute;rio, &eacute; trocar opini&otilde;es, &ldquo;com altern&acirc;ncia dos pap&eacute;is de falante e ouvinte&rdquo;. Ou o governo para de falar que preza pelo di&aacute;logo ou, com humildade e grandeza, d&aacute; voz &agrave; sociedade.<o:p><\/o:p><\/p>\n<p class=\"MsoNormal\" style=\"text-align:justify\">Rosana F&eacute;lix &ndash; Gazeta do Povo<\/p>\n","protected":false},"excerpt":{"rendered":"<p>O jornal Gazeta do Povo traz um artigo, da colunista Rosana F\u00e9lix, sobre a gest\u00e3o de Beto Richa (PSDB). Nele a colunista ressalta que o governador gosta muito de dizer que o \u201cdi\u00e1logo \u00e9 a marca deste governo\u201d. Mas ser\u00e1?<br \/>\nOu como diz a colunista: essa \u00e9 s\u00f3 uma frase de efeito. Leiam na \u00edntegra.<\/p>\n","protected":false},"author":1,"featured_media":26794,"comment_status":"open","ping_status":"open","sticky":false,"template":"","format":"standard","meta":{"footnotes":""},"categories":[1],"tags":[6119],"class_list":["post-26795","post","type-post","status-publish","format-standard","has-post-thumbnail","hentry","category-noticias-zeca-dirceu","tag-richa-desconhece-o-dialogo"],"_links":{"self":[{"href":"https:\/\/teste.bsb.br\/zeca\/wp-json\/wp\/v2\/posts\/26795","targetHints":{"allow":["GET"]}}],"collection":[{"href":"https:\/\/teste.bsb.br\/zeca\/wp-json\/wp\/v2\/posts"}],"about":[{"href":"https:\/\/teste.bsb.br\/zeca\/wp-json\/wp\/v2\/types\/post"}],"author":[{"embeddable":true,"href":"https:\/\/teste.bsb.br\/zeca\/wp-json\/wp\/v2\/users\/1"}],"replies":[{"embeddable":true,"href":"https:\/\/teste.bsb.br\/zeca\/wp-json\/wp\/v2\/comments?post=26795"}],"version-history":[{"count":0,"href":"https:\/\/teste.bsb.br\/zeca\/wp-json\/wp\/v2\/posts\/26795\/revisions"}],"wp:featuredmedia":[{"embeddable":true,"href":"https:\/\/teste.bsb.br\/zeca\/wp-json\/wp\/v2\/media\/26794"}],"wp:attachment":[{"href":"https:\/\/teste.bsb.br\/zeca\/wp-json\/wp\/v2\/media?parent=26795"}],"wp:term":[{"taxonomy":"category","embeddable":true,"href":"https:\/\/teste.bsb.br\/zeca\/wp-json\/wp\/v2\/categories?post=26795"},{"taxonomy":"post_tag","embeddable":true,"href":"https:\/\/teste.bsb.br\/zeca\/wp-json\/wp\/v2\/tags?post=26795"}],"curies":[{"name":"wp","href":"https:\/\/api.w.org\/{rel}","templated":true}]}}