{"id":26793,"date":"2011-12-07T00:00:00","date_gmt":"2011-12-07T02:00:00","guid":{"rendered":"https:\/\/www.zecadirceu.com.br\/inauguracao-de-galeria-reune-petistas-que-fizeram-historia-do-pt-na-camara\/"},"modified":"2011-12-07T00:00:00","modified_gmt":"2011-12-07T02:00:00","slug":"inauguracao-de-galeria-reune-petistas-que-fizeram-historia-do-pt-na-camara","status":"publish","type":"post","link":"https:\/\/teste.bsb.br\/zeca\/inauguracao-de-galeria-reune-petistas-que-fizeram-historia-do-pt-na-camara\/","title":{"rendered":"Inaugura\u00e7\u00e3o de galeria re\u00fane petistas que fizeram hist\u00f3ria do PT na C\u00e2mara"},"content":{"rendered":"<p>A inaugura&ccedil;&atilde;o da Galeria dos ex-l&iacute;deres da Bancada do PT na C&acirc;mara, hoje, foi marcada por muita emo&ccedil;&atilde;o. O reencontro de petistas hist&oacute;ricos transformou-se em uma grande festa de confraterniza&ccedil;&atilde;o. O atual l&iacute;der da bancada, deputado Paulo Teixeira (SP), destacou que vivia um momento hist&oacute;rico e que a bancada petista nestes 30 anos &ldquo;fez brilhar a estrela do partido&rdquo;.<\/p>\n<p>Ele afirmou que a galeria era um homenagem aos deputados e deputadas que desde a primeira bancada na C&acirc;mara trabalharam firme para ajudar na realiza&ccedil;&atilde;o do sonho de um Brasil melhor, mais democr&aacute;tico e mais&nbsp; justo socialmente.<\/p>\n<p>Paulo Teixeira relembrou in&uacute;meras &ldquo;batalhas&rdquo; travadas com sucesso pela Bancada e pelo Partido dos Trabalhadores. &ldquo;Lutamos contra a ditadura, contra a proposta de bipartidarismo e, com&nbsp; intelig&ecirc;ncia, fomos em dire&ccedil;&atilde;o oposta, nos unimos aos movimentos sociais, religiosos e sindicais&rdquo;, afirmou o l&iacute;der, lembrando que, naquele per&iacute;odo, o grande l&iacute;der desse processo foi o ex-presidente Luiz In&aacute;cio Lula da Silva. Foi nesse per&iacute;odo tamb&eacute;m, enfatizou Paulo Teixeira, que foi fundado o PT.<\/p>\n<p>No resgate hist&oacute;rico da bancada, o l&iacute;der citou ainda a luta pelas Diretas J&aacute;, pela Constituinte livre e soberana. Paulo Teixeira citou ainda a luta contra&nbsp; o neoliberalismo do governo Fernando Henrique Cardoso e contra a sua pol&iacute;tica de privatiza&ccedil;&atilde;o. &ldquo;Preparamos um novo tempo, elegemos o presidente Lula, pagamos o FMI e passamos pela dif&iacute;cil transi&ccedil;&atilde;o de ser oposi&ccedil;&atilde;o para ser governo e estamos fazendo um Brasil melhor, com pleno emprego, com redu&ccedil;&atilde;o das desigualdades regionais, vencemos a crise financeira internacional de 2009, as crian&ccedil;as est&atilde;o na escola, o povo tem acesso a moradia, temos sal&aacute;rios mais dignos e as floresta est&atilde;o sendo preservadas&rdquo;, citou.<\/p>\n<p>O deputado Fernando Ferro (PT-PE), que ocupou a lideran&ccedil;a da bancada antes do atual l&iacute;der, enfatizou que poderia resumir o partido e a bancada na frase de um frevo pernambucano: &ldquo;N&oacute;s somos madeira de lei e cupim n&atilde;o r&oacute;i&rdquo;, disse Ferro, citando verso da can&ccedil;&atilde;o &ldquo;Madeira do Rosarinho&rdquo;, de Capiba.<\/p>\n<p><strong>Resgate<\/strong> &ndash; O ex-l&iacute;der petista e atual assessor especial do ministro da Integra&ccedil;&atilde;o, Jos&eacute; Machado, autor da ideia de fazer a galeria, falou de maneira emocionada que a homenagem era um resgate da hist&oacute;ria das pessoas &ldquo;que colocaram suas vidas a servi&ccedil;o de um ideal&rdquo;. &ldquo;Um partido como o PT n&atilde;o pode esquecer o papel daqueles que tiveram responsabilidade especificas&rdquo;, acrescentou Machado.<\/p>\n<p>O ex-l&iacute;der Maur&iacute;cio Rands enfatizou que a galeria &eacute; o reconhecimento pol&iacute;tico de todos aqueles que contribu&iacute;ram com o povo brasileiro.<\/p>\n<p><strong>Emo&ccedil;&atilde;o<\/strong> &ndash; Foi tamb&eacute;m um momento de muito emo&ccedil;&atilde;o a homenagem que a bancada fez ao assessor especial Athos Pereira, que est&aacute; na Lideran&ccedil;a desde a primeira bancada, em 1980. Prestes a se aposentar, Athos foi saudado pela sua grande contribui&ccedil;&atilde;o &agrave; Bancada. O ex-l&iacute;der e ex-presidente da C&acirc;mara, deputado Arlindo Chinaglia (PT-SP), chegou a brincar que, mesmo sem ter voto, Athos foi o respons&aacute;vel por fazer quatro l&iacute;deres: Vladimir Palmeira (RJ), Jos&eacute; Fortunatti (RS), Jaques Wagner (BA) e Sandra Starling (MG).<\/p>\n<p>Participaram ainda do evento, que teve como mestres de cerim&ocirc;nia o deputado Jo&atilde;o Paulo Lima (PT-PE) e a deputada Benedita da Silva (PT-RJ), os ex-l&iacute;deres e atual ministros Aloizio Mercadante (Ci&ecirc;ncia, Tecnologia e Inova&ccedil;&atilde;o) e Luiz S&eacute;rgio (Pesca). O primeiro l&iacute;der da bancada, em 1980, Adhemar Santillo, tamb&eacute;m esteve no evento, acompanhado do segundo l&iacute;der petista, Airton Soares. <\/p>\n<p>Tamb&eacute;m recebeu homenagem o ex-l&iacute;der da bancada e atual l&iacute;der do governo na C&acirc;mara, deputado C&acirc;ndido Vaccarezza (PT-SP). Quem entregou seu certificado foi o atual l&iacute;der do PMDB na C&acirc;mara, deputado Eduardo Henrique Alves (RN). &ldquo;Aprendi a fazer um pouquinho de oposi&ccedil;&atilde;o com essa bancada combativa&rdquo;, afirmou.<\/p>\n<p>Fonte: Portal do PT na C&acirc;mara<\/p>\n","protected":false},"excerpt":{"rendered":"<p>A inaugura\u00e7\u00e3o da Galeria dos ex-l\u00edderes da Bancada do PT na C\u00e2mara, hoje, foi marcada por muita emo\u00e7\u00e3o. O reencontro de petistas hist\u00f3ricos transformou-se em uma grande festa de confraterniza\u00e7\u00e3o.<\/p>\n","protected":false},"author":1,"featured_media":26792,"comment_status":"open","ping_status":"open","sticky":false,"template":"","format":"standard","meta":{"footnotes":""},"categories":[1],"tags":[6118],"class_list":["post-26793","post","type-post","status-publish","format-standard","has-post-thumbnail","hentry","category-noticias-zeca-dirceu","tag-galeria-lideres"],"_links":{"self":[{"href":"https:\/\/teste.bsb.br\/zeca\/wp-json\/wp\/v2\/posts\/26793","targetHints":{"allow":["GET"]}}],"collection":[{"href":"https:\/\/teste.bsb.br\/zeca\/wp-json\/wp\/v2\/posts"}],"about":[{"href":"https:\/\/teste.bsb.br\/zeca\/wp-json\/wp\/v2\/types\/post"}],"author":[{"embeddable":true,"href":"https:\/\/teste.bsb.br\/zeca\/wp-json\/wp\/v2\/users\/1"}],"replies":[{"embeddable":true,"href":"https:\/\/teste.bsb.br\/zeca\/wp-json\/wp\/v2\/comments?post=26793"}],"version-history":[{"count":0,"href":"https:\/\/teste.bsb.br\/zeca\/wp-json\/wp\/v2\/posts\/26793\/revisions"}],"wp:featuredmedia":[{"embeddable":true,"href":"https:\/\/teste.bsb.br\/zeca\/wp-json\/wp\/v2\/media\/26792"}],"wp:attachment":[{"href":"https:\/\/teste.bsb.br\/zeca\/wp-json\/wp\/v2\/media?parent=26793"}],"wp:term":[{"taxonomy":"category","embeddable":true,"href":"https:\/\/teste.bsb.br\/zeca\/wp-json\/wp\/v2\/categories?post=26793"},{"taxonomy":"post_tag","embeddable":true,"href":"https:\/\/teste.bsb.br\/zeca\/wp-json\/wp\/v2\/tags?post=26793"}],"curies":[{"name":"wp","href":"https:\/\/api.w.org\/{rel}","templated":true}]}}