{"id":26791,"date":"2011-12-07T00:00:00","date_gmt":"2011-12-07T02:00:00","guid":{"rendered":"https:\/\/www.zecadirceu.com.br\/pt-se-reunira-com-populacao-de-umuarama-para-tracar-estrategias-de-melhoria\/"},"modified":"2011-12-07T00:00:00","modified_gmt":"2011-12-07T02:00:00","slug":"pt-se-reunira-com-populacao-de-umuarama-para-tracar-estrategias-de-melhoria","status":"publish","type":"post","link":"https:\/\/teste.bsb.br\/zeca\/pt-se-reunira-com-populacao-de-umuarama-para-tracar-estrategias-de-melhoria\/","title":{"rendered":"PT se reunir\u00e1 com popula\u00e7\u00e3o de Umuarama para tra\u00e7ar estrat\u00e9gias de melhoria"},"content":{"rendered":"<p>O Partido dos Trabalhadores (PT) de Umuarama come&ccedil;a nesta semana a realizar uma s&eacute;rie de reuni&otilde;es para discutir e ampliar as estrat&eacute;gias pol&iacute;ticas para as elei&ccedil;&otilde;es de 2012.&nbsp; A comitiva do partido ir&aacute; percorrer, em dias marcados, as regi&otilde;es da cidade para ouvir a popula&ccedil;&atilde;o.<\/p>\n<p class=\"MsoNormal\" style=\"text-align:justify\">Os encontros ser&atilde;o abertos a sociedade de Umuarama e acende a discuss&atilde;o com participa&ccedil;&atilde;o popular, para preparar um planejamento para os pr&oacute;ximos anos da cidade, que ter&aacute; como base as propostas apresentadas pela popula&ccedil;&atilde;o. &ldquo;A inten&ccedil;&atilde;o &eacute; retratarmos as principais urg&ecirc;ncias do munic&iacute;pio na vis&atilde;o popular&rdquo;, ressaltou o presidente do PT em Umuarama, F&aacute;bio Padilha.<\/p>\n<p class=\"MsoNormal\" style=\"text-align:justify\">&ldquo;Fica o convite a todos os umuarenses, que venha, participe, colabore, d&ecirc; sugest&otilde;es para que a cidade se torne um lugar cada vez melhor para se viver&rdquo;, finalizou F&aacute;bio Padilha.<\/p>\n<p class=\"MsoNormal\" style=\"text-align:justify\">O deputado federal Zeca Dirceu confirmou presen&ccedil;a neste primeiro encontro e j&aacute; se programa para as demais reuni&otilde;es. &ldquo;Estes encontros ir&atilde;o marcar uma nova era para a cidade de Umuarama. Quando decidi mudar de domic&iacute;lio eleitoral foi para fortalecer o PT na cidade. Venham e participem&rdquo; enfatizou o parlamentar.&nbsp;<\/p>\n<p class=\"MsoNormal\" style=\"margin-bottom:0cm;margin-bottom:.0001pt;text-align:\njustify\"><b>I Encontro<o:p><\/o:p><\/b><\/p>\n<p class=\"MsoNormal\" style=\"margin-bottom:0cm;margin-bottom:.0001pt;text-align:\njustify\">Bairro: Alto S&atilde;o Francisco<\/p>\n<p class=\"MsoNormal\" style=\"margin-bottom:0cm;margin-bottom:.0001pt;text-align:\njustify\">Data: 08 de dezembro<\/p>\n<p class=\"MsoNormal\" style=\"margin-bottom:0cm;margin-bottom:.0001pt;text-align:\njustify\">Hor&aacute;rio: 19h30<\/p>\n<p class=\"MsoNormal\" style=\"margin-bottom:0cm;margin-bottom:.0001pt;text-align:\njustify\">Local: Sindicato dos Contabilistas &ndash; Rua Cor&aacute;, 2632 (ao lado da caixa da &aacute;gua da Sanepar)<\/p>\n<p class=\"MsoNormal\" style=\"margin-bottom:0cm;margin-bottom:.0001pt;text-align:\njustify\"><o:p>&nbsp;<\/o:p><\/p>\n","protected":false},"excerpt":{"rendered":"<p>O Partido dos Trabalhadores (PT) de Umuarama come\u00e7a nesta semana a realizar uma s\u00e9rie de reuni\u00f5es para discutir e ampliar as estrat\u00e9gias pol\u00edticas para as elei\u00e7\u00f5es de 2012. A inten\u00e7\u00e3o \u00e9 ouvir a popula\u00e7\u00e3o e retratar as urg\u00eancias na vis\u00e3o do cidad\u00e3o. A comitiva do partido ir\u00e1 percorrer, em dias marcados, as regi\u00f5es da cidade. O deputado federal Zeca Dirceu estar\u00e1 presente, neste primeiro encontro.<\/p>\n","protected":false},"author":1,"featured_media":26790,"comment_status":"open","ping_status":"open","sticky":false,"template":"","format":"standard","meta":{"footnotes":""},"categories":[1],"tags":[6117],"class_list":["post-26791","post","type-post","status-publish","format-standard","has-post-thumbnail","hentry","category-noticias-zeca-dirceu","tag-pt-se-reunira-com-populacao-de-umuarama-para-tracar-estrategias-de-melhoria"],"_links":{"self":[{"href":"https:\/\/teste.bsb.br\/zeca\/wp-json\/wp\/v2\/posts\/26791","targetHints":{"allow":["GET"]}}],"collection":[{"href":"https:\/\/teste.bsb.br\/zeca\/wp-json\/wp\/v2\/posts"}],"about":[{"href":"https:\/\/teste.bsb.br\/zeca\/wp-json\/wp\/v2\/types\/post"}],"author":[{"embeddable":true,"href":"https:\/\/teste.bsb.br\/zeca\/wp-json\/wp\/v2\/users\/1"}],"replies":[{"embeddable":true,"href":"https:\/\/teste.bsb.br\/zeca\/wp-json\/wp\/v2\/comments?post=26791"}],"version-history":[{"count":0,"href":"https:\/\/teste.bsb.br\/zeca\/wp-json\/wp\/v2\/posts\/26791\/revisions"}],"wp:featuredmedia":[{"embeddable":true,"href":"https:\/\/teste.bsb.br\/zeca\/wp-json\/wp\/v2\/media\/26790"}],"wp:attachment":[{"href":"https:\/\/teste.bsb.br\/zeca\/wp-json\/wp\/v2\/media?parent=26791"}],"wp:term":[{"taxonomy":"category","embeddable":true,"href":"https:\/\/teste.bsb.br\/zeca\/wp-json\/wp\/v2\/categories?post=26791"},{"taxonomy":"post_tag","embeddable":true,"href":"https:\/\/teste.bsb.br\/zeca\/wp-json\/wp\/v2\/tags?post=26791"}],"curies":[{"name":"wp","href":"https:\/\/api.w.org\/{rel}","templated":true}]}}