{"id":26787,"date":"2011-12-07T00:00:00","date_gmt":"2011-12-07T02:00:00","guid":{"rendered":"https:\/\/www.zecadirceu.com.br\/regiao-de-umuarama-ganha-20-novos-agentes-de-defesa-civil\/"},"modified":"2011-12-07T00:00:00","modified_gmt":"2011-12-07T02:00:00","slug":"regiao-de-umuarama-ganha-20-novos-agentes-de-defesa-civil","status":"publish","type":"post","link":"https:\/\/teste.bsb.br\/zeca\/regiao-de-umuarama-ganha-20-novos-agentes-de-defesa-civil\/","title":{"rendered":"Regi\u00e3o de Umuarama ganha 20 novos agentes de Defesa Civil"},"content":{"rendered":"<p>Na manh&atilde; desta ter&ccedil;a-feira, 20 novos agentes de Defesa Civil receberam seus certificados de conclus&atilde;o de curso, organizado pela unidade do Corpo de Bombeiros de Umuarama. A solenidade aconteceu na sede do 6&ordm; Subgrupamento de Bombeiros Independente, reunindo o prefeito de Cafezal, Marco Bog&aacute;s, o capit&atilde;o subcomandante da PM local, Silvio Pereira da Silva, o major comandante do 6&ordm; SGBI, Carlos Alberto de Oliveira, outras autoridades e familiares dos formandos.<\/p>\n<p class=\"MsoNormal\" style=\"text-align:justify\"><o:p><\/o:p><\/p>\n<p class=\"MsoNormal\" style=\"text-align:justify\">Os novos agentes da Defesa Civil participaram durante os &uacute;ltimos meses de um treinamento intensivo sobre primeiros socorros, combate a inc&ecirc;ndios florestais, residenciais e em empresas, atendimento em casos de estiagens, entre outros servi&ccedil;os. Os formandos ir&atilde;o atuar nas unidades dos Bombeiros Comunit&aacute;rios de Alt&ocirc;nia, Ipor&atilde;, Cruzeiro do Oeste e Cafezal do Sul. A unidade de Cafezal dever&aacute; ser inaugurada em breve.<o:p><\/o:p><\/p>\n<p class=\"MsoNormal\" style=\"text-align:justify\">O prefeito de Cafezal, Marco Bog&aacute;s, destaca a parceria com a administra&ccedil;&atilde;o, o Corpo de Bombeiros e o Estado, para a implanta&ccedil;&atilde;o da Defesa Civil no munic&iacute;pio. Segundo ele, os novos profissionais, a partir de agora, est&atilde;o preparados para prestar socorro em casos emergenciais e ajudar na seguran&ccedil;a da cidade.<o:p><\/o:p><\/p>\n<p class=\"MsoNormal\" style=\"text-align:justify\">O curso teve 276 horas-aulas te&oacute;ricas e pr&aacute;ticas, com est&aacute;gio supervisionado de atendimento a ocorr&ecirc;ncias. Conforme explica o capit&atilde;o Oliveira, o Bombeiro Comunit&aacute;rio foi criado em v&aacute;rios munic&iacute;pios do Estado, com a finalidade de fazer o trabalho do Corpo de Bombeiros, no combate e preven&ccedil;&atilde;o a inc&ecirc;ndios, atendimentos pr&eacute;-hospitalares e demais atividades da Defesa Civil, que &eacute; supervisionada por um bombeiro militar.<o:p><\/o:p><\/p>\n<p class=\"MsoNormal\" style=\"text-align:justify\"><b>Defesa Civil<o:p><\/o:p><\/b><\/p>\n<p class=\"MsoNormal\" style=\"text-align:justify\">Defesa Civil &eacute; a participa&ccedil;&atilde;o da comunidade na defesa da pr&oacute;pria comunidade. &Eacute; o conjunto de medidas permanentes que visam evitar, prevenir ou minimizar as consequ&ecirc;ncias dos eventos desastrosos e a socorrer e assistir as popula&ccedil;&otilde;es atingidas, preservando seu moral, limitando os riscos de perdas materiais e restabelecendo o bem-estar social. Atua adotando medidas preventivas, de socorro, assistenciais e recuperativas. Atua tanto em situa&ccedil;&atilde;o de normalidade, quanto de anormalidade &ndash; situa&ccedil;&atilde;o de emerg&ecirc;ncia ou estado de calamidade p&uacute;blica. Objetivo &eacute; evitar ou minimizar consequ&ecirc;ncias danosas, restabelecer o moral da popula&ccedil;&atilde;o e o bem-estar social.<o:p><\/o:p><\/p>\n<p class=\"MsoNormal\" style=\"text-align:justify\">No Estado do Paran&aacute;, a Defesa Civil foi criada em 29 de dezembro de 1972.<\/p>\n<p class=\"MsoNormal\" style=\"text-align:justify\"><o:p>&nbsp;<\/o:p><\/p>\n<p class=\"MsoNormal\" style=\"text-align:justify\">Ilustrado<o:p><\/o:p><\/p>\n<p class=\"MsoNormal\" style=\"text-align:justify\"><o:p>&nbsp;<\/o:p><\/p>\n","protected":false},"excerpt":{"rendered":"<p>Na manh\u00e3 desta ter\u00e7a-feira, 20 novos agentes de Defesa Civil receberam seus certificados de conclus\u00e3o de curso, organizado pela unidade do Corpo de Bombeiros de Umuarama. A solenidade aconteceu na sede do 6\u00ba Subgrupamento de Bombeiros Independente, reunindo o prefeito de Cafezal, Marco Bog\u00e1s, o capit\u00e3o subcomandante da PM local, Silvio Pereira da Silva, o major comandante do 6\u00ba SGBI, Carlos Alberto de Oliveira, outras autoridades e familiares dos formandos.<\/p>\n","protected":false},"author":1,"featured_media":26786,"comment_status":"open","ping_status":"open","sticky":false,"template":"","format":"standard","meta":{"footnotes":""},"categories":[1],"tags":[6115],"class_list":["post-26787","post","type-post","status-publish","format-standard","has-post-thumbnail","hentry","category-noticias-zeca-dirceu","tag-regiao-ganha-20-novos-agentes-de-defesa-civil"],"_links":{"self":[{"href":"https:\/\/teste.bsb.br\/zeca\/wp-json\/wp\/v2\/posts\/26787","targetHints":{"allow":["GET"]}}],"collection":[{"href":"https:\/\/teste.bsb.br\/zeca\/wp-json\/wp\/v2\/posts"}],"about":[{"href":"https:\/\/teste.bsb.br\/zeca\/wp-json\/wp\/v2\/types\/post"}],"author":[{"embeddable":true,"href":"https:\/\/teste.bsb.br\/zeca\/wp-json\/wp\/v2\/users\/1"}],"replies":[{"embeddable":true,"href":"https:\/\/teste.bsb.br\/zeca\/wp-json\/wp\/v2\/comments?post=26787"}],"version-history":[{"count":0,"href":"https:\/\/teste.bsb.br\/zeca\/wp-json\/wp\/v2\/posts\/26787\/revisions"}],"wp:featuredmedia":[{"embeddable":true,"href":"https:\/\/teste.bsb.br\/zeca\/wp-json\/wp\/v2\/media\/26786"}],"wp:attachment":[{"href":"https:\/\/teste.bsb.br\/zeca\/wp-json\/wp\/v2\/media?parent=26787"}],"wp:term":[{"taxonomy":"category","embeddable":true,"href":"https:\/\/teste.bsb.br\/zeca\/wp-json\/wp\/v2\/categories?post=26787"},{"taxonomy":"post_tag","embeddable":true,"href":"https:\/\/teste.bsb.br\/zeca\/wp-json\/wp\/v2\/tags?post=26787"}],"curies":[{"name":"wp","href":"https:\/\/api.w.org\/{rel}","templated":true}]}}