{"id":26781,"date":"2011-12-07T00:00:00","date_gmt":"2011-12-07T02:00:00","guid":{"rendered":"https:\/\/www.zecadirceu.com.br\/funcionaria-e-demitida-por-participar-de-protesto\/"},"modified":"2011-12-07T00:00:00","modified_gmt":"2011-12-07T02:00:00","slug":"funcionaria-e-demitida-por-participar-de-protesto","status":"publish","type":"post","link":"https:\/\/teste.bsb.br\/zeca\/funcionaria-e-demitida-por-participar-de-protesto\/","title":{"rendered":"Funcion\u00e1ria \u00e9 demitida por participar de protesto"},"content":{"rendered":"<p>&nbsp;&ldquo;Os que participaram ser&atilde;o sumariamente demitidos. Servidor tem que dar o exemplo&rdquo;<\/p>\n<p class=\"MsoNormal\" style=\"text-align:justify\"><o:p><\/o:p><\/p>\n<p class=\"MsoNormal\" style=\"text-align:justify\">O presidente da Assembleia Legislativa, Valdir Rossoni (PSDB), anunciou ontem a demiss&atilde;o de Amanda Jaqueline Teixeira do cargo de confian&ccedil;a da Comiss&atilde;o do Mercosul, por supostamente ter participado da manifesta&ccedil;&atilde;o que resultou na invas&atilde;o do plen&aacute;rio da Casa na v&eacute;spera. Segundo Rossoni, a demiss&atilde;o foi decidida pela Mesa Executiva que considerou que a servidora teria incorrido na &ldquo;pr&aacute;tica de conduta incompat&iacute;vel com o exerc&iacute;cio da fun&ccedil;&atilde;o p&uacute;blica&rdquo;. <o:p><\/o:p><\/p>\n<p class=\"MsoNormal\" style=\"text-align:justify\">O tucano afirmou ainda que a Casa vai analisar as imagens da sess&atilde;o para verificar se outros servidores da Assembleia participaram da manifesta&ccedil;&atilde;o, o que pode levar a novas demiss&otilde;es. &ldquo;Os que participaram ser&atilde;o sumariamente demitidos. Servidor tem que dar o exemplo&rdquo;, disse, anunciando ainda que eles ser&atilde;o denunciados ao Minist&eacute;rio P&uacute;blico. <o:p><\/o:p><\/p>\n<p class=\"MsoNormal\" style=\"text-align:justify\">Segundo informa&ccedil;&otilde;es da Assembleia, Amanda teria sido indicada para o cargo pelo deputado Jos&eacute; Aparecido Lemos (PT). Ele afirmou ter tido conhecimento da demiss&atilde;o pela imprensa e disse que n&atilde;o teve tempo de conversar com a servidora. Lemos negou ter articulado a invas&atilde;o do plen&aacute;rio, como alguns parlamentares governistas chegaram a acusar. &ldquo;N&atilde;o contribu&iacute; para que ningu&eacute;m entrasse no plen&aacute;rio. O funcion&aacute;rio tem que assumir as conseq&uuml;&ecirc;ncias dos seus atos&rdquo;, disse, afirmando, por&eacute;m, que n&atilde;o se deve &ldquo;pegar ningu&eacute;m como bode expiat&oacute;rio&rdquo;. Segundo Lemos, Amanda deve responder um processo administrativo, quando ter&aacute; oportunidade de se defendr. &ldquo;N&atilde;o d&aacute; para dizer que n&atilde;o teve falha. Mas &eacute; preciso cuidado para n&atilde;o exagerar&rdquo;, disse. <o:p><\/o:p><\/p>\n<p class=\"MsoNormal\" style=\"text-align:justify\">O l&iacute;der da oposi&ccedil;&atilde;o, &Ecirc;nio Verri (PT), considerou a demiss&atilde;o exagerada, e disse que vai conversar com Rossoni para tentar revert&ecirc;-la. &ldquo;N&atilde;o &eacute; adequado nem democr&aacute;tico. O debate pol&iacute;tico &agrave;s vezes h&aacute; excessos&rdquo;, avaliou. <o:p><\/o:p><\/p>\n<p class=\"MsoNormal\" style=\"text-align:justify\">Al&eacute;m da amea&ccedil;a verbal e f&iacute;sica aos parlamentares, a atitude de pessoas ligadas a deputados do PT, segundo Praczyk, envolvidos na confus&atilde;o e at&eacute; incitando &agrave; viol&ecirc;ncia, inclusive contra os seguran&ccedil;as da Casa, &eacute; algo que precisa ser avaliado com muito crit&eacute;rio, pois alguns funcion&aacute;rios lotados em gabinetes &ldquo;participaram ativamente dos atos de vandalismo e amea&ccedil;as, al&eacute;m de incita&ccedil;&atilde;o &agrave; viol&ecirc;ncia durante o tumulto&rdquo;.<o:p><\/o:p><\/p>\n<p class=\"MsoNormal\" style=\"text-align:justify\">Presidente do Conselho de &Eacute;tica da Assembleia, o deputado Edson Praczyk (PRB) criticou, sem citar nomes, &ldquo;a atitude de pessoas ligadas a deputados do PT, envolvidos na confus&atilde;o e at&eacute; incitando &agrave; viol&ecirc;ncia, inclusive contra os seguran&ccedil;as da Casa&rdquo;. O presidente da Assembleia, por&eacute;m, descartou o envolvimento de deputados na invas&atilde;o. &ldquo;Acho que houve erro de funcion&aacute;rios, mas da parte dos deputados tive o apoio de todos&rdquo;, garantiu.<\/p>\n<p class=\"MsoNormal\" style=\"text-align:justify\">Ivan Santos &ndash; Portal Bem Paran&aacute;<\/p>\n","protected":false},"excerpt":{"rendered":"<p>Um novo fato chama, mais uma vez, a aten\u00e7\u00e3o na Assembleia Legislativa do Paran\u00e1, depois de prevalecer \u00e0 aprova\u00e7\u00e3o do projeto de lei n\u00ba 915\/2011, que estabelece a parceria entre o Governo do Paran\u00e1 e as chamadas Organiza\u00e7\u00f5es Sociais (OSs), pela  base governista do estado, o presidente da Assembleia, Valdir Rossoni, toma uma atitude, no m\u00ednimo exagerada, ao demitir uma funcion\u00e1ria por participa\u00e7\u00e3o na manifesta\u00e7\u00e3o contr\u00e1ria a aprova\u00e7\u00e3o da lei, na segunda-feira \u00e0 tarde. O site Bem Paran\u00e1 traz a reportagem e fala da atitude do presidente Rossoni, que mais uma vez fez predominar \u00e0 falta de opini\u00e3o popular. Acompanhe a reportagem.<\/p>\n","protected":false},"author":1,"featured_media":26780,"comment_status":"open","ping_status":"open","sticky":false,"template":"","format":"standard","meta":{"footnotes":""},"categories":[1],"tags":[6113],"class_list":["post-26781","post","type-post","status-publish","format-standard","has-post-thumbnail","hentry","category-noticias-zeca-dirceu","tag-funcionaria-e-demitida-por-participar-de-protesto"],"_links":{"self":[{"href":"https:\/\/teste.bsb.br\/zeca\/wp-json\/wp\/v2\/posts\/26781","targetHints":{"allow":["GET"]}}],"collection":[{"href":"https:\/\/teste.bsb.br\/zeca\/wp-json\/wp\/v2\/posts"}],"about":[{"href":"https:\/\/teste.bsb.br\/zeca\/wp-json\/wp\/v2\/types\/post"}],"author":[{"embeddable":true,"href":"https:\/\/teste.bsb.br\/zeca\/wp-json\/wp\/v2\/users\/1"}],"replies":[{"embeddable":true,"href":"https:\/\/teste.bsb.br\/zeca\/wp-json\/wp\/v2\/comments?post=26781"}],"version-history":[{"count":0,"href":"https:\/\/teste.bsb.br\/zeca\/wp-json\/wp\/v2\/posts\/26781\/revisions"}],"wp:featuredmedia":[{"embeddable":true,"href":"https:\/\/teste.bsb.br\/zeca\/wp-json\/wp\/v2\/media\/26780"}],"wp:attachment":[{"href":"https:\/\/teste.bsb.br\/zeca\/wp-json\/wp\/v2\/media?parent=26781"}],"wp:term":[{"taxonomy":"category","embeddable":true,"href":"https:\/\/teste.bsb.br\/zeca\/wp-json\/wp\/v2\/categories?post=26781"},{"taxonomy":"post_tag","embeddable":true,"href":"https:\/\/teste.bsb.br\/zeca\/wp-json\/wp\/v2\/tags?post=26781"}],"curies":[{"name":"wp","href":"https:\/\/api.w.org\/{rel}","templated":true}]}}