{"id":26761,"date":"2011-12-08T00:00:00","date_gmt":"2011-12-08T02:00:00","guid":{"rendered":"https:\/\/www.zecadirceu.com.br\/professores-e-policiais-serao-qualificados-para-atuar-nas-escolas\/"},"modified":"2011-12-08T00:00:00","modified_gmt":"2011-12-08T02:00:00","slug":"professores-e-policiais-serao-qualificados-para-atuar-nas-escolas","status":"publish","type":"post","link":"https:\/\/teste.bsb.br\/zeca\/professores-e-policiais-serao-qualificados-para-atuar-nas-escolas\/","title":{"rendered":"Professores e policiais ser\u00e3o qualificados para atuar nas escolas"},"content":{"rendered":"<p class=\"MsoNormal\">O Programa de Preven&ccedil;&atilde;o do Uso de Drogas na Escola capacitar&aacute; 210 mil educadores e 3,3 mil policiais militares do Programa Educacional de Resist&ecirc;ncia &agrave;s Drogas (Proerd), para preven&ccedil;&atilde;o em 42 mil escolas p&uacute;blicas. Estima-se que ser&atilde;o beneficiados 2,8 milh&otilde;es de alunos por ano. J&aacute; o Programa de Preven&ccedil;&atilde;o na Comunidade prev&ecirc; capacita&ccedil;&atilde;o tamb&eacute;m de 170 mil l&iacute;deres comunit&aacute;rios at&eacute; 2014.<o:p><\/o:p><\/p>\n<p class=\"MsoNormal\">Os atuais 49 Centros de Regionais de Refer&ecirc;ncia &#8211; que funcionam junto a institui&ccedil;&otilde;es p&uacute;blicas de ensino superior &#8211; ser&atilde;o ampliados para 65 e oferecer&atilde;o 122 mil vagas para forma&ccedil;&atilde;o permanente de profissionais de sa&uacute;de, assist&ecirc;ncia social, justi&ccedil;a e seguran&ccedil;a p&uacute;blica. <o:p><\/o:p><\/p>\n<p class=\"MsoNormal\">Nos pr&oacute;ximos anos, ser&atilde;o oferecidas 250 mil vagas em cursos a dist&acirc;ncia para l&iacute;deres comunit&aacute;rios, conselheiros municipais, profissionais de sa&uacute;de e assist&ecirc;ncia social e operadores de direito.<o:p><\/o:p><\/p>\n<p class=\"MsoNormal\">Popula&ccedil;&atilde;o receber&aacute; orienta&ccedil;&otilde;es por campanhas e servi&ccedil;os telef&ocirc;nicos e on line<o:p><\/o:p><\/p>\n<p class=\"MsoNormal\">O plano contra o Crack e outras drogas prev&ecirc; campanhas espec&iacute;ficas para informar, orientar e prevenir a popula&ccedil;&atilde;o sobre o uso do crack e de outras drogas, nos meios de comunica&ccedil;&atilde;o. <o:p><\/o:p><\/p>\n<p class=\"MsoNormal\">O servi&ccedil;o de atendimento telef&ocirc;nico gratuito de orienta&ccedil;&atilde;o e informa&ccedil;&atilde;o sobre drogas VivaVoz passar&aacute; de 0800 para o n&uacute;mero de tr&ecirc;s d&iacute;gitos 132, para facilitar o acesso do cidad&atilde;o.<\/p>\n<p style=\"margin-top: 0px; margin-right: 0px; margin-bottom: 0px; margin-left: 0px; padding-top: 0px; padding-right: 0px; padding-bottom: 18px; padding-left: 0px; border-top-width: 0px; border-right-width: 0px; border-bottom-width: 0px; border-left-width: 0px; border-style: initial; border-color: initial; outline-width: 0px; outline-style: initial; outline-color: initial; vertical-align: baseline; background-image: initial; background-attachment: initial; background-origin: initial; background-clip: initial; font: normal normal normal 1.3em\/normal Arial, Helvetica, sans-serif; color: rgb(40, 49, 48); line-height: 17px; \"><span class=\"Apple-style-span\" style=\"color: rgb(0, 0, 0); font-family: Arial, Verdana, sans-serif; font-size: 12px; line-height: normal; \">E o<\/span>&nbsp;<a class=\"external-link first-child last-child\" href=\"http:\/\/www.brasil.gov.br\/enfrentandoocrack\" target=\"_blank\" style=\"margin-top: 0px; margin-right: 0px; margin-bottom: 0px; margin-left: 0px; padding-top: 0px; padding-right: 12px; padding-bottom: 0px; padding-left: 0px; border-top-width: 0px; border-right-width: 0px; border-bottom-width: 0px; border-left-width: 0px; border-style: initial; border-color: initial; outline-width: 0px; outline-style: initial; outline-color: initial; vertical-align: baseline; background-image: url(http:\/\/www.secom.gov.br\/portal_css\/Secom\/bg\/linkExterno.gif); background-attachment: initial; background-origin: initial; background-clip: initial; background-color: initial; color: rgb(23, 67, 155); background-position: 100% 50%; background-repeat: no-repeat no-repeat; \">Portal Enfrentando o Crack&nbsp;<\/a>&nbsp;<span class=\"Apple-style-span\" style=\"color: rgb(0, 0, 0); font-family: Arial, Verdana, sans-serif; font-size: 12px; line-height: normal; \">re&uacute;ne as informa&ccedil;&otilde;es sobre o tema.<\/p>\n<p>Secom<br type=\"_moz\" \/><br \/>\n<\/span><\/p>\n","protected":false},"excerpt":{"rendered":"<p>O Programa de Preven\u00e7\u00e3o do Uso de Drogas na Escola capacitar\u00e1 210 mil educadores e 3,3 mil policiais militares do Programa Educacional de Resist\u00eancia \u00e0s Drogas (Proerd), para preven\u00e7\u00e3o em 42 mil escolas p\u00fablicas. Estima-se que ser\u00e3o beneficiados 2,8 milh\u00f5es de alunos por ano. J\u00e1 o Programa de Preven\u00e7\u00e3o na Comunidade prev\u00ea capacita\u00e7\u00e3o tamb\u00e9m de 170 mil l\u00edderes comunit\u00e1rios at\u00e9 2014.<\/p>\n","protected":false},"author":1,"featured_media":26760,"comment_status":"open","ping_status":"open","sticky":false,"template":"","format":"standard","meta":{"footnotes":""},"categories":[1],"tags":[6103],"class_list":["post-26761","post","type-post","status-publish","format-standard","has-post-thumbnail","hentry","category-noticias-zeca-dirceu","tag-professores-e-policiais-serao-qualificados-para-atuar-nas-escolas"],"_links":{"self":[{"href":"https:\/\/teste.bsb.br\/zeca\/wp-json\/wp\/v2\/posts\/26761","targetHints":{"allow":["GET"]}}],"collection":[{"href":"https:\/\/teste.bsb.br\/zeca\/wp-json\/wp\/v2\/posts"}],"about":[{"href":"https:\/\/teste.bsb.br\/zeca\/wp-json\/wp\/v2\/types\/post"}],"author":[{"embeddable":true,"href":"https:\/\/teste.bsb.br\/zeca\/wp-json\/wp\/v2\/users\/1"}],"replies":[{"embeddable":true,"href":"https:\/\/teste.bsb.br\/zeca\/wp-json\/wp\/v2\/comments?post=26761"}],"version-history":[{"count":0,"href":"https:\/\/teste.bsb.br\/zeca\/wp-json\/wp\/v2\/posts\/26761\/revisions"}],"wp:featuredmedia":[{"embeddable":true,"href":"https:\/\/teste.bsb.br\/zeca\/wp-json\/wp\/v2\/media\/26760"}],"wp:attachment":[{"href":"https:\/\/teste.bsb.br\/zeca\/wp-json\/wp\/v2\/media?parent=26761"}],"wp:term":[{"taxonomy":"category","embeddable":true,"href":"https:\/\/teste.bsb.br\/zeca\/wp-json\/wp\/v2\/categories?post=26761"},{"taxonomy":"post_tag","embeddable":true,"href":"https:\/\/teste.bsb.br\/zeca\/wp-json\/wp\/v2\/tags?post=26761"}],"curies":[{"name":"wp","href":"https:\/\/api.w.org\/{rel}","templated":true}]}}