{"id":26755,"date":"2011-12-09T00:00:00","date_gmt":"2011-12-09T02:00:00","guid":{"rendered":"https:\/\/www.zecadirceu.com.br\/acesso-a-registro-de-nascimento-aumenta-no-brasil\/"},"modified":"2011-12-09T00:00:00","modified_gmt":"2011-12-09T02:00:00","slug":"acesso-a-registro-de-nascimento-aumenta-no-brasil","status":"publish","type":"post","link":"https:\/\/teste.bsb.br\/zeca\/acesso-a-registro-de-nascimento-aumenta-no-brasil\/","title":{"rendered":"Acesso a registro de nascimento aumenta no Brasil"},"content":{"rendered":"<p>&nbsp;O sub-registro das crian&ccedil;as brasileiras diminuiu nos &uacute;ltimos dez anos. A propor&ccedil;&atilde;o de crian&ccedil;as n&atilde;o registradas era de 23% em 2001 e baixou para 6,6% em 2010. Nos dois anos, foram 2,7 milh&otilde;es de nascimento. A avalia&ccedil;&atilde;o considerou o per&iacute;odo para sub-registros o n&uacute;mero de nascimentos ocorridos no ano e n&atilde;o registrados at&eacute; o primeiro trimestre do ano seguinte. Os dados s&atilde;o do Instituto Brasileiro de Geografia e Estat&iacute;stica (IBGE).<\/p>\n<p class=\"MsoNormal\"><o:p><\/o:p><\/p>\n<p class=\"MsoNormal\">O Pa&iacute;s est&aacute; pr&oacute;ximo de alcan&ccedil;ar o &iacute;ndice de erradica&ccedil;&atilde;o de sub-registro de nascimento, que &eacute; de 5%, conforme meta das Organiza&ccedil;&otilde;es das Na&ccedil;&otilde;es Unidas (ONU). O objetivo do governo federal &eacute; atingir at&eacute; 2012 o padr&atilde;o estabelecido pela ONU para crian&ccedil;as at&eacute; 1 ano de idade. <o:p><\/o:p><\/p>\n<p class=\"MsoNormal\">Uma das estrat&eacute;gias para chegar ao &iacute;ndice &eacute; a Campanha de Mobiliza&ccedil;&atilde;o Nacional pela Certid&atilde;o de Nascimento e Documenta&ccedil;&atilde;o B&aacute;sica 2011, lan&ccedil;ada na &uacute;ltima quarta-feira (7), pela Secretaria de Direitos Humanos da Presid&ecirc;ncia da Rep&uacute;blica (SDH\/PR), com pe&ccedil;as de divulga&ccedil;&atilde;o que incluem materiais audiovisuais, como filme, cartaz, folder e spot de r&aacute;dio.<o:p><\/o:p><\/p>\n<p class=\"MsoNormal\">O Minist&eacute;rio da Sa&uacute;de gratifica as unidades de assist&ecirc;ncia &agrave; sa&uacute;de que estimulem as fam&iacute;lias a registrarem os filhos antes da alta hospitalar da m&atilde;e. <o:p><\/o:p><\/p>\n<p class=\"MsoNormal\">Mutir&otilde;es &#8211; Tamb&eacute;m foram realizados, pela SDH, 1.104 mutir&otilde;es de documenta&ccedil;&atilde;o desde 2009, o que fez diminuir o n&uacute;mero de registros fora do prazo legal.<o:p><\/o:p><\/p>\n<p class=\"MsoNormal\">Outro fator que pode contribuir para alcan&ccedil;ar o &iacute;ndice de erradica&ccedil;&atilde;o &eacute; a solicita&ccedil;&atilde;o do registro de nascimento pelos programas de assist&ecirc;ncia social e de transfer&ecirc;ncia de renda, como o Bolsa Fam&iacute;lia. <o:p><\/o:p><\/p>\n<p class=\"MsoNormal\">Pr&ecirc;mio homenageia defesa dos direitos humanos <o:p><\/o:p><\/p>\n<p class=\"MsoNormal\">Pessoas e entidades que se destacaram na defesa, promo&ccedil;&atilde;o e no enfrentamento e combate &agrave;s viola&ccedil;&otilde;es dos direitos humanos no Pa&iacute;s ser&atilde;o homenageadas nesta sexta-feira (9). O Pr&ecirc;mio Direitos Humanos &eacute; a mais alta condecora&ccedil;&atilde;o do governo brasileiro a este tipo de atua&ccedil;&atilde;o.&nbsp; Neste ano, foram inclu&iacute;das tr&ecirc;s novas categorias: Centros de Refer&ecirc;ncia em Direitos Humanos, Garantia dos Direitos da Popula&ccedil;&atilde;o em Situa&ccedil;&atilde;o de Rua e Diversidade Religiosa. A cerim&ocirc;nia de entrega da 17&ordf; edi&ccedil;&atilde;o do pr&ecirc;mio ocorre por ocasi&atilde;o do Dia Internacional dos Direitos Humanos, celebrado em 10 de dezembro, anivers&aacute;rio da Declara&ccedil;&atilde;o Universal dos Direitos Humanos.<\/p>\n<p>Secom<\/p>\n","protected":false},"excerpt":{"rendered":"<p>O sub-registro das crian\u00e7as brasileiras diminuiu nos \u00faltimos dez anos. A propor\u00e7\u00e3o de crian\u00e7as n\u00e3o registradas era de 23% em 2001 e baixou para 6,6% em 2010. Nos dois anos, foram 2,7 milh\u00f5es de nascimento. A avalia\u00e7\u00e3o considerou o per\u00edodo para sub-registros o n\u00famero de nascimentos ocorridos no ano e n\u00e3o registrados at\u00e9 o primeiro trimestre do ano seguinte. Os dados s\u00e3o do Instituto Brasileiro de Geografia e Estat\u00edstica (IBGE).<\/p>\n","protected":false},"author":1,"featured_media":26754,"comment_status":"open","ping_status":"open","sticky":false,"template":"","format":"standard","meta":{"footnotes":""},"categories":[1],"tags":[6099],"class_list":["post-26755","post","type-post","status-publish","format-standard","has-post-thumbnail","hentry","category-noticias-zeca-dirceu","tag-acesso-a-registro-de-nascimento-aumenta-no-brasil"],"_links":{"self":[{"href":"https:\/\/teste.bsb.br\/zeca\/wp-json\/wp\/v2\/posts\/26755","targetHints":{"allow":["GET"]}}],"collection":[{"href":"https:\/\/teste.bsb.br\/zeca\/wp-json\/wp\/v2\/posts"}],"about":[{"href":"https:\/\/teste.bsb.br\/zeca\/wp-json\/wp\/v2\/types\/post"}],"author":[{"embeddable":true,"href":"https:\/\/teste.bsb.br\/zeca\/wp-json\/wp\/v2\/users\/1"}],"replies":[{"embeddable":true,"href":"https:\/\/teste.bsb.br\/zeca\/wp-json\/wp\/v2\/comments?post=26755"}],"version-history":[{"count":0,"href":"https:\/\/teste.bsb.br\/zeca\/wp-json\/wp\/v2\/posts\/26755\/revisions"}],"wp:featuredmedia":[{"embeddable":true,"href":"https:\/\/teste.bsb.br\/zeca\/wp-json\/wp\/v2\/media\/26754"}],"wp:attachment":[{"href":"https:\/\/teste.bsb.br\/zeca\/wp-json\/wp\/v2\/media?parent=26755"}],"wp:term":[{"taxonomy":"category","embeddable":true,"href":"https:\/\/teste.bsb.br\/zeca\/wp-json\/wp\/v2\/categories?post=26755"},{"taxonomy":"post_tag","embeddable":true,"href":"https:\/\/teste.bsb.br\/zeca\/wp-json\/wp\/v2\/tags?post=26755"}],"curies":[{"name":"wp","href":"https:\/\/api.w.org\/{rel}","templated":true}]}}