{"id":26753,"date":"2011-12-09T00:00:00","date_gmt":"2011-12-09T02:00:00","guid":{"rendered":"https:\/\/www.zecadirceu.com.br\/novo-aviso-de-habilitacao-para-fms-e-tvs-educativas\/"},"modified":"2011-12-09T00:00:00","modified_gmt":"2011-12-09T02:00:00","slug":"novo-aviso-de-habilitacao-para-fms-e-tvs-educativas","status":"publish","type":"post","link":"https:\/\/teste.bsb.br\/zeca\/novo-aviso-de-habilitacao-para-fms-e-tvs-educativas\/","title":{"rendered":"Novo aviso de habilita\u00e7\u00e3o para FMs e TVs educativas"},"content":{"rendered":"<p>&nbsp;Um novo aviso de habilita&ccedil;&atilde;o para r&aacute;dios e TVs educativas vai beneficiar 30 munic&iacute;pios brasileiros com FMs e outras 11 cidades com emissoras de TV. O terceiro aviso de habilita&ccedil;&atilde;o do Plano Nacional de Outorgas de Radiodifus&atilde;o Educativa foi publicado pelo Minist&eacute;rio das Comunica&ccedil;&otilde;es no Di&aacute;rio Oficial da Uni&atilde;o de quinta-feira (8). <\/p>\n<p>Podem participar do processo para prestar o servi&ccedil;o de radiodifus&atilde;o educativa estados, munic&iacute;pios e universidades p&uacute;blicas, al&eacute;m de funda&ccedil;&otilde;es de direito privado e institui&ccedil;&otilde;es de educa&ccedil;&atilde;o superior mantidas pela iniciativa privada. <\/p>\n<p>As 30 cidades que v&atilde;o receber FMs educativas est&atilde;o no Amazonas, Bahia, Maranh&atilde;o, Minas Gerais, Mato Grosso, Par&aacute;, Paran&aacute;, Rio de Janeiro, Rio Grande do Sul, Santa Catarina, Sergipe e S&atilde;o Paulo. J&aacute; as 11 TVs educativas ser&atilde;o distribu&iacute;das para Bahia, Cear&aacute;, Goi&aacute;s, Minas Gerais, Paran&aacute; e S&atilde;o Paulo. O prazo para inscri&ccedil;&atilde;o &eacute; de 60 dias e a documenta&ccedil;&atilde;o deve ser enviada para a Delegacia Regional do minist&eacute;rio em S&atilde;o Paulo.&nbsp;<\/p>\n<p style=\"margin-top: 0px; margin-right: 0px; margin-bottom: 0px; margin-left: 0px; padding-top: 0px; padding-right: 0px; padding-bottom: 18px; padding-left: 0px; border-top-width: 0px; border-right-width: 0px; border-bottom-width: 0px; border-left-width: 0px; border-style: initial; border-color: initial; outline-width: 0px; outline-style: initial; outline-color: initial; vertical-align: baseline; background-image: initial; background-attachment: initial; background-origin: initial; background-clip: initial; font: normal normal normal 1.3em\/normal Arial, Helvetica, sans-serif; color: rgb(40, 49, 48); line-height: 17px; \">\nClique&nbsp;<a class=\"external-link first-child last-child\" target=\"_blank\" style=\"margin-top: 0px; margin-right: 0px; margin-bottom: 0px; margin-left: 0px; padding-top: 0px; padding-right: 12px; padding-bottom: 0px; padding-left: 0px; border-top-width: 0px; border-right-width: 0px; border-bottom-width: 0px; border-left-width: 0px; border-style: initial; border-color: initial; outline-width: 0px; outline-style: initial; outline-color: initial; vertical-align: baseline; background-image: url(http:\/\/www.secom.gov.br\/portal_css\/Secom\/bg\/linkExterno.gif); background-attachment: initial; background-origin: initial; background-clip: initial; background-color: initial; color: rgb(23, 67, 155); background-position: 100% 50%; background-repeat: no-repeat no-repeat; \" href=\"http:\/\/www.in.gov.br\/visualiza\/index.jsp?data=08\/12\/2011&amp;jornal=3&amp;pagina=149&amp;totalArquivos=256\">aqui<\/a>&nbsp;para ver o aviso.<\/p>\n<p>Secom<\/p>\n","protected":false},"excerpt":{"rendered":"<p>Um novo aviso de habilita\u00e7\u00e3o para r\u00e1dios e TVs educativas vai beneficiar 30 munic\u00edpios brasileiros com FMs e outras 11 cidades com emissoras de TV. O terceiro aviso de habilita\u00e7\u00e3o do Plano Nacional de Outorgas de Radiodifus\u00e3o Educativa foi publicado pelo Minist\u00e9rio das Comunica\u00e7\u00f5es no Di\u00e1rio Oficial da Uni\u00e3o de quinta-feira (8)<\/p>\n","protected":false},"author":1,"featured_media":26752,"comment_status":"open","ping_status":"open","sticky":false,"template":"","format":"standard","meta":{"footnotes":""},"categories":[1],"tags":[6098],"class_list":["post-26753","post","type-post","status-publish","format-standard","has-post-thumbnail","hentry","category-noticias-zeca-dirceu","tag-novo-aviso-de-habilitacao-para-fms-e-tvs-educativas"],"_links":{"self":[{"href":"https:\/\/teste.bsb.br\/zeca\/wp-json\/wp\/v2\/posts\/26753","targetHints":{"allow":["GET"]}}],"collection":[{"href":"https:\/\/teste.bsb.br\/zeca\/wp-json\/wp\/v2\/posts"}],"about":[{"href":"https:\/\/teste.bsb.br\/zeca\/wp-json\/wp\/v2\/types\/post"}],"author":[{"embeddable":true,"href":"https:\/\/teste.bsb.br\/zeca\/wp-json\/wp\/v2\/users\/1"}],"replies":[{"embeddable":true,"href":"https:\/\/teste.bsb.br\/zeca\/wp-json\/wp\/v2\/comments?post=26753"}],"version-history":[{"count":0,"href":"https:\/\/teste.bsb.br\/zeca\/wp-json\/wp\/v2\/posts\/26753\/revisions"}],"wp:featuredmedia":[{"embeddable":true,"href":"https:\/\/teste.bsb.br\/zeca\/wp-json\/wp\/v2\/media\/26752"}],"wp:attachment":[{"href":"https:\/\/teste.bsb.br\/zeca\/wp-json\/wp\/v2\/media?parent=26753"}],"wp:term":[{"taxonomy":"category","embeddable":true,"href":"https:\/\/teste.bsb.br\/zeca\/wp-json\/wp\/v2\/categories?post=26753"},{"taxonomy":"post_tag","embeddable":true,"href":"https:\/\/teste.bsb.br\/zeca\/wp-json\/wp\/v2\/tags?post=26753"}],"curies":[{"name":"wp","href":"https:\/\/api.w.org\/{rel}","templated":true}]}}