{"id":26747,"date":"2011-12-09T00:00:00","date_gmt":"2011-12-09T02:00:00","guid":{"rendered":"https:\/\/www.zecadirceu.com.br\/micro-e-pequenas-empresas-podem-dobrar-os-6-milhoes-de-empregos-gerados-em-10-anos\/"},"modified":"2011-12-09T00:00:00","modified_gmt":"2011-12-09T02:00:00","slug":"micro-e-pequenas-empresas-podem-dobrar-os-6-milhoes-de-empregos-gerados-em-10-anos","status":"publish","type":"post","link":"https:\/\/teste.bsb.br\/zeca\/micro-e-pequenas-empresas-podem-dobrar-os-6-milhoes-de-empregos-gerados-em-10-anos\/","title":{"rendered":"Micro e Pequenas empresas podem dobrar os 6 milh\u00f5es de empregos gerados em 10 anos"},"content":{"rendered":"<p class=\"MsoNormal\">As micro e pequenas empresas criaram 6,1 milh&otilde;es de empregos com carteira assinada na &uacute;ltima d&eacute;cada. E j&aacute; h&aacute; a&ccedil;&otilde;es efetivas do Governo Federal, para que daqui uma d&eacute;cada este n&uacute;mero seja cada vez mais expressivo.<\/p>\n<p class=\"MsoNormal\">A gera&ccedil;&atilde;o de empregos neste segmento &eacute; muito importante para o Brasil. Eu fui tamb&eacute;m um pequeno empres&aacute;rio, e este &eacute; um dos compromissos do meu mandato como deputado federal.<\/p>\n<p class=\"MsoNormal\">Segundo o levantamento, do Anu&aacute;rio do Trabalho, divulgado pelo Sebrae em parceria com o Dieese (Departamento Intersindical de Estat&iacute;stica e Estudos Socioecon&ocirc;micos), o bom desempenho das empresas desse segmento foi respons&aacute;vel por 99% dos estabelecimentos, 51,6% dos empregos privados n&atilde;o agr&iacute;colas formais no pa&iacute;s e quase 40% da massa de sal&aacute;rios.<\/p>\n<p class=\"MsoNormal\">Ou&ccedil;a a reportagem na &iacute;ntegra no &iacute;cone abaixo.<\/p>\n","protected":false},"excerpt":{"rendered":"<p>As micro e pequenas empresas criaram 6,1 milh\u00f5es de empregos com carteira assinada na \u00faltima d\u00e9cada. E j\u00e1 h\u00e1 a\u00e7\u00f5es efetivas do Governo Federal, para que daqui uma d\u00e9cada este n\u00famero seja cada vez mais expressivo. A gera\u00e7\u00e3o de empregos neste segmento \u00e9 muito importante para o Brasil. Eu fui tamb\u00e9m um pequeno empres\u00e1rio, e este \u00e9 um dos compromissos do meu mandato como deputado federal.Ou\u00e7a a reportagem na \u00edntegra no \u00edcone abaixo.<\/p>\n","protected":false},"author":1,"featured_media":26746,"comment_status":"open","ping_status":"open","sticky":false,"template":"","format":"standard","meta":{"footnotes":""},"categories":[1],"tags":[6094,6095,6093],"class_list":["post-26747","post","type-post","status-publish","format-standard","has-post-thumbnail","hentry","category-noticias-zeca-dirceu","tag-1-milhoes-de-empregos","tag-e-pode-dobrar-10-anos","tag-micro-e-pequenas-empresas-criaram-6"],"_links":{"self":[{"href":"https:\/\/teste.bsb.br\/zeca\/wp-json\/wp\/v2\/posts\/26747","targetHints":{"allow":["GET"]}}],"collection":[{"href":"https:\/\/teste.bsb.br\/zeca\/wp-json\/wp\/v2\/posts"}],"about":[{"href":"https:\/\/teste.bsb.br\/zeca\/wp-json\/wp\/v2\/types\/post"}],"author":[{"embeddable":true,"href":"https:\/\/teste.bsb.br\/zeca\/wp-json\/wp\/v2\/users\/1"}],"replies":[{"embeddable":true,"href":"https:\/\/teste.bsb.br\/zeca\/wp-json\/wp\/v2\/comments?post=26747"}],"version-history":[{"count":0,"href":"https:\/\/teste.bsb.br\/zeca\/wp-json\/wp\/v2\/posts\/26747\/revisions"}],"wp:featuredmedia":[{"embeddable":true,"href":"https:\/\/teste.bsb.br\/zeca\/wp-json\/wp\/v2\/media\/26746"}],"wp:attachment":[{"href":"https:\/\/teste.bsb.br\/zeca\/wp-json\/wp\/v2\/media?parent=26747"}],"wp:term":[{"taxonomy":"category","embeddable":true,"href":"https:\/\/teste.bsb.br\/zeca\/wp-json\/wp\/v2\/categories?post=26747"},{"taxonomy":"post_tag","embeddable":true,"href":"https:\/\/teste.bsb.br\/zeca\/wp-json\/wp\/v2\/tags?post=26747"}],"curies":[{"name":"wp","href":"https:\/\/api.w.org\/{rel}","templated":true}]}}