{"id":26741,"date":"2011-12-09T00:00:00","date_gmt":"2011-12-09T02:00:00","guid":{"rendered":"https:\/\/www.zecadirceu.com.br\/ministerio-da-saude-visita-ceonc-de-francisco-beltrao\/"},"modified":"2011-12-09T00:00:00","modified_gmt":"2011-12-09T02:00:00","slug":"ministerio-da-saude-visita-ceonc-de-francisco-beltrao","status":"publish","type":"post","link":"https:\/\/teste.bsb.br\/zeca\/ministerio-da-saude-visita-ceonc-de-francisco-beltrao\/","title":{"rendered":"Minist\u00e9rio da Sa\u00fade visita Ceonc de Francisco Beltr\u00e3o"},"content":{"rendered":"<p>&nbsp;Na &uacute;ltima ter&ccedil;a-feira (6) foi dado mais um passo no processo de credenciamento do Centro de Oncologia (CEONC) de Francisco Beltr&atilde;o, Paran&aacute;. O coordenador-geral de M&eacute;dia e Alta Complexidade do Minist&eacute;rio da Sa&uacute;de, Jos&eacute; Eduardo Fogolin Passo, visitou o CEONC, juntamente, com a assistente social do Instituto Nacional do C&acirc;ncer, C&eacute;lia Ulisses. Esta visita t&eacute;cnica faz parte do processo de credenciamento do centro a n&iacute;vel federal, junto ao Sistema &Uacute;nico de Sa&uacute;de (SUS).<\/p>\n<p class=\"MsoNormal\"><o:p><\/o:p><\/p>\n<p class=\"MsoNormal\"><o:p>&quot;Junto com a deputada estadual Luciana Rafagnin, conseguimos este primeiro passo. Agora vamos aguardar, o Minist&eacute;rio P&uacute;blico est&aacute; sensibilizado e sabe da import&acirc;ncia do CEONC para a regi&atilde;o sudoeste do estado&quot; , explicou o deputado Zeca Dirceu.<br \/>\n&nbsp;<br \/>\nAcompanhe a entrevista no &iacute;cone abaixo.<\/o:p><\/p>\n","protected":false},"excerpt":{"rendered":"<p>Na \u00faltima ter\u00e7a-feira (6) foi dado mais um passo no processo de credenciamento do Centro de Oncologia (CEONC) de Francisco Beltr\u00e3o, Paran\u00e1. O coordenador-geral de M\u00e9dia e Alta Complexidade do Minist\u00e9rio da Sa\u00fade, Jos\u00e9 Eduardo Fogolin Passo, visitou o CEONC juntamente com a assistente social do Instituto Nacional do C\u00e2ncer, C\u00e9lia Ulisses. Esta visita t\u00e9cnica faz parte do processo de credenciamento do centro a n\u00edvel federal, junto ao Sistema \u00danico de Sa\u00fade (SUS). Acompanhe a entrevista no \u00edcone abaixo.<\/p>\n","protected":false},"author":1,"featured_media":26740,"comment_status":"open","ping_status":"open","sticky":false,"template":"","format":"standard","meta":{"footnotes":""},"categories":[1],"tags":[6089],"class_list":["post-26741","post","type-post","status-publish","format-standard","has-post-thumbnail","hentry","category-noticias-zeca-dirceu","tag-ministerio-da-saude-visita-ceonc-de-francisco-beltrao"],"_links":{"self":[{"href":"https:\/\/teste.bsb.br\/zeca\/wp-json\/wp\/v2\/posts\/26741","targetHints":{"allow":["GET"]}}],"collection":[{"href":"https:\/\/teste.bsb.br\/zeca\/wp-json\/wp\/v2\/posts"}],"about":[{"href":"https:\/\/teste.bsb.br\/zeca\/wp-json\/wp\/v2\/types\/post"}],"author":[{"embeddable":true,"href":"https:\/\/teste.bsb.br\/zeca\/wp-json\/wp\/v2\/users\/1"}],"replies":[{"embeddable":true,"href":"https:\/\/teste.bsb.br\/zeca\/wp-json\/wp\/v2\/comments?post=26741"}],"version-history":[{"count":0,"href":"https:\/\/teste.bsb.br\/zeca\/wp-json\/wp\/v2\/posts\/26741\/revisions"}],"wp:featuredmedia":[{"embeddable":true,"href":"https:\/\/teste.bsb.br\/zeca\/wp-json\/wp\/v2\/media\/26740"}],"wp:attachment":[{"href":"https:\/\/teste.bsb.br\/zeca\/wp-json\/wp\/v2\/media?parent=26741"}],"wp:term":[{"taxonomy":"category","embeddable":true,"href":"https:\/\/teste.bsb.br\/zeca\/wp-json\/wp\/v2\/categories?post=26741"},{"taxonomy":"post_tag","embeddable":true,"href":"https:\/\/teste.bsb.br\/zeca\/wp-json\/wp\/v2\/tags?post=26741"}],"curies":[{"name":"wp","href":"https:\/\/api.w.org\/{rel}","templated":true}]}}