{"id":26737,"date":"2011-12-10T00:00:00","date_gmt":"2011-12-10T02:00:00","guid":{"rendered":"https:\/\/www.zecadirceu.com.br\/zeca-dirceu-defende-previdencia-complementar-para-o-setor-publico\/"},"modified":"2011-12-10T00:00:00","modified_gmt":"2011-12-10T02:00:00","slug":"zeca-dirceu-defende-previdencia-complementar-para-o-setor-publico","status":"publish","type":"post","link":"https:\/\/teste.bsb.br\/zeca\/zeca-dirceu-defende-previdencia-complementar-para-o-setor-publico\/","title":{"rendered":"Zeca Dirceu defende previd\u00eancia complementar para o setor p\u00fablico"},"content":{"rendered":"<p>&nbsp;O plen&aacute;rio da C&acirc;mara poder&aacute; apreciar na pr&oacute;xima semana, &uacute;ltima antes do recesso parlamentar, o projeto de lei (PL 1992\/07), do Executivo, que cria a Funda&ccedil;&atilde;o de Previd&ecirc;ncia Complementar do Servidor P&uacute;blico Federal (Funpresp). A proposta tramita com urg&ecirc;ncia e foi tema de Comiss&atilde;o Geral nesta quarta-feira (7), na C&acirc;mara. O deputado Zeca Dirceu defende uma previd&ecirc;ncia complementar justa para o setor p&uacute;blico. Ou&ccedil;a a mat&eacute;ria na &iacute;ntegra!<\/p>\n","protected":false},"excerpt":{"rendered":"<p>O plen\u00e1rio da C\u00e2mara poder\u00e1 apreciar na pr\u00f3xima semana, \u00faltima antes do recesso parlamentar, o projeto de lei (PL 1992\/07), do Executivo, que cria a Funda\u00e7\u00e3o de Previd\u00eancia Complementar do Servidor P\u00fablico Federal (Funpresp).  O deputado Zeca Dirceu defende uma previd\u00eancia complementar justa para o setor p\u00fablico. Ou\u00e7a a mat\u00e9ria na \u00edntegra!<\/p>\n","protected":false},"author":1,"featured_media":26736,"comment_status":"open","ping_status":"open","sticky":false,"template":"","format":"standard","meta":{"footnotes":""},"categories":[1],"tags":[6088],"class_list":["post-26737","post","type-post","status-publish","format-standard","has-post-thumbnail","hentry","category-noticias-zeca-dirceu","tag-previdencia-complementar"],"_links":{"self":[{"href":"https:\/\/teste.bsb.br\/zeca\/wp-json\/wp\/v2\/posts\/26737","targetHints":{"allow":["GET"]}}],"collection":[{"href":"https:\/\/teste.bsb.br\/zeca\/wp-json\/wp\/v2\/posts"}],"about":[{"href":"https:\/\/teste.bsb.br\/zeca\/wp-json\/wp\/v2\/types\/post"}],"author":[{"embeddable":true,"href":"https:\/\/teste.bsb.br\/zeca\/wp-json\/wp\/v2\/users\/1"}],"replies":[{"embeddable":true,"href":"https:\/\/teste.bsb.br\/zeca\/wp-json\/wp\/v2\/comments?post=26737"}],"version-history":[{"count":0,"href":"https:\/\/teste.bsb.br\/zeca\/wp-json\/wp\/v2\/posts\/26737\/revisions"}],"wp:featuredmedia":[{"embeddable":true,"href":"https:\/\/teste.bsb.br\/zeca\/wp-json\/wp\/v2\/media\/26736"}],"wp:attachment":[{"href":"https:\/\/teste.bsb.br\/zeca\/wp-json\/wp\/v2\/media?parent=26737"}],"wp:term":[{"taxonomy":"category","embeddable":true,"href":"https:\/\/teste.bsb.br\/zeca\/wp-json\/wp\/v2\/categories?post=26737"},{"taxonomy":"post_tag","embeddable":true,"href":"https:\/\/teste.bsb.br\/zeca\/wp-json\/wp\/v2\/tags?post=26737"}],"curies":[{"name":"wp","href":"https:\/\/api.w.org\/{rel}","templated":true}]}}