{"id":26727,"date":"2011-12-11T00:00:00","date_gmt":"2011-12-11T02:00:00","guid":{"rendered":"https:\/\/www.zecadirceu.com.br\/duas-cidades-dos-campos-gerais-recebem-verbas-do-pac-funasa\/"},"modified":"2011-12-11T00:00:00","modified_gmt":"2011-12-11T02:00:00","slug":"duas-cidades-dos-campos-gerais-recebem-verbas-do-pac-funasa","status":"publish","type":"post","link":"https:\/\/teste.bsb.br\/zeca\/duas-cidades-dos-campos-gerais-recebem-verbas-do-pac-funasa\/","title":{"rendered":"Duas cidades dos Campos Gerais recebem verbas do PAC Funasa"},"content":{"rendered":"<p>&nbsp;<span class=\"Apple-style-span\" style=\"color: rgb(51, 51, 51); font-family: 'Trebuchet MS', Trebuchet, Arial, sans-serif; font-size: 15px; \">Foi publicada o dia 09, no Di&aacute;rio Oficial da Uni&atilde;o, Portaria que divulga a sele&ccedil;&atilde;o final dos munic&iacute;pios contemplados com recursos financeiros do Programa de Acelera&ccedil;&atilde;o do Crescimento (PAC) Funasa. O Paran&aacute; vai receber R$ 150 milh&otilde;es em 57 munic&iacute;pios.<br \/>\n<\/span><br style=\"padding-top: 0px; padding-right: 0px; padding-bottom: 0px; padding-left: 0px; margin-top: 0px; margin-right: 0px; margin-bottom: 0px; margin-left: 0px; font-family: 'Trebuchet MS', Trebuchet, Arial, sans-serif; text-decoration: none; outline-style: none !important; outline-width: initial !important; outline-color: initial !important; border-top-width: 0px; border-right-width: 0px; border-bottom-width: 0px; border-left-width: 0px; border-style: initial; border-color: initial; color: rgb(51, 51, 51); font-size: 15px; text-align: left; \" \/><br \/>\n<span class=\"Apple-style-span\" style=\"color: rgb(51, 51, 51); font-family: 'Trebuchet MS', Trebuchet, Arial, sans-serif; font-size: 15px; text-align: left; \">Ao todo, ser&atilde;o investidos R$ 2,7 bilh&otilde;es em todo Brasil em obras de sistemas de abastecimento de &aacute;gua, esgoto e melhorias sanit&aacute;rias domiciliares. O prazo para contrata&ccedil;&atilde;o dos projetos de engenharia com vistas a celebrar termo de compromisso, ser&aacute; 29 de fevereiro de 2012.<br \/>\n<\/span><br style=\"padding-top: 0px; padding-right: 0px; padding-bottom: 0px; padding-left: 0px; margin-top: 0px; margin-right: 0px; margin-bottom: 0px; margin-left: 0px; font-family: 'Trebuchet MS', Trebuchet, Arial, sans-serif; text-decoration: none; outline-style: none !important; outline-width: initial !important; outline-color: initial !important; border-top-width: 0px; border-right-width: 0px; border-bottom-width: 0px; border-left-width: 0px; border-style: initial; border-color: initial; color: rgb(51, 51, 51); font-size: 15px; text-align: left; \" \/><br \/>\n<span class=\"Apple-style-span\" style=\"color: rgb(51, 51, 51); font-family: 'Trebuchet MS', Trebuchet, Arial, sans-serif; font-size: 15px; text-align: left; \">Nos Campos Gerais, as cidades de Ipiranga e Palmeira. Os dois munic&iacute;pios v&atilde;o receber R$ 500 mil cada. O deputado federal Zeca Dirceu (PT-PR) que acompanhou de perto o processo de sele&ccedil;&atilde;o e articulou para que o Paran&aacute; fosse contemplado de forma satisfat&oacute;ria, comemora.<\/p>\n<p>Fonte:<\/span><a href=\"http:\/\/www.jmnews.com.br\/\">http:\/\/www.jmnews.com.br\/<\/a><span class=\"Apple-style-span\" style=\"color: rgb(51, 51, 51); font-family: 'Trebuchet MS', Trebuchet, Arial, sans-serif; font-size: 15px; \"><br type=\"_moz\" \/><br \/>\n<\/span><\/p>\n","protected":false},"excerpt":{"rendered":"<p>Nos Campos Gerais, as cidades de Ipiranga e Palmeira. Os dois munic\u00edpios v\u00e3o receber R$ 500 mil cada. O deputado federal Zeca Dirceu (PT-PR) que acompanhou de perto o processo de sele\u00e7\u00e3o e articulou para que o Paran\u00e1 fosse contemplado de forma satisfat\u00f3ria, comemora.<\/p>\n","protected":false},"author":1,"featured_media":26726,"comment_status":"open","ping_status":"open","sticky":false,"template":"","format":"standard","meta":{"footnotes":""},"categories":[1],"tags":[6084],"class_list":["post-26727","post","type-post","status-publish","format-standard","has-post-thumbnail","hentry","category-noticias-zeca-dirceu","tag-duas-cidades-dos-campos-gerais-recebem-verbas-do-pac-funasa"],"_links":{"self":[{"href":"https:\/\/teste.bsb.br\/zeca\/wp-json\/wp\/v2\/posts\/26727","targetHints":{"allow":["GET"]}}],"collection":[{"href":"https:\/\/teste.bsb.br\/zeca\/wp-json\/wp\/v2\/posts"}],"about":[{"href":"https:\/\/teste.bsb.br\/zeca\/wp-json\/wp\/v2\/types\/post"}],"author":[{"embeddable":true,"href":"https:\/\/teste.bsb.br\/zeca\/wp-json\/wp\/v2\/users\/1"}],"replies":[{"embeddable":true,"href":"https:\/\/teste.bsb.br\/zeca\/wp-json\/wp\/v2\/comments?post=26727"}],"version-history":[{"count":0,"href":"https:\/\/teste.bsb.br\/zeca\/wp-json\/wp\/v2\/posts\/26727\/revisions"}],"wp:featuredmedia":[{"embeddable":true,"href":"https:\/\/teste.bsb.br\/zeca\/wp-json\/wp\/v2\/media\/26726"}],"wp:attachment":[{"href":"https:\/\/teste.bsb.br\/zeca\/wp-json\/wp\/v2\/media?parent=26727"}],"wp:term":[{"taxonomy":"category","embeddable":true,"href":"https:\/\/teste.bsb.br\/zeca\/wp-json\/wp\/v2\/categories?post=26727"},{"taxonomy":"post_tag","embeddable":true,"href":"https:\/\/teste.bsb.br\/zeca\/wp-json\/wp\/v2\/tags?post=26727"}],"curies":[{"name":"wp","href":"https:\/\/api.w.org\/{rel}","templated":true}]}}