{"id":26723,"date":"2011-12-12T00:00:00","date_gmt":"2011-12-12T02:00:00","guid":{"rendered":"https:\/\/www.zecadirceu.com.br\/pt-lanca-campanha-nacional-de-filiacao-e-convoca-mobilizacao-nacional\/"},"modified":"2011-12-12T00:00:00","modified_gmt":"2011-12-12T02:00:00","slug":"pt-lanca-campanha-nacional-de-filiacao-e-convoca-mobilizacao-nacional","status":"publish","type":"post","link":"https:\/\/teste.bsb.br\/zeca\/pt-lanca-campanha-nacional-de-filiacao-e-convoca-mobilizacao-nacional\/","title":{"rendered":"PT lan\u00e7a Campanha Nacional de Filia\u00e7\u00e3o e convoca mobiliza\u00e7\u00e3o nacional"},"content":{"rendered":"<p>Partido dos Trabalhadores lan&ccedil;ou no &uacute;ltimo dia 8 de dezembro, em seu programa partid&aacute;rio na TV e no r&aacute;dio, a Campanha Nacional de Filia&ccedil;&atilde;o.<\/p>\n<p style=\"margin-top: 3px; margin-right: 0px; margin-bottom: 10px; margin-left: 0px; padding-top: 0px; padding-right: 0px; padding-bottom: 0px; padding-left: 0px; line-height: 16px; color: rgb(51, 51, 51); font-family: Arial, Helvetica, sans-serif; \">Com a campanha, o PT deseja convocar toda a na&ccedil;&atilde;o brasileira para mobilizar-se pela continuidade da constru&ccedil;&atilde;o de um projeto nacional transformador.<\/p>\n<p style=\"margin-top: 3px; margin-right: 0px; margin-bottom: 10px; margin-left: 0px; padding-top: 0px; padding-right: 0px; padding-bottom: 0px; padding-left: 0px; line-height: 16px; color: rgb(51, 51, 51); font-family: Arial, Helvetica, sans-serif; \">&ldquo;Em toda a parte, as pessoas est&atilde;o mobilizadas para pedir mudan&ccedil;as, para reivindicar um novo mundo. E o Brasil &eacute; o pa&iacute;s mais apto para realizar a maior revolu&ccedil;&atilde;o democr&aacute;tica do planeta. Porque, aqui, essa revolu&ccedil;&atilde;o j&aacute; come&ccedil;ou. Milh&otilde;es de brasileiros melhoraram de vida, nossa economia se tornou a s&eacute;tima maior do planeta e a imagem do Brasil se fortaleceu como nunca&rdquo;, diz trecho da mensagem do presidente do PT, Rui Falc&atilde;o, no hotsite da Campanha.<\/p>\n<p style=\"margin-top: 3px; margin-right: 0px; margin-bottom: 10px; margin-left: 0px; padding-top: 0px; padding-right: 0px; padding-bottom: 0px; padding-left: 0px; line-height: 16px; color: rgb(51, 51, 51); font-family: Arial, Helvetica, sans-serif; \">Na convoca&ccedil;&atilde;o &eacute; ressaltada a importante participa&ccedil;&atilde;o do Partido na mobiliza&ccedil;&atilde;o do povo brasileiro nos momentos mais decisivos da sua hist&oacute;ria.<\/p>\n<p style=\"margin-top: 3px; margin-right: 0px; margin-bottom: 10px; margin-left: 0px; padding-top: 0px; padding-right: 0px; padding-bottom: 0px; padding-left: 0px; line-height: 16px; color: rgb(51, 51, 51); font-family: Arial, Helvetica, sans-serif; \">O PT hoje est&aacute; organizado em mais de cinco mil munic&iacute;pios, conta com mais de 1,5 milh&atilde;o de filiados e 60 mil dirigentes em todo o Pa&iacute;s. Governa cinco estados brasileiros e tem tr&ecirc;s vice-governadores e elegeu, em 2010, 14 senadores, 88 deputados federais e 149 deputados estaduais. Nas elei&ccedil;&otilde;es municipais de 2008 foram eleitos 560 prefeitos, 428 vice-prefeitos e 4.166 vereadores petistas.<\/p>\n<p style=\"margin-top: 3px; margin-right: 0px; margin-bottom: 10px; margin-left: 0px; padding-top: 0px; padding-right: 0px; padding-bottom: 0px; padding-left: 0px; line-height: 16px; color: rgb(51, 51, 51); font-family: Arial, Helvetica, sans-serif; \">Em seu 4&ordm;. Congresso Nacional &ndash; Etapa Extraordin&aacute;ria, realizado este ano, o PT avan&ccedil;ou ainda mais na consolida&ccedil;&atilde;o da sua democracia interna e aprovou conquistas como a paridade de g&ecirc;nero e a amplia&ccedil;&atilde;o da participa&ccedil;&atilde;o dos jovens e representantes da diversidade &eacute;tnico-racial.<\/p>\n<p style=\"margin-top: 3px; margin-right: 0px; margin-bottom: 10px; margin-left: 0px; padding-top: 0px; padding-right: 0px; padding-bottom: 0px; padding-left: 0px; line-height: 16px; color: rgb(51, 51, 51); font-family: Arial, Helvetica, sans-serif; \">Assista o programa partid&aacute;rio.<\/p>\n<p>\nPortal PT<\/p>\n<h2 style=\"margin-top: 0px; margin-right: 0px; margin-bottom: 0px; margin-left: 0px; padding-top: 0px; padding-right: 0px; padding-bottom: 0px; padding-left: 0px; line-height: normal; \">Conhe&ccedil;a a campanha no hotsite http:\/\/www.pt.org.br\/mobilizebrasil<\/h2><\/p>\n","protected":false},"excerpt":{"rendered":"<p>Partido dos Trabalhadores lan\u00e7ou no \u00faltimo dia 8 de dezembro, em seu programa partid\u00e1rio na TV e no r\u00e1dio, a Campanha Nacional de Filia\u00e7\u00e3o.<br \/>\nCom a campanha, o PT deseja convocar toda a na\u00e7\u00e3o brasileira para mobilizar-se pela continuidade da constru\u00e7\u00e3o de um projeto nacional transformador.<\/p>\n","protected":false},"author":1,"featured_media":26722,"comment_status":"open","ping_status":"open","sticky":false,"template":"","format":"standard","meta":{"footnotes":""},"categories":[1],"tags":[6082],"class_list":["post-26723","post","type-post","status-publish","format-standard","has-post-thumbnail","hentry","category-noticias-zeca-dirceu","tag-pt-lanca-campanha-nacional-de-filiacao-e-convoca-mobilizacao-nacional"],"_links":{"self":[{"href":"https:\/\/teste.bsb.br\/zeca\/wp-json\/wp\/v2\/posts\/26723","targetHints":{"allow":["GET"]}}],"collection":[{"href":"https:\/\/teste.bsb.br\/zeca\/wp-json\/wp\/v2\/posts"}],"about":[{"href":"https:\/\/teste.bsb.br\/zeca\/wp-json\/wp\/v2\/types\/post"}],"author":[{"embeddable":true,"href":"https:\/\/teste.bsb.br\/zeca\/wp-json\/wp\/v2\/users\/1"}],"replies":[{"embeddable":true,"href":"https:\/\/teste.bsb.br\/zeca\/wp-json\/wp\/v2\/comments?post=26723"}],"version-history":[{"count":0,"href":"https:\/\/teste.bsb.br\/zeca\/wp-json\/wp\/v2\/posts\/26723\/revisions"}],"wp:featuredmedia":[{"embeddable":true,"href":"https:\/\/teste.bsb.br\/zeca\/wp-json\/wp\/v2\/media\/26722"}],"wp:attachment":[{"href":"https:\/\/teste.bsb.br\/zeca\/wp-json\/wp\/v2\/media?parent=26723"}],"wp:term":[{"taxonomy":"category","embeddable":true,"href":"https:\/\/teste.bsb.br\/zeca\/wp-json\/wp\/v2\/categories?post=26723"},{"taxonomy":"post_tag","embeddable":true,"href":"https:\/\/teste.bsb.br\/zeca\/wp-json\/wp\/v2\/tags?post=26723"}],"curies":[{"name":"wp","href":"https:\/\/api.w.org\/{rel}","templated":true}]}}