{"id":26721,"date":"2011-12-12T00:00:00","date_gmt":"2011-12-12T02:00:00","guid":{"rendered":"https:\/\/www.zecadirceu.com.br\/jose-dirceu-regulamentacao-da-comunicacao-deve-ser-levada-adiante-no-brasil\/"},"modified":"2011-12-12T00:00:00","modified_gmt":"2011-12-12T02:00:00","slug":"jose-dirceu-regulamentacao-da-comunicacao-deve-ser-levada-adiante-no-brasil","status":"publish","type":"post","link":"https:\/\/teste.bsb.br\/zeca\/jose-dirceu-regulamentacao-da-comunicacao-deve-ser-levada-adiante-no-brasil\/","title":{"rendered":"Jos\u00e9 Dirceu: regulamenta\u00e7\u00e3o da comunica\u00e7\u00e3o deve ser levada adiante no Brasil"},"content":{"rendered":"<h2 style=\"margin-top: 0px; margin-right: 0px; margin-bottom: 0px; margin-left: 0px; padding-top: 0px; padding-right: 0px; padding-bottom: 0px; padding-left: 0px; color: rgb(51, 51, 51); font-family: Arial, Helvetica, sans-serif; \">No debate do Semin&aacute;rio &ldquo;Por um Novo Marco Regulat&oacute;rio para as Comunica&ccedil;&otilde;es&rdquo;, realizado pelo PT Nacional, Dirceu defendeu o fim das &ldquo;oligarquias eletr&ocirc;nicas&rdquo;.<\/h2>\n<p><br style=\"margin-top: 0px; margin-right: 0px; margin-bottom: 0px; margin-left: 0px; padding-top: 0px; padding-right: 0px; padding-bottom: 0px; padding-left: 0px; color: rgb(51, 51, 51); font-family: Arial, Helvetica, sans-serif; \" \/><\/p>\n<p style=\"margin-top: 3px; margin-right: 0px; margin-bottom: 10px; margin-left: 0px; padding-top: 0px; padding-right: 0px; padding-bottom: 0px; padding-left: 0px; line-height: 16px; color: rgb(51, 51, 51); font-family: Arial, Helvetica, sans-serif; \">Propriedade cruzada, monop&oacute;lio, cultura nacional, acesso aos meios de comunica&ccedil;&atilde;o por minorias, direito de resposta e direito de imagem. Esses s&atilde;o alguns dos pontos que devem integrar a discuss&atilde;o sobre o marco regulat&oacute;rio para as comunica&ccedil;&otilde;es, de acordo com o ex-ministro Jos&eacute; Dirceu.<\/p>\n<p style=\"margin-top: 3px; margin-right: 0px; margin-bottom: 10px; margin-left: 0px; padding-top: 0px; padding-right: 0px; padding-bottom: 0px; padding-left: 0px; line-height: 16px; color: rgb(51, 51, 51); font-family: Arial, Helvetica, sans-serif; \">Ao participar do semin&aacute;rio sobre um novo marco regulat&oacute;rio para as Comunica&ccedil;&otilde;es, realizado pelo PT em S&atilde;o Paulo no final de novembro, Dirceu ressaltou que os pa&iacute;ses democr&aacute;ticos possuem marcos regulat&oacute;rios para os meios de comunica&ccedil;&atilde;o. &ldquo;Os modelos ingl&ecirc;s e franc&ecirc;s s&atilde;o extremamente rigorosos&rdquo;, destacou ele.<\/p>\n<p style=\"margin-top: 3px; margin-right: 0px; margin-bottom: 10px; margin-left: 0px; padding-top: 0px; padding-right: 0px; padding-bottom: 0px; padding-left: 0px; line-height: 16px; color: rgb(51, 51, 51); font-family: Arial, Helvetica, sans-serif; \">O ex-ministro defende a participa&ccedil;&atilde;o de todos neste debate e ressalta que essa regulamenta&ccedil;&atilde;o est&aacute; prevista na Constitui&ccedil;&atilde;o brasileira e portanto os que s&atilde;o contr&aacute;rios a ela cometem um erro t&aacute;tico em n&atilde;o discuti-la. &ldquo;O bom caminho &eacute; o dialogo, a negocia&ccedil;&atilde;o e a busca de consenso&rdquo;, ponderou.<\/p>\n<p style=\"margin-top: 3px; margin-right: 0px; margin-bottom: 10px; margin-left: 0px; padding-top: 0px; padding-right: 0px; padding-bottom: 0px; padding-left: 0px; line-height: 16px; color: rgb(51, 51, 51); font-family: Arial, Helvetica, sans-serif; \">Sobre as concess&otilde;es audiovisuais, o ex-ministro defendeu a cria&ccedil;&atilde;o de ag&ecirc;ncias reguladoras e de ag&ecirc;ncias de fomento. Dirceu relembrou o processo que culminou no consenso para a aprova&ccedil;&atilde;o do projeto de lei que disp&otilde;e sobre a comunica&ccedil;&atilde;o audiovisual de acesso condicionado &ndash; quando regulamentou-se a TV paga no Brasil.&nbsp; Um exemplo de como &eacute; poss&iacute;vel, com o debate, chegar ao consenso tamb&eacute;m no caso das concess&otilde;es publicas de TV aberta.<\/p>\n<p style=\"margin-top: 3px; margin-right: 0px; margin-bottom: 10px; margin-left: 0px; padding-top: 0px; padding-right: 0px; padding-bottom: 0px; padding-left: 0px; line-height: 16px; color: rgb(51, 51, 51); font-family: Arial, Helvetica, sans-serif; \">Dirceu chamou aten&ccedil;&atilde;o &agrave; falta de discuss&atilde;o sobre as concess&otilde;es audiovisuais cedidas a pol&iacute;ticos, nas quais, segundo Dirceu &ldquo;existem verdadeiras oligarquias eletr&ocirc;nicas no Brasil, que alimentam elei&ccedil;&otilde;es. N&atilde;o estou com isso tirando a legitimidade dos deputados e nem dizendo que eles n&atilde;o s&atilde;o lideran&ccedil;as, estou dizendo que eles t&ecirc;m um instrumento, como se fosse um poder econ&ocirc;mico, um poder eletr&ocirc;nico que n&atilde;o &eacute; igual para todos os candidatos, ent&atilde;o a lei n&atilde;o pode permitir isto&rdquo;, afirmou.<\/p>\n<p style=\"margin-top: 3px; margin-right: 0px; margin-bottom: 10px; margin-left: 0px; padding-top: 0px; padding-right: 0px; padding-bottom: 0px; padding-left: 0px; line-height: 16px; color: rgb(51, 51, 51); font-family: Arial, Helvetica, sans-serif; \">O secret&aacute;rio nacional de Juventude do PT, Valdemir Pascoal, tamb&eacute;m presente no Semin&aacute;rio, ressaltou a import&acirc;ncia do evento para o debate sobre as comunica&ccedil;&otilde;es. &ldquo;Esse encontro em S&atilde;o Paulo est&aacute; sendo muito rico porque, em cima da sua diversidade &#8211; dos v&aacute;rios jornalistas e blogueiros que est&atilde;o participando &#8211;&nbsp; est&aacute; sendo constru&iacute;da e mostrada uma nova forma conjunta de se fazer a m&iacute;dia. E n&oacute;s da juventude do PT &ndash; pode ter certeza &ndash; faremos nossos f&oacute;runs para discutir esse novo modelo e essa peculiar forma; esse marco regulat&oacute;rio tanto para o PT quanto para fora. &Eacute; importante discutir e colocar em pr&aacute;tica&rdquo;.<\/p>\n<p style=\"margin-top: 3px; margin-right: 0px; margin-bottom: 10px; margin-left: 0px; padding-top: 0px; padding-right: 0px; padding-bottom: 0px; padding-left: 0px; line-height: 16px; color: rgb(51, 51, 51); font-family: Arial, Helvetica, sans-serif; \">(Jamila Gontijo &#8211; Portal do PT)<\/p>\n<div>&nbsp;<\/div>\n","protected":false},"excerpt":{"rendered":"<p>Propriedade cruzada, monop\u00f3lio, cultura nacional, acesso aos meios de comunica\u00e7\u00e3o por minorias, direito de resposta e direito de imagem. Esses s\u00e3o alguns dos pontos que devem integrar a discuss\u00e3o sobre o marco regulat\u00f3rio para as comunica\u00e7\u00f5es, de acordo com o ex-ministro Jos\u00e9 Dirceu.<\/p>\n","protected":false},"author":1,"featured_media":26720,"comment_status":"open","ping_status":"open","sticky":false,"template":"","format":"standard","meta":{"footnotes":""},"categories":[1],"tags":[6081],"class_list":["post-26721","post","type-post","status-publish","format-standard","has-post-thumbnail","hentry","category-noticias-zeca-dirceu","tag-jose-dirceu-regulamentacao-da-comunicacao-deve-ser-levada-adiante-no-brasil"],"_links":{"self":[{"href":"https:\/\/teste.bsb.br\/zeca\/wp-json\/wp\/v2\/posts\/26721","targetHints":{"allow":["GET"]}}],"collection":[{"href":"https:\/\/teste.bsb.br\/zeca\/wp-json\/wp\/v2\/posts"}],"about":[{"href":"https:\/\/teste.bsb.br\/zeca\/wp-json\/wp\/v2\/types\/post"}],"author":[{"embeddable":true,"href":"https:\/\/teste.bsb.br\/zeca\/wp-json\/wp\/v2\/users\/1"}],"replies":[{"embeddable":true,"href":"https:\/\/teste.bsb.br\/zeca\/wp-json\/wp\/v2\/comments?post=26721"}],"version-history":[{"count":0,"href":"https:\/\/teste.bsb.br\/zeca\/wp-json\/wp\/v2\/posts\/26721\/revisions"}],"wp:featuredmedia":[{"embeddable":true,"href":"https:\/\/teste.bsb.br\/zeca\/wp-json\/wp\/v2\/media\/26720"}],"wp:attachment":[{"href":"https:\/\/teste.bsb.br\/zeca\/wp-json\/wp\/v2\/media?parent=26721"}],"wp:term":[{"taxonomy":"category","embeddable":true,"href":"https:\/\/teste.bsb.br\/zeca\/wp-json\/wp\/v2\/categories?post=26721"},{"taxonomy":"post_tag","embeddable":true,"href":"https:\/\/teste.bsb.br\/zeca\/wp-json\/wp\/v2\/tags?post=26721"}],"curies":[{"name":"wp","href":"https:\/\/api.w.org\/{rel}","templated":true}]}}