{"id":26717,"date":"2011-12-12T00:00:00","date_gmt":"2011-12-12T02:00:00","guid":{"rendered":"https:\/\/www.zecadirceu.com.br\/r-833-mil-em-recursos-federais-para-jardim-olinda\/"},"modified":"2011-12-12T00:00:00","modified_gmt":"2011-12-12T02:00:00","slug":"r-833-mil-em-recursos-federais-para-jardim-olinda","status":"publish","type":"post","link":"https:\/\/teste.bsb.br\/zeca\/r-833-mil-em-recursos-federais-para-jardim-olinda\/","title":{"rendered":"R$ 833 mil em recursos federais para Jardim Olinda"},"content":{"rendered":"<p>&nbsp;<span class=\"Apple-style-span\" style=\"font-family: arial, sans-serif; font-size: 13px; \">A Funda&ccedil;&atilde;o Nacional da Sa&uacute;de (Funasa) divulgou na quinta-feira (08), a lista dos munic&iacute;pios contemplados com recursos do Programa de Acelera&ccedil;&atilde;o o Crescimento (PAC 2). No Paran&aacute;, o investimento ser&aacute; de R$150 milh&otilde;es, em 57 munic&iacute;pios. Dentre eles est&aacute; Jardim Olinda, com a ordem de R$ 833 mil, direcionados para obras de abastecimento de &aacute;gua do munic&iacute;pio. As negocia&ccedil;&otilde;es, que foram assistidas pelo deputado federal Zeca Dirceu (PT-PR), comemoram a maior conquista em verbas federais na hist&oacute;ria da cidade.<\/span><\/p>\n<p class=\"MsoNormal\" style=\"margin-top: 0px; margin-right: 0px; margin-bottom: 0px; margin-left: 0px; font-family: arial, sans-serif; font-size: 13px; text-align: justify; \">&nbsp;<\/p>\n<p class=\"MsoNormal\" style=\"margin-top: 0px; margin-right: 0px; margin-bottom: 0px; margin-left: 0px; font-family: arial, sans-serif; font-size: 13px; text-align: justify; \">Segundo o prefeito Juraci Paes, os recursos s&atilde;o suficientes para refazer a antiga rede de abastecimento de &aacute;gua do munic&iacute;pio, e ainda fazer obras no Assentamento M&atilde;e de Deus, na &aacute;rea rural da cidade. &ldquo;&Eacute; o maior projeto que o Jardim Olinda tem aprovado em toda sua hist&oacute;ria, &eacute; momento de comemorar e agradecer o empenho do deputado federal Zeca Dirceu&rdquo;, afirmou o prefeito Juraci Paes.&nbsp;<\/p>\n<p class=\"MsoNormal\" style=\"margin-top: 0px; margin-right: 0px; margin-bottom: 0px; margin-left: 0px; font-family: arial, sans-serif; font-size: 13px; text-align: justify; \">&nbsp;<\/p>\n<p class=\"MsoNormal\" style=\"margin-top: 0px; margin-right: 0px; margin-bottom: 0px; margin-left: 0px; font-family: arial, sans-serif; font-size: 13px; text-align: justify; \">O deputado federal Zeca Dirceu (PT-PR) que acompanhou de perto o processo de sele&ccedil;&atilde;o e articulou para que o Paran&aacute; fosse contemplado de forma satisfat&oacute;ria, comemora a confirma&ccedil;&atilde;o dos recursos federais. &ldquo;Est&aacute; mais do que comprovado que investir em melhorias sanit&aacute;rias &eacute; investir em sa&uacute;de. Por isso, continuarei ajudando nas negocia&ccedil;&otilde;es com a Funasa. Muitas doen&ccedil;as ser&atilde;o prevenidas com as obras realizadas gra&ccedil;as a este grande investimento. A popula&ccedil;&atilde;o de Jardim Olinda ganhar&aacute; qualidade de vida&rdquo;, declarou o parlamentar.<\/p>\n<p class=\"MsoNormal\" style=\"margin-top: 0px; margin-right: 0px; margin-bottom: 0px; margin-left: 0px; font-family: arial, sans-serif; font-size: 13px; text-align: justify; \">&nbsp;<\/p>\n<p class=\"MsoNormal\" style=\"margin-top: 0px; margin-right: 0px; margin-bottom: 0px; margin-left: 0px; font-family: arial, sans-serif; font-size: 13px; text-align: justify; \">O pr&oacute;ximo passo &eacute; esperar a libera&ccedil;&atilde;o da ordem de pagamento, pelo Minist&eacute;rio da Sa&uacute;de, atrav&eacute;s da Funasa, sem data estabelecida no momento, para dar in&iacute;cio ao projeto e execu&ccedil;&atilde;o da obra.<\/p>\n<p class=\"MsoNormal\" style=\"margin-top: 0px; margin-right: 0px; margin-bottom: 0px; margin-left: 0px; font-family: arial, sans-serif; font-size: 13px; text-align: justify; \">&nbsp;<\/p>\n<p class=\"MsoNormal\" style=\"margin-top: 0px; margin-right: 0px; margin-bottom: 0px; margin-left: 0px; font-family: arial, sans-serif; font-size: 13px; text-align: justify; \">&nbsp;&ldquo;Durante a campanha eu assumi o compromisso de fazer um mandato municipalista, e tenho lutado diariamente em Bras&iacute;lia para garantir o maior volume poss&iacute;vel de recursos para os munic&iacute;pios&rdquo;, afirmou Zeca Dirceu.<\/p>\n<p class=\"MsoNormal\" style=\"margin-top: 0px; margin-right: 0px; margin-bottom: 0px; margin-left: 0px; font-family: arial, sans-serif; font-size: 13px; text-align: justify; \">&nbsp;<\/p>\n<p class=\"MsoNormal\" style=\"margin-top: 0px; margin-right: 0px; margin-bottom: 0px; margin-left: 0px; font-family: arial, sans-serif; font-size: 13px; text-align: justify; \">Ao todo, ser&atilde;o investidos R$ 2,7 bilh&otilde;es em todo Brasil em obras de sistemas de abastecimento de &aacute;gua, esgoto e melhorias sanit&aacute;rias domiciliares. No Paran&aacute;, o investimento ser&aacute; de R$150 milh&otilde;es em 57 munic&iacute;pios. O prazo para contrata&ccedil;&atilde;o dos projetos de engenharia com vistas a celebrar termo de compromisso, ser&aacute; 29 de fevereiro de 2012.<\/p>\n<div>&nbsp;<\/div>\n","protected":false},"excerpt":{"rendered":"<p>A Funda\u00e7\u00e3o Nacional da Sa\u00fade (Funasa) divulgou na quinta-feira (08), a lista dos munic\u00edpios contemplados com recursos do Programa de Acelera\u00e7\u00e3o o Crescimento (PAC 2). No Paran\u00e1, o investimento ser\u00e1 de R$150 milh\u00f5es, em 57 munic\u00edpios. Dentre eles est\u00e1 Jardim Olinda, com a ordem de R$ 833 mil, direcionados para obras de abastecimento de \u00e1gua do munic\u00edpio. As negocia\u00e7\u00f5es, que foram assistidas pelo deputado federal Zeca Dirceu (PT-PR), comemoram a maior conquista em verbas federais na hist\u00f3ria da cidade.<\/p>\n","protected":false},"author":1,"featured_media":26716,"comment_status":"open","ping_status":"open","sticky":false,"template":"","format":"standard","meta":{"footnotes":""},"categories":[1],"tags":[6079],"class_list":["post-26717","post","type-post","status-publish","format-standard","has-post-thumbnail","hentry","category-noticias-zeca-dirceu","tag-r-833-mil-em-recursos-federais-para-jardim-olinda"],"_links":{"self":[{"href":"https:\/\/teste.bsb.br\/zeca\/wp-json\/wp\/v2\/posts\/26717","targetHints":{"allow":["GET"]}}],"collection":[{"href":"https:\/\/teste.bsb.br\/zeca\/wp-json\/wp\/v2\/posts"}],"about":[{"href":"https:\/\/teste.bsb.br\/zeca\/wp-json\/wp\/v2\/types\/post"}],"author":[{"embeddable":true,"href":"https:\/\/teste.bsb.br\/zeca\/wp-json\/wp\/v2\/users\/1"}],"replies":[{"embeddable":true,"href":"https:\/\/teste.bsb.br\/zeca\/wp-json\/wp\/v2\/comments?post=26717"}],"version-history":[{"count":0,"href":"https:\/\/teste.bsb.br\/zeca\/wp-json\/wp\/v2\/posts\/26717\/revisions"}],"wp:featuredmedia":[{"embeddable":true,"href":"https:\/\/teste.bsb.br\/zeca\/wp-json\/wp\/v2\/media\/26716"}],"wp:attachment":[{"href":"https:\/\/teste.bsb.br\/zeca\/wp-json\/wp\/v2\/media?parent=26717"}],"wp:term":[{"taxonomy":"category","embeddable":true,"href":"https:\/\/teste.bsb.br\/zeca\/wp-json\/wp\/v2\/categories?post=26717"},{"taxonomy":"post_tag","embeddable":true,"href":"https:\/\/teste.bsb.br\/zeca\/wp-json\/wp\/v2\/tags?post=26717"}],"curies":[{"name":"wp","href":"https:\/\/api.w.org\/{rel}","templated":true}]}}