{"id":26715,"date":"2011-12-12T00:00:00","date_gmt":"2011-12-12T02:00:00","guid":{"rendered":"https:\/\/www.zecadirceu.com.br\/as-novas-calunias-da-veja\/"},"modified":"2011-12-12T00:00:00","modified_gmt":"2011-12-12T02:00:00","slug":"as-novas-calunias-da-veja","status":"publish","type":"post","link":"https:\/\/teste.bsb.br\/zeca\/as-novas-calunias-da-veja\/","title":{"rendered":"As &#8220;novas&#8221; cal\u00fanias da Veja"},"content":{"rendered":"<p class=\"MsoNormal\">Por Jos&eacute; Dirceu, em seu blog:<o:p><\/o:p><\/p>\n<p class=\"MsoNormal\">Em reportagem intitulada &ldquo;A trama dos fals&aacute;rios&rdquo;, a revista afirma que parlamentares do PT de Minas teriam participado da cria&ccedil;&atilde;o da chamada &ldquo;lista de Furnas&rdquo;, que conteria nomes de parlamentares, principalmente ligados ao PSDB e ao DEM, supostamente beneficiados por doa&ccedil;&otilde;es ilegais nas elei&ccedil;&otilde;es de 2002.<o:p><\/o:p><\/p>\n<p class=\"MsoNormal\">Uma foto minha ocupa toda a p&aacute;gina inicial da mat&eacute;ria. N&atilde;o tenho rela&ccedil;&atilde;o com o caso. Apenas os leitores que chegarem ao &uacute;ltimo par&aacute;grafo encontrar&atilde;o men&ccedil;&atilde;o a mim, quando a revista afirma que tive encontros com o William dos Santos, advogado de Nilton Monteiro, autor da den&uacute;ncia da &ldquo;lista de Furnas&quot;.<o:p><\/o:p><\/p>\n<p class=\"MsoNormal\">A revista requenta ila&ccedil;&otilde;es j&aacute; feitas pela imprensa em 2009, respondidas por mim &agrave; &eacute;poca. Fui procurado, ent&atilde;o, pelo advogado Wiliam Santos, que representava Nilton Monteiro. Ele queria que eu participasse da defesa de seu cliente. Disse-lhe taxativamente que n&atilde;o tinha tempo para tratar do assunto, nem interesse.<o:p><\/o:p><\/p>\n<p class=\"MsoNormal\"><o:p>&nbsp;<\/o:p><\/p>\n<p class=\"MsoNormal\">Omiss&otilde;es e agress&otilde;es<o:p><\/o:p><\/p>\n<p class=\"MsoNormal\">A revista, tamb&eacute;m, omite do leitor a informa&ccedil;&atilde;o de que na &eacute;poca a dire&ccedil;&atilde;o do PT agiu com cautela em rela&ccedil;&atilde;o &agrave;s den&uacute;ncias sobre a &quot;lista de Furnas&quot;, pedindo investiga&ccedil;&otilde;es, inclusive sobre a autenticidade dos documentos.<o:p><\/o:p><\/p>\n<p class=\"MsoNormal\">Esse &eacute; mais um epis&oacute;dio na escalada de agress&otilde;es que Veja tem praticado contra mim.<o:p><\/o:p><\/p>\n<p class=\"MsoNormal\">As seguidas tentativas da revista contra a minha imagem ganharam contornos criminais quando foi descoberto, em agosto pp., que o jornalista Gustavo Ribeiro tentou invadir o quarto do hotel no qual eu me hospedava em Bras&iacute;lia. Como era de se esperar, o crime virou caso de pol&iacute;cia e agora est&aacute; na al&ccedil;ada da Justi&ccedil;a do Distrito Federal. O autor da reportagem desta semana &eacute; exatamente Gustavo Ribeiro.<o:p><\/o:p><\/p>\n<p class=\"MsoNormal\">A revista Veja ultrapassou todos os limites. O texto desta semana revela que al&eacute;m de atacar a minha biografia, o PT e os governos de Lula e Dilma, a revista busca me retaliar pelo processo contra Gustavo Ribeiro e influenciar o STF em rela&ccedil;&atilde;o ao meu julgamento. As tentativas n&atilde;o v&atilde;o prosperar.<\/p>\n<p class=\"MsoNormal\"><o:p>&nbsp;<\/o:p><\/p>\n<p class=\"MsoNormal\">Blog Jos&eacute; Dirceu<br \/>\n<a href=\"http:\/\/www.zedirceu.com.br\/index.php?option=com_content&amp;task=view&amp;id=14046&amp;Itemid=2\">http:\/\/www.zedirceu.com.br\/index.php?option=com_content&amp;task=view&amp;id=14046&amp;Itemid=2<\/a><\/p>\n<p class=\"MsoNormal\"><a href=\"http:\/\/altamiroborges.blogspot.com\/2011\/12\/as-novas-calunias-da-veja.html#more\">http:\/\/altamiroborges.blogspot.com\/2011\/12\/as-novas-calunias-da-veja.html#more<\/a><\/p><\/p>\n","protected":false},"excerpt":{"rendered":"<p>Por Jos\u00e9 Dirceu, em seu blog:<\/p>\n<p>Em reportagem intitulada \u201cA trama dos fals\u00e1rios\u201d, a revista afirma que parlamentares do PT de Minas teriam participado da cria\u00e7\u00e3o da chamada \u201clista de Furnas\u201d, que conteria nomes de parlamentares, principalmente ligados ao PSDB e ao DEM, supostamente beneficiados por doa\u00e7\u00f5es ilegais nas elei\u00e7\u00f5es de 2002.<\/p>\n","protected":false},"author":1,"featured_media":26714,"comment_status":"open","ping_status":"open","sticky":false,"template":"","format":"standard","meta":{"footnotes":""},"categories":[1],"tags":[6078],"class_list":["post-26715","post","type-post","status-publish","format-standard","has-post-thumbnail","hentry","category-noticias-zeca-dirceu","tag-as-novas-calunias-da-veja"],"_links":{"self":[{"href":"https:\/\/teste.bsb.br\/zeca\/wp-json\/wp\/v2\/posts\/26715","targetHints":{"allow":["GET"]}}],"collection":[{"href":"https:\/\/teste.bsb.br\/zeca\/wp-json\/wp\/v2\/posts"}],"about":[{"href":"https:\/\/teste.bsb.br\/zeca\/wp-json\/wp\/v2\/types\/post"}],"author":[{"embeddable":true,"href":"https:\/\/teste.bsb.br\/zeca\/wp-json\/wp\/v2\/users\/1"}],"replies":[{"embeddable":true,"href":"https:\/\/teste.bsb.br\/zeca\/wp-json\/wp\/v2\/comments?post=26715"}],"version-history":[{"count":0,"href":"https:\/\/teste.bsb.br\/zeca\/wp-json\/wp\/v2\/posts\/26715\/revisions"}],"wp:featuredmedia":[{"embeddable":true,"href":"https:\/\/teste.bsb.br\/zeca\/wp-json\/wp\/v2\/media\/26714"}],"wp:attachment":[{"href":"https:\/\/teste.bsb.br\/zeca\/wp-json\/wp\/v2\/media?parent=26715"}],"wp:term":[{"taxonomy":"category","embeddable":true,"href":"https:\/\/teste.bsb.br\/zeca\/wp-json\/wp\/v2\/categories?post=26715"},{"taxonomy":"post_tag","embeddable":true,"href":"https:\/\/teste.bsb.br\/zeca\/wp-json\/wp\/v2\/tags?post=26715"}],"curies":[{"name":"wp","href":"https:\/\/api.w.org\/{rel}","templated":true}]}}