{"id":26711,"date":"2011-12-12T00:00:00","date_gmt":"2011-12-12T02:00:00","guid":{"rendered":"https:\/\/www.zecadirceu.com.br\/piso-da-saude-sobe-cerca-de-r-5-bilhoes-em-2012-com-emendas-parlamentares\/"},"modified":"2011-12-12T00:00:00","modified_gmt":"2011-12-12T02:00:00","slug":"piso-da-saude-sobe-cerca-de-r-5-bilhoes-em-2012-com-emendas-parlamentares","status":"publish","type":"post","link":"https:\/\/teste.bsb.br\/zeca\/piso-da-saude-sobe-cerca-de-r-5-bilhoes-em-2012-com-emendas-parlamentares\/","title":{"rendered":"Piso da sa\u00fade sobe cerca de R$ 5 bilh\u00f5es em 2012 com emendas parlamentares"},"content":{"rendered":"<p>&nbsp;Valor pode ser ainda maior com a inclus&atilde;o de emendas das bancadas estaduais. Apesar de o Or&ccedil;amento indicar um gasto m&iacute;nimo na &aacute;rea, governo pode contingenciar parte desse valor.<\/p>\n<p class=\"MsoNormal\"><o:p><\/o:p><\/p>\n<p class=\"MsoNormal\">Um dia ap&oacute;s o Senado aprovar a regulamenta&ccedil;&atilde;o dos gastos m&iacute;nimos com sa&uacute;de p&uacute;blica (Emenda 29), a Comiss&atilde;o Mista de Or&ccedil;amento deu in&iacute;cio nesta quinta-feira (8) &agrave; discuss&atilde;o sobre os recursos para a &aacute;rea no pr&oacute;ximo ano. A atua&ccedil;&atilde;o de deputados e senadores, por meio de emendas, dever&aacute; elevar as despesas m&iacute;nimas com a&ccedil;&otilde;es e servi&ccedil;os p&uacute;blicos de sa&uacute;de em cerca R$ 5 bilh&otilde;es, um valor recorde nos &uacute;ltimos anos. No total, o piso da sa&uacute;de (valor m&iacute;nimo que deve ser gasto nas a&ccedil;&otilde;es de sa&uacute;de, segundo o Or&ccedil;amento) deve se aproximar de R$ 85 bilh&otilde;es, frente aos R$ 79,6 bilh&otilde;es previstos no projeto or&ccedil;ament&aacute;rio (PLN 28\/11).<o:p><\/o:p><\/p>\n<p class=\"MsoNormal\">O valor &eacute; 17,5% maior do que os R$ 71,5 bilh&otilde;es empenhados neste ano. O crescimento foi motivado pela prioridade que deputados e senadores decidiram dar &agrave; sa&uacute;de, por meio de emendas parlamentares, inclu&iacute;do as de iniciativa popular, apresentadas por munic&iacute;pios com at&eacute; 50 mil habitantes. N&atilde;o &eacute; a primeira vez que os parlamentares focam a &aacute;rea, mas o valor deste ano &eacute; o maior de per&iacute;odos recentes.<o:p><\/o:p><\/p>\n<p class=\"MsoNormal\">Os n&uacute;meros foram apresentados pelo relator setorial da &aacute;rea de Sa&uacute;de, deputado Rui Costa (PT-BA), durante a leitura do seu parecer na comiss&atilde;o. Ele ressaltou a atua&ccedil;&atilde;o parlamentar e afirmou que o acr&eacute;scimo na &aacute;rea poder&aacute; ser ainda maior, pois o relator-geral da proposta or&ccedil;ament&aacute;ria, deputado Arlindo Chinaglia (PT-SP), vai distribuir recursos para as bancadas estaduais, e parte poder&aacute; ir para sa&uacute;de. &ldquo;O valor final deve ficar R$ 6 bilh&otilde;es ou R$ 6,5 bilh&otilde;es maior&rdquo;, afirmou. &ldquo;&Eacute; um esfor&ccedil;o do Congresso para, sem a introdu&ccedil;&atilde;o de um novo tributo, elevar os gastos com sa&uacute;de&rdquo;.<o:p><\/o:p><\/p>\n<p class=\"MsoNormal\">Contingenciamento<o:p><\/o:p><\/p>\n<p class=\"MsoNormal\">Apesar do ganho, alguns parlamentares enfatizaram que o crescimento poder&aacute; n&atilde;o ser totalmente aplicado na Sa&uacute;de. De acordo com a Emenda Constitucional 29\/00 &ndash; cuja regulamenta&ccedil;&atilde;o foi aprovada pelos senadores nesta quarta, ap&oacute;s passar pela C&acirc;mara &ndash;, o valor m&iacute;nimo de gastos da Uni&atilde;o com sa&uacute;de deve ser equivalente ao montante empenhado no ano anterior, acrescido da varia&ccedil;&atilde;o nominal do Produto Interno Bruto (PIB) do ano anterior.<o:p><\/o:p><\/p>\n<p class=\"MsoNormal\">Aplicada para 2012, essa regra produz um piso de R$ 79,9 bilh&otilde;es. Essa &eacute; a dota&ccedil;&atilde;o que o governo &eacute; obrigado a realizar em a&ccedil;&otilde;es de sa&uacute;de no pr&oacute;ximo ano. N&atilde;o h&aacute; obrigatoriedade legal de execu&ccedil;&atilde;o sobre o que passar desse valor, mesmo o Or&ccedil;amento indicando um piso maior. Nesse caso, os R$ 5 bilh&otilde;es j&aacute; acrescidos pelos parlamentares podem acabar entrando no contingenciamento, que &eacute; anunciado todo in&iacute;cio de ano.<o:p><\/o:p><\/p>\n<p class=\"MsoNormal\">Essa quest&atilde;o levou o presidente da Frente Parlamentar da Sa&uacute;de, deputado Darc&iacute;sio Perondi (PMDB-RS), a afirmar que o crescimento dos recursos para o pr&oacute;ximo ano ainda n&atilde;o deve ser comemorado. &ldquo;N&atilde;o d&aacute; para dizer que o piso foi melhorado e nem que haver&aacute; mais dinheiro na &aacute;rea federal&rdquo;, disse. Segundo ele, a regulamenta&ccedil;&atilde;o dos gastos com sa&uacute;de, somada &agrave; atua&ccedil;&atilde;o parlamentar por meio das emendas, representa uma &ldquo;vit&oacute;ria parcial, e n&atilde;o vai mudar muito a vida do cidad&atilde;o&rdquo;.<o:p><\/o:p><\/p>\n<p class=\"MsoNormal\">Demais relat&oacute;rios<\/p>\n<p class=\"MsoNormal\">O relat&oacute;rio setorial da Sa&uacute;de foi lido na Comiss&atilde;o de Or&ccedil;amento ap&oacute;s um acordo fechado entre os l&iacute;deres partid&aacute;rios no colegiado. Com o acordo, tr&ecirc;s relat&oacute;rios setoriais e o parecer do Comit&ecirc; de Admissibilidade de Emenda, de autoria do seu coordenador, deputado Danilo Forte (PMDB-CE), foram lidos e discutidos nesta quinta. A vota&ccedil;&atilde;o foi transferida para a pr&oacute;xima semana, quando os sete relat&oacute;rios setoriais restantes devem ser tamb&eacute;m discutidos e votados.<o:p><\/o:p><\/p>\n<p class=\"MsoNormal\"><o:p>&nbsp;<\/o:p><\/p>\n<p class=\"MsoNormal\">Reportagem &#8211; Janary J&uacute;nior <o:p><\/o:p><\/p>\n<p class=\"MsoNormal\">Edi&ccedil;&atilde;o &ndash; Daniella Cronemberger<\/p>\n<p class=\"MsoNormal\">C&acirc;mara Federal<\/p>\n","protected":false},"excerpt":{"rendered":"<p>Um dia ap\u00f3s o Senado aprovar a regulamenta\u00e7\u00e3o dos gastos m\u00ednimos com sa\u00fade p\u00fablica (Emenda 29), a Comiss\u00e3o Mista de Or\u00e7amento deu in\u00edcio nesta quinta-feira (8) \u00e0 discuss\u00e3o sobre os recursos para a \u00e1rea no pr\u00f3ximo ano. A atua\u00e7\u00e3o de deputados e senadores, por meio de emendas, dever\u00e1 elevar as despesas m\u00ednimas com a\u00e7\u00f5es e servi\u00e7os p\u00fablicos de sa\u00fade em cerca R$ 5 bilh\u00f5es, um valor recorde nos \u00faltimos anos. No total, o piso da sa\u00fade (valor m\u00ednimo que deve ser gasto nas a\u00e7\u00f5es de sa\u00fade, segundo o Or\u00e7amento) deve se aproximar de R$ 85 bilh\u00f5es, frente aos R$ 79,6 bilh\u00f5es previstos no projeto or\u00e7ament\u00e1rio (PLN 28\/11).<\/p>\n","protected":false},"author":1,"featured_media":26710,"comment_status":"open","ping_status":"open","sticky":false,"template":"","format":"standard","meta":{"footnotes":""},"categories":[1],"tags":[6076],"class_list":["post-26711","post","type-post","status-publish","format-standard","has-post-thumbnail","hentry","category-noticias-zeca-dirceu","tag-piso-da-saude-sobe-cerca-de-r-5-bilhoes-em-2012-com-emendas-parlamentares"],"_links":{"self":[{"href":"https:\/\/teste.bsb.br\/zeca\/wp-json\/wp\/v2\/posts\/26711","targetHints":{"allow":["GET"]}}],"collection":[{"href":"https:\/\/teste.bsb.br\/zeca\/wp-json\/wp\/v2\/posts"}],"about":[{"href":"https:\/\/teste.bsb.br\/zeca\/wp-json\/wp\/v2\/types\/post"}],"author":[{"embeddable":true,"href":"https:\/\/teste.bsb.br\/zeca\/wp-json\/wp\/v2\/users\/1"}],"replies":[{"embeddable":true,"href":"https:\/\/teste.bsb.br\/zeca\/wp-json\/wp\/v2\/comments?post=26711"}],"version-history":[{"count":0,"href":"https:\/\/teste.bsb.br\/zeca\/wp-json\/wp\/v2\/posts\/26711\/revisions"}],"wp:featuredmedia":[{"embeddable":true,"href":"https:\/\/teste.bsb.br\/zeca\/wp-json\/wp\/v2\/media\/26710"}],"wp:attachment":[{"href":"https:\/\/teste.bsb.br\/zeca\/wp-json\/wp\/v2\/media?parent=26711"}],"wp:term":[{"taxonomy":"category","embeddable":true,"href":"https:\/\/teste.bsb.br\/zeca\/wp-json\/wp\/v2\/categories?post=26711"},{"taxonomy":"post_tag","embeddable":true,"href":"https:\/\/teste.bsb.br\/zeca\/wp-json\/wp\/v2\/tags?post=26711"}],"curies":[{"name":"wp","href":"https:\/\/api.w.org\/{rel}","templated":true}]}}