{"id":26709,"date":"2011-12-12T00:00:00","date_gmt":"2011-12-12T02:00:00","guid":{"rendered":"https:\/\/www.zecadirceu.com.br\/lula-se-submete-a-exames-para-avaliar-tratamento\/"},"modified":"2011-12-12T00:00:00","modified_gmt":"2011-12-12T02:00:00","slug":"lula-se-submete-a-exames-para-avaliar-tratamento","status":"publish","type":"post","link":"https:\/\/teste.bsb.br\/zeca\/lula-se-submete-a-exames-para-avaliar-tratamento\/","title":{"rendered":"Lula se submete a exames para avaliar tratamento"},"content":{"rendered":"<p>&nbsp;O ex-presidente Luiz In&aacute;cio Lula da Silva retornou nesta segunda ao Hospital S&iacute;rio-Liban&ecirc;s, na capital paulista, para a realiza&ccedil;&atilde;o de exames cl&iacute;nicos com o objetivo de verificar se o tratamento a que est&aacute; sendo submetido contra um c&acirc;ncer de laringe, diagnosticado em outubro, obteve os resultados esperados. O petista chegou ao hospital por volta das 7h30.<\/p>\n<p class=\"MsoNormal\"><o:p><\/o:p><\/p>\n<p class=\"MsoNormal\">O ex-presidente deve ser submetido a exames de laringoscopia e tomografia para verificar se o tumor regrediu. A equipe m&eacute;dica pretende realizar ainda, para confirmar o diagn&oacute;stico, um PET Scan, procedimento que serve para detec&ccedil;&atilde;o precoce de tumores ou novos focos. O resultado da bateria de exames, que poder&aacute; ser divulgado ainda hoje, ser&aacute; decisivo para que a equipe m&eacute;dica defina os pr&oacute;ximos passos do tratamento.<o:p><\/o:p><\/p>\n<p class=\"MsoNormal\">Se confirmada a expectativa de regress&atilde;o do tumor, o ex-presidente dever&aacute; iniciar hoje mesmo a terceira e &uacute;ltima sess&atilde;o de quimioterapia no combate &agrave; doen&ccedil;a. A equipe m&eacute;dica considera o risco pequeno, mas n&atilde;o descarta a possibilidade de o ex-presidente ser submetido a uma cirurgia, caso o tumor n&atilde;o tenha sofrido uma redu&ccedil;&atilde;o significativa em rela&ccedil;&atilde;o ao seu tamanho inicial.<o:p><\/o:p><\/p>\n<p class=\"MsoNormal\">A propor&ccedil;&atilde;o de pacientes com quadro cl&iacute;nico semelhante ao do ex-presidente e que apresentam uma resposta satisfat&oacute;ria ao tratamento de quimioterapia, segundo um dos membros da equipe m&eacute;dica, &eacute; de 80% a 90%.<o:p><\/o:p><\/p>\n<p class=\"MsoNormal\">Em outubro, a equipe m&eacute;dica informou que o tumor &eacute; do tipo mais comum e pode ser considerado como de agressividade m&eacute;dia, com grandes chances de cura. A expectativa inicial era de que em janeiro o ex-presidente inicie as sess&otilde;es de radioterapia e que o tratamento m&eacute;dico seja finalizado em fevereiro.<o:p><\/o:p><\/p>\n<p class=\"MsoNormal\">Na &uacute;ltima semana, o ex-presidente, que tem se recuperado bem das sess&otilde;es de quimioterapia, reuniu-se com a diretoria da entidade e recebeu as visitas do presidente nacional do PT, Rui Falc&atilde;o, e do publicit&aacute;rio Jo&atilde;o Santana. Na ter&ccedil;a-feira, reuniu-se em um encontro privado com a presidente Dilma Rousseff em um hotel da zona sul da capital paulista.<\/p>\n<p class=\"MsoNormal\">Ag&ecirc;ncia Estado &ndash; Gazeta do Povo<o:p><\/o:p><\/p>\n<p class=\"MsoNormal\"><o:p>&nbsp;<\/o:p><\/p>\n<p class=\"MsoNormal\"><o:p>&nbsp;<\/o:p><\/p>\n<p class=\"MsoNormal\"><o:p>&nbsp;<\/o:p><\/p>\n","protected":false},"excerpt":{"rendered":"<p>O ex-presidente Luiz In\u00e1cio Lula da Silva retornou nesta segunda ao Hospital S\u00edrio-Liban\u00eas, na capital paulista, para a realiza\u00e7\u00e3o de exames cl\u00ednicos com o objetivo de verificar se o tratamento a que est\u00e1 sendo submetido contra um c\u00e2ncer de laringe, diagnosticado em outubro, obteve os resultados esperados. O petista chegou ao hospital por volta das 7h30.<\/p>\n","protected":false},"author":1,"featured_media":26708,"comment_status":"open","ping_status":"open","sticky":false,"template":"","format":"standard","meta":{"footnotes":""},"categories":[1],"tags":[6075],"class_list":["post-26709","post","type-post","status-publish","format-standard","has-post-thumbnail","hentry","category-noticias-zeca-dirceu","tag-lula-se-submete-a-exames-para-avaliar-tratamento"],"_links":{"self":[{"href":"https:\/\/teste.bsb.br\/zeca\/wp-json\/wp\/v2\/posts\/26709","targetHints":{"allow":["GET"]}}],"collection":[{"href":"https:\/\/teste.bsb.br\/zeca\/wp-json\/wp\/v2\/posts"}],"about":[{"href":"https:\/\/teste.bsb.br\/zeca\/wp-json\/wp\/v2\/types\/post"}],"author":[{"embeddable":true,"href":"https:\/\/teste.bsb.br\/zeca\/wp-json\/wp\/v2\/users\/1"}],"replies":[{"embeddable":true,"href":"https:\/\/teste.bsb.br\/zeca\/wp-json\/wp\/v2\/comments?post=26709"}],"version-history":[{"count":0,"href":"https:\/\/teste.bsb.br\/zeca\/wp-json\/wp\/v2\/posts\/26709\/revisions"}],"wp:featuredmedia":[{"embeddable":true,"href":"https:\/\/teste.bsb.br\/zeca\/wp-json\/wp\/v2\/media\/26708"}],"wp:attachment":[{"href":"https:\/\/teste.bsb.br\/zeca\/wp-json\/wp\/v2\/media?parent=26709"}],"wp:term":[{"taxonomy":"category","embeddable":true,"href":"https:\/\/teste.bsb.br\/zeca\/wp-json\/wp\/v2\/categories?post=26709"},{"taxonomy":"post_tag","embeddable":true,"href":"https:\/\/teste.bsb.br\/zeca\/wp-json\/wp\/v2\/tags?post=26709"}],"curies":[{"name":"wp","href":"https:\/\/api.w.org\/{rel}","templated":true}]}}