{"id":26705,"date":"2011-12-12T00:00:00","date_gmt":"2011-12-12T02:00:00","guid":{"rendered":"https:\/\/www.zecadirceu.com.br\/ivate-ira-receber-r-245-mil-para-construcao-do-aterro-sanitario\/"},"modified":"2011-12-12T00:00:00","modified_gmt":"2011-12-12T02:00:00","slug":"ivate-ira-receber-r-245-mil-para-construcao-do-aterro-sanitario","status":"publish","type":"post","link":"https:\/\/teste.bsb.br\/zeca\/ivate-ira-receber-r-245-mil-para-construcao-do-aterro-sanitario\/","title":{"rendered":"Ivat\u00e9 ir\u00e1 receber R$ 245 mil para constru\u00e7\u00e3o do aterro sanit\u00e1rio"},"content":{"rendered":"<div class=\"gmail_quote\">\n<p class=\"MsoNormal\" style=\"font-family: arial, sans-serif; font-size: 13px; margin-top: 0px; margin-right: 0px; margin-bottom: 0px; margin-left: 0px; text-align: justify; \"><font face=\"arial, helvetica, sans-serif\">O munic&iacute;pio de Ivat&eacute; tem sua proposta de constru&ccedil;&atilde;o de um aterro sanit&aacute;rio empenhada pela Funda&ccedil;&atilde;o Nacional de Sa&uacute;de (Funasa), desde ter&ccedil;a-feira, 06. Os recursos atendem a ordem de R$ 245 mil, para a constru&ccedil;&atilde;o. As tratativas foram realizadas pelo deputado federal Zeca Dirceu (PT-PR).<\/font><\/p>\n<p class=\"MsoNormal\" style=\"font-family: arial, sans-serif; font-size: 13px; margin-top: 0px; margin-right: 0px; margin-bottom: 0px; margin-left: 0px; text-align: justify; \"><font face=\"arial, helvetica, sans-serif\"><br \/>\n<\/font><\/p>\n<p class=\"MsoNormal\" style=\"font-family: arial, sans-serif; font-size: 13px; margin-top: 0px; margin-right: 0px; margin-bottom: 0px; margin-left: 0px; text-align: justify; \"><font face=\"arial, helvetica, sans-serif\">&ldquo;Fizemos um esfor&ccedil;o grande para contemplar Ivat&eacute;, com este recurso ainda durante o ano de 2011, e a Funasa entendeu a necessidade de liberar as verbas porque atendem uma &aacute;rea priorit&aacute;ria, que &eacute; a de res&iacute;duos s&oacute;lidos, que impactam diretamente na qualidade de vida da popula&ccedil;&atilde;o beneficiada&rdquo;, afirmou o parlamentar, que &eacute; vice-l&iacute;der da bancada petista na C&acirc;mara dos Deputados.<\/font><\/p>\n<p class=\"MsoNormal\" style=\"font-family: arial, sans-serif; font-size: 13px; margin-top: 0px; margin-right: 0px; margin-bottom: 0px; margin-left: 0px; text-align: justify; \"><font face=\"arial, helvetica, sans-serif\"><br \/>\n<\/font><\/p>\n<p class=\"MsoNormal\" style=\"font-family: arial, sans-serif; font-size: 13px; margin-top: 0px; margin-right: 0px; margin-bottom: 0px; margin-left: 0px; text-align: justify; \"><font face=\"arial, helvetica, sans-serif\">O recurso na ordem de R$ 245 mil deve atender a necessidade da constru&ccedil;&atilde;o de um aterro sanit&aacute;rio no munic&iacute;pio. &ldquo;&Eacute; uma conquista muito importante para o munic&iacute;pio e, principalmente, para a Sa&uacute;de da popula&ccedil;&atilde;o de Ivat&eacute;&rdquo;, ressaltou a vereadora Maria Cla&uacute;dia Pedrozo. Para o prefeito Sidnei Delai, &ldquo;O deputado Zeca Dirceu sempre nos fez confiantes na espera. Agora que a proposta est&aacute; empenhada o aterro sanit&aacute;rio tem a garantia de constru&ccedil;&atilde;o&rdquo; enfatizou o prefeito.<\/font><\/p>\n<p class=\"MsoNormal\" style=\"font-family: arial, sans-serif; font-size: 13px; margin-top: 0px; margin-right: 0px; margin-bottom: 0px; margin-left: 0px; text-align: justify; \"><font face=\"arial, helvetica, sans-serif\"><br \/>\n<\/font><\/p>\n<p class=\"MsoNormal\" style=\"font-family: arial, sans-serif; font-size: 13px; margin-top: 0px; margin-right: 0px; margin-bottom: 0px; margin-left: 0px; text-align: justify; \"><font face=\"arial, helvetica, sans-serif\">O pr&oacute;ximo passo &eacute; esperar a libera&ccedil;&atilde;o da ordem de pagamento, pelo Minist&eacute;rio da Sa&uacute;de, atrav&eacute;s da Funasa, sem data estabelecida no momento, para dar in&iacute;cio ao projeto e execu&ccedil;&atilde;o da obra.<\/font><\/p>\n<p class=\"MsoNormal\" style=\"font-family: arial, sans-serif; font-size: 13px; margin-top: 0px; margin-right: 0px; margin-bottom: 0px; margin-left: 0px; text-align: justify; \"><font face=\"arial, helvetica, sans-serif\"><br \/>\n<\/font><\/p>\n<p class=\"MsoNormal\" style=\"font-family: arial, sans-serif; font-size: 13px; margin-top: 0px; margin-right: 0px; margin-bottom: 0px; margin-left: 0px; text-align: justify; \"><font face=\"arial, helvetica, sans-serif\">&ldquo;Durante a campanha eu assumi o compromisso de fazer um mandato municipalista, e tenho lutado diariamente em Bras&iacute;lia para garantir o maior volume poss&iacute;vel de recursos para os munic&iacute;pios&rdquo;, afirmou Zeca Dirceu.<\/font><\/p>\n<p class=\"MsoNormal\" style=\"font-family: arial, sans-serif; font-size: 13px; margin-top: 0px; margin-right: 0px; margin-bottom: 0px; margin-left: 0px; text-align: justify; \"><font face=\"arial, helvetica, sans-serif\"><br \/>\n<\/font><\/p>\n<p class=\"MsoNormal\" style=\"font-family: arial, sans-serif; font-size: 13px; margin-top: 0px; margin-right: 0px; margin-bottom: 0px; margin-left: 0px; text-align: justify; \"><font face=\"arial, helvetica, sans-serif\">Para os munic&iacute;pios do Paran&aacute; a Funda&ccedil;&atilde;o Nacional de Sa&uacute;de (Funasa) empenhou, no total, recursos na ordem de R$ 1,71 milh&otilde;es para dez munic&iacute;pios do estado, referentes &agrave;s tratativas do deputado federal Zeca Dirceu (PT-PR). As verbas atendem os munic&iacute;pios de Formosa do Oeste, Cruzeiro do Sul, P&eacute;rola D&rsquo;Oeste, Realeza, Assis Chateaubriand, S&atilde;o Miguel do Igua&ccedil;u, Tuneiras do Oeste, Tibagi, P&eacute;rola e Ivat&eacute;, cada qual com sua proposta individual.<\/font><\/p>\n<div style=\"font-family: arial, sans-serif; font-size: 13px; \"><font color=\"#888888\"><br \/>\n<\/font><\/div>\n<\/div>\n","protected":false},"excerpt":{"rendered":"<p>O munic\u00edpio de Ivat\u00e9 tem sua proposta de constru\u00e7\u00e3o de um aterro sanit\u00e1rio empenhada pela Funda\u00e7\u00e3o Nacional de Sa\u00fade (Funasa), desde ter\u00e7a-feira, 06. Os recursos atendem a ordem de R$ 245 mil, para a constru\u00e7\u00e3o. As tratativas foram realizadas pelo deputado federal Zeca Dirceu (PT-PR).<\/p>\n","protected":false},"author":1,"featured_media":26704,"comment_status":"open","ping_status":"open","sticky":false,"template":"","format":"standard","meta":{"footnotes":""},"categories":[1],"tags":[6072],"class_list":["post-26705","post","type-post","status-publish","format-standard","has-post-thumbnail","hentry","category-noticias-zeca-dirceu","tag-ivate-ira-receber-r-245-mil-para-construcao-do-aterro-sanitario"],"_links":{"self":[{"href":"https:\/\/teste.bsb.br\/zeca\/wp-json\/wp\/v2\/posts\/26705","targetHints":{"allow":["GET"]}}],"collection":[{"href":"https:\/\/teste.bsb.br\/zeca\/wp-json\/wp\/v2\/posts"}],"about":[{"href":"https:\/\/teste.bsb.br\/zeca\/wp-json\/wp\/v2\/types\/post"}],"author":[{"embeddable":true,"href":"https:\/\/teste.bsb.br\/zeca\/wp-json\/wp\/v2\/users\/1"}],"replies":[{"embeddable":true,"href":"https:\/\/teste.bsb.br\/zeca\/wp-json\/wp\/v2\/comments?post=26705"}],"version-history":[{"count":0,"href":"https:\/\/teste.bsb.br\/zeca\/wp-json\/wp\/v2\/posts\/26705\/revisions"}],"wp:featuredmedia":[{"embeddable":true,"href":"https:\/\/teste.bsb.br\/zeca\/wp-json\/wp\/v2\/media\/26704"}],"wp:attachment":[{"href":"https:\/\/teste.bsb.br\/zeca\/wp-json\/wp\/v2\/media?parent=26705"}],"wp:term":[{"taxonomy":"category","embeddable":true,"href":"https:\/\/teste.bsb.br\/zeca\/wp-json\/wp\/v2\/categories?post=26705"},{"taxonomy":"post_tag","embeddable":true,"href":"https:\/\/teste.bsb.br\/zeca\/wp-json\/wp\/v2\/tags?post=26705"}],"curies":[{"name":"wp","href":"https:\/\/api.w.org\/{rel}","templated":true}]}}