{"id":26695,"date":"2011-12-13T00:00:00","date_gmt":"2011-12-13T02:00:00","guid":{"rendered":"https:\/\/www.zecadirceu.com.br\/tumor-de-lula-reduz-75-e-medicos-descartam-cirurgia\/"},"modified":"2011-12-13T00:00:00","modified_gmt":"2011-12-13T02:00:00","slug":"tumor-de-lula-reduz-75-e-medicos-descartam-cirurgia","status":"publish","type":"post","link":"https:\/\/teste.bsb.br\/zeca\/tumor-de-lula-reduz-75-e-medicos-descartam-cirurgia\/","title":{"rendered":"Tumor de Lula reduz 75% e m\u00e9dicos descartam cirurgia"},"content":{"rendered":"<p>Exames realizados pelo ex-presidente Luiz In&aacute;cio Lula da Silva nesta segunda-feira (12) mostram que o tumor que ele tem na laringe regrediu cerca de 75%, surpreendendo positivamente a equipe m&eacute;dica. Devido ao sucesso do tratamento, os m&eacute;dicos j&aacute; descartaram a hip&oacute;tese de uma cirurgia.<\/p>\n<p>Segundo Roberto Kalil Filho, chefe da equipe, o estado geral e cl&iacute;nico do ex-presidente &eacute; muito bom, e ele deve come&ccedil;ar a terceira e &uacute;ltima sess&atilde;o de quimioterapia ainda nesta segunda-feira.<\/p>\n<p>Roberto Kalil Filho conta a Lula e Marisa que tumor do ex-presidente regrediu 75%. Foto: Ricardo Stuckert\/Instituto Lula. Veja foto em alta resolu&ccedil;&atilde;o no Picasa.<\/p>\n<p>Lula dever&aacute; ter alta na noite de ter&ccedil;a, e em janeiro come&ccedil;ar&aacute; o tratamento com radioterapia. Pelo tamanho do tumor, &ldquo;a cirurgia est&aacute; totalmente descartada&rdquo;, disse Kalil Filho em entrevista coletiva concedida no Hospital S&iacute;rio-Liban&ecirc;s, em S&atilde;o Paulo.<\/p>\n<p>Segundo o m&eacute;dico, o ex-presidente j&aacute; apresenta redu&ccedil;&atilde;o na rouquid&atilde;o, um sinal da regress&atilde;o do tumor. Na manh&atilde; desta segunda-feira, Lula estava apreensivo com o resultado dos exames, mas ele e a equipe m&eacute;dica ficaram aliviados ao constatar que o tratamento surtiu bons efeitos.<\/p>\n<p>&ldquo;Ele est&aacute; no caminho que conduz &agrave; cura&rdquo;, afirmou o m&eacute;dico Artur Katz, acrescentando que a melhora excede o que eles esperavam.<\/p>\n<p>Segundo o m&eacute;dico Paulo Hoff, a radioterapia deve durar entre tr&ecirc;s e seis semanas, se encerrando em meados de fevereiro. A previs&atilde;o &eacute; de que em mar&ccedil;o Lula retome suas atividades.<\/p>\n<p>Hoff explicou que, mesmo com a redu&ccedil;&atilde;o do tumor, a radioterapia n&atilde;o pode ser deixada de lado. &ldquo;Ela &eacute; importante porque &eacute; a parte curativa&rdquo;, disse.<\/p>\n<p>O m&eacute;dico Rubens de Britto relatou que o estado da laringe de Lula &eacute; normal e que ele n&atilde;o apresenta problemas de degluti&ccedil;&atilde;o.<\/p>\n<p>Fonte: Instituto Cidadania<\/p>\n","protected":false},"excerpt":{"rendered":"<p>Exames realizados pelo ex-presidente Luiz In\u00e1cio Lula da Silva nesta segunda-feira (12) mostram que o tumor que ele tem na laringe regrediu cerca de 75%, surpreendendo positivamente a equipe m\u00e9dica. Devido ao sucesso do tratamento, os m\u00e9dicos j\u00e1 descartaram a hip\u00f3tese de uma cirurgia.<\/p>\n","protected":false},"author":1,"featured_media":26694,"comment_status":"open","ping_status":"open","sticky":false,"template":"","format":"standard","meta":{"footnotes":""},"categories":[1],"tags":[498,170],"class_list":["post-26695","post","type-post","status-publish","format-standard","has-post-thumbnail","hentry","category-noticias-zeca-dirceu","tag-cancer","tag-lula"],"_links":{"self":[{"href":"https:\/\/teste.bsb.br\/zeca\/wp-json\/wp\/v2\/posts\/26695","targetHints":{"allow":["GET"]}}],"collection":[{"href":"https:\/\/teste.bsb.br\/zeca\/wp-json\/wp\/v2\/posts"}],"about":[{"href":"https:\/\/teste.bsb.br\/zeca\/wp-json\/wp\/v2\/types\/post"}],"author":[{"embeddable":true,"href":"https:\/\/teste.bsb.br\/zeca\/wp-json\/wp\/v2\/users\/1"}],"replies":[{"embeddable":true,"href":"https:\/\/teste.bsb.br\/zeca\/wp-json\/wp\/v2\/comments?post=26695"}],"version-history":[{"count":0,"href":"https:\/\/teste.bsb.br\/zeca\/wp-json\/wp\/v2\/posts\/26695\/revisions"}],"wp:featuredmedia":[{"embeddable":true,"href":"https:\/\/teste.bsb.br\/zeca\/wp-json\/wp\/v2\/media\/26694"}],"wp:attachment":[{"href":"https:\/\/teste.bsb.br\/zeca\/wp-json\/wp\/v2\/media?parent=26695"}],"wp:term":[{"taxonomy":"category","embeddable":true,"href":"https:\/\/teste.bsb.br\/zeca\/wp-json\/wp\/v2\/categories?post=26695"},{"taxonomy":"post_tag","embeddable":true,"href":"https:\/\/teste.bsb.br\/zeca\/wp-json\/wp\/v2\/tags?post=26695"}],"curies":[{"name":"wp","href":"https:\/\/api.w.org\/{rel}","templated":true}]}}