{"id":26675,"date":"2011-12-14T00:00:00","date_gmt":"2011-12-14T02:00:00","guid":{"rendered":"https:\/\/www.zecadirceu.com.br\/zeca-representa-a-industria-textil-e-confeccao-durante-cerimonia-de-honra-em-sp\/"},"modified":"2011-12-14T00:00:00","modified_gmt":"2011-12-14T02:00:00","slug":"zeca-representa-a-industria-textil-e-confeccao-durante-cerimonia-de-honra-em-sp","status":"publish","type":"post","link":"https:\/\/teste.bsb.br\/zeca\/zeca-representa-a-industria-textil-e-confeccao-durante-cerimonia-de-honra-em-sp\/","title":{"rendered":"Zeca representa a Ind\u00fastria T\u00eaxtil e Confec\u00e7\u00e3o, durante cerim\u00f4nia de honra em SP"},"content":{"rendered":"<p>&nbsp; <span style=\"font-family: arial, sans-serif; font-size: 13px; \">O deputado Zeca Dirceu prestigiou a entrega da medalha do m&eacute;rito da Associa&ccedil;&atilde;o Brasileira da Ind&uacute;stria T&ecirc;xtil (ABIT) ao ministro da Fazenda, Guido Mantega e ao<\/span><span style=\"font-family: arial, sans-serif; font-size: 13px; \">&nbsp;presidente da Paramount T&ecirc;xtil, Fuad Mattar, realizado em S&atilde;o Paulo no in&iacute;co do m&ecirc;s.<\/span><span style=\"font-family: arial, sans-serif; font-size: 13px; \">&nbsp;No &aacute;udio, ele fala sobre as pol&iacute;ticas p&uacute;blicas para o setor t&ecirc;xtil.<\/p>\n<p>Representando a Frente Parlamentar da Ind&uacute;stria T&ecirc;xtil e Confec&ccedil;&atilde;o, o seu vice-l&iacute;der deputado federal Zeca Dirceu, destacou os avan&ccedil;os do Governo Federal na &aacute;rea t&ecirc;xtil e de confec&ccedil;&atilde;o do pa&iacute;s. &quot;Uma honra muito grande estar aqui e ver o avan&ccedil;o do Brasil nesta &aacute;rea&quot;,destacou o parlamentar. Acompanhe a reportagem completa no &iacute;cone abaixo.<br type=\"_moz\" \/><br \/>\n<\/span><\/p>\n","protected":false},"excerpt":{"rendered":"<p>O deputado Zeca Dirceu prestigiou a entrega da medalha do m\u00e9rito da Associa\u00e7\u00e3o Brasileira da Ind\u00fastria T\u00eaxtil (ABIT) ao ministro da Fazenda, Guido Mantega e ao presidente da Paramount T\u00eaxtil, Fuad Mattar, realizado em S\u00e3o Paulo no in\u00edco do m\u00eas. No \u00e1udio, Zeca fala sobre as pol\u00edticas p\u00fablicas para o setor t\u00eaxtil e avan\u00e7o dela no pa\u00eds. Acompanhe a reportagem completa no \u00edcone abaixo.<\/p>\n","protected":false},"author":1,"featured_media":26674,"comment_status":"open","ping_status":"open","sticky":false,"template":"","format":"standard","meta":{"footnotes":""},"categories":[1],"tags":[6063,6062],"class_list":["post-26675","post","type-post","status-publish","format-standard","has-post-thumbnail","hentry","category-noticias-zeca-dirceu","tag-durante-cerimonia-de-honra-em-sp","tag-zeca-representa-a-industria-textil-e-confeccao"],"_links":{"self":[{"href":"https:\/\/teste.bsb.br\/zeca\/wp-json\/wp\/v2\/posts\/26675","targetHints":{"allow":["GET"]}}],"collection":[{"href":"https:\/\/teste.bsb.br\/zeca\/wp-json\/wp\/v2\/posts"}],"about":[{"href":"https:\/\/teste.bsb.br\/zeca\/wp-json\/wp\/v2\/types\/post"}],"author":[{"embeddable":true,"href":"https:\/\/teste.bsb.br\/zeca\/wp-json\/wp\/v2\/users\/1"}],"replies":[{"embeddable":true,"href":"https:\/\/teste.bsb.br\/zeca\/wp-json\/wp\/v2\/comments?post=26675"}],"version-history":[{"count":0,"href":"https:\/\/teste.bsb.br\/zeca\/wp-json\/wp\/v2\/posts\/26675\/revisions"}],"wp:featuredmedia":[{"embeddable":true,"href":"https:\/\/teste.bsb.br\/zeca\/wp-json\/wp\/v2\/media\/26674"}],"wp:attachment":[{"href":"https:\/\/teste.bsb.br\/zeca\/wp-json\/wp\/v2\/media?parent=26675"}],"wp:term":[{"taxonomy":"category","embeddable":true,"href":"https:\/\/teste.bsb.br\/zeca\/wp-json\/wp\/v2\/categories?post=26675"},{"taxonomy":"post_tag","embeddable":true,"href":"https:\/\/teste.bsb.br\/zeca\/wp-json\/wp\/v2\/tags?post=26675"}],"curies":[{"name":"wp","href":"https:\/\/api.w.org\/{rel}","templated":true}]}}