{"id":26673,"date":"2011-12-14T00:00:00","date_gmt":"2011-12-14T02:00:00","guid":{"rendered":"https:\/\/www.zecadirceu.com.br\/resolucao-do-diretorio-nacional-sobre-democratizacao-da-comunicacao\/"},"modified":"2011-12-14T00:00:00","modified_gmt":"2011-12-14T02:00:00","slug":"resolucao-do-diretorio-nacional-sobre-democratizacao-da-comunicacao","status":"publish","type":"post","link":"https:\/\/teste.bsb.br\/zeca\/resolucao-do-diretorio-nacional-sobre-democratizacao-da-comunicacao\/","title":{"rendered":"Resolu\u00e7\u00e3o do Diret\u00f3rio Nacional sobre Democratiza\u00e7\u00e3o da Comunica\u00e7\u00e3o"},"content":{"rendered":"<p>&nbsp;<span style=\"color: rgb(44, 44, 44); font-family: 'Trebuchet MS', sans-serif; font-size: 14px; line-height: 20px; \">RESOLU&Ccedil;&Atilde;O SOBRE DEMOCRATIZA&Ccedil;&Atilde;O DA COMUNICA&Ccedil;&Atilde;O<\/span><\/p>\n<div style=\"padding-top: 0px; padding-right: 0px; padding-bottom: 0px; padding-left: 0px; margin-top: 0px; margin-right: 0px; margin-bottom: 0px; margin-left: 0px; color: rgb(44, 44, 44); font-family: 'Trebuchet MS', sans-serif; font-size: 14px; line-height: 20px; \">&nbsp;<\/div>\n<div style=\"padding-top: 0px; padding-right: 0px; padding-bottom: 0px; padding-left: 0px; margin-top: 0px; margin-right: 0px; margin-bottom: 0px; margin-left: 0px; color: rgb(44, 44, 44); font-family: 'Trebuchet MS', sans-serif; font-size: 14px; line-height: 20px; \">Para dar conseq&uuml;&ecirc;ncia &agrave;s resolu&ccedil;&otilde;es do 4&ordm;. Congresso Nacional do PT sobre a necessidade de democratiza&ccedil;&atilde;o dos meios de comunica&ccedil;&atilde;o, o DN resolve:<\/div>\n<div style=\"padding-top: 0px; padding-right: 0px; padding-bottom: 0px; padding-left: 0px; margin-top: 0px; margin-right: 0px; margin-bottom: 0px; margin-left: 0px; color: rgb(44, 44, 44); font-family: 'Trebuchet MS', sans-serif; font-size: 14px; line-height: 20px; \">&nbsp;<\/div>\n<div style=\"padding-top: 0px; padding-right: 0px; padding-bottom: 0px; padding-left: 0px; margin-top: 0px; margin-right: 0px; margin-bottom: 0px; margin-left: 0px; color: rgb(44, 44, 44); font-family: 'Trebuchet MS', sans-serif; font-size: 14px; line-height: 20px; \">1.<span class=\"Apple-tab-span\" style=\"padding-top: 0px; padding-right: 0px; padding-bottom: 0px; padding-left: 0px; margin-top: 0px; margin-right: 0px; margin-bottom: 0px; margin-left: 0px; white-space: pre; \">\t<\/span>Colocar toda a estrutura partid&aacute;ria a servi&ccedil;o da mobiliza&ccedil;&atilde;o desta luta: Isso significa mobilizar dirigentes, militantes, simpatizantes, parlamentares, gestores p&uacute;blicos (governadores, prefeitos, secret&aacute;rios, etc), instrumentos de comunica&ccedil;&atilde;o interna e externa (sites, boletins, redes sociais, blog&rsquo;s).<\/div>\n<div style=\"padding-top: 0px; padding-right: 0px; padding-bottom: 0px; padding-left: 0px; margin-top: 0px; margin-right: 0px; margin-bottom: 0px; margin-left: 0px; color: rgb(44, 44, 44); font-family: 'Trebuchet MS', sans-serif; font-size: 14px; line-height: 20px; \">&nbsp;<\/div>\n<div style=\"padding-top: 0px; padding-right: 0px; padding-bottom: 0px; padding-left: 0px; margin-top: 0px; margin-right: 0px; margin-bottom: 0px; margin-left: 0px; color: rgb(44, 44, 44); font-family: 'Trebuchet MS', sans-serif; font-size: 14px; line-height: 20px; \">2.<span class=\"Apple-tab-span\" style=\"padding-top: 0px; padding-right: 0px; padding-bottom: 0px; padding-left: 0px; margin-top: 0px; margin-right: 0px; margin-bottom: 0px; margin-left: 0px; white-space: pre; \">\t<\/span>Estimular a organiza&ccedil;&atilde;o de semin&aacute;rios estaduais e municipais: Nos moldes do semin&aacute;rio que foi organizado em n&iacute;vel nacional, estimular os &oacute;rg&atilde;os de dire&ccedil;&atilde;o estaduais e municipais do partido a organizar semin&aacute;rios semelhantes, com o apoio de entidades do movimento social, academia, lideran&ccedil;as, parlamentares, etc. Este semin&aacute;rios cumprem tripla fun&ccedil;&atilde;o: mobiliza&ccedil;&atilde;o, organiza&ccedil;&atilde;o e capacita&ccedil;&atilde;o.<\/div>\n<div style=\"padding-top: 0px; padding-right: 0px; padding-bottom: 0px; padding-left: 0px; margin-top: 0px; margin-right: 0px; margin-bottom: 0px; margin-left: 0px; color: rgb(44, 44, 44); font-family: 'Trebuchet MS', sans-serif; font-size: 14px; line-height: 20px; \">&nbsp;<\/div>\n<div style=\"padding-top: 0px; padding-right: 0px; padding-bottom: 0px; padding-left: 0px; margin-top: 0px; margin-right: 0px; margin-bottom: 0px; margin-left: 0px; color: rgb(44, 44, 44); font-family: 'Trebuchet MS', sans-serif; font-size: 14px; line-height: 20px; \">3.<span class=\"Apple-tab-span\" style=\"padding-top: 0px; padding-right: 0px; padding-bottom: 0px; padding-left: 0px; margin-top: 0px; margin-right: 0px; margin-bottom: 0px; margin-left: 0px; white-space: pre; \">\t<\/span>Estimular a implementa&ccedil;&atilde;o de Conselhos Estaduais e Municipais de Comunica&ccedil;&atilde;o: Isso pode ser feito principalmente onde o PT tem representantes diretos no Poder Executivo (Governadores e Prefeitos, ou Secret&aacute;rios no caso de governos em alian&ccedil;a), e mesmo atrav&eacute;s de iniciativas no &acirc;mbito do Poder Legislativo (Assembleias Legislativas e C&acirc;maras de Vereadores).<\/div>\n<div style=\"padding-top: 0px; padding-right: 0px; padding-bottom: 0px; padding-left: 0px; margin-top: 0px; margin-right: 0px; margin-bottom: 0px; margin-left: 0px; color: rgb(44, 44, 44); font-family: 'Trebuchet MS', sans-serif; font-size: 14px; line-height: 20px; \">&nbsp;<\/div>\n<div style=\"padding-top: 0px; padding-right: 0px; padding-bottom: 0px; padding-left: 0px; margin-top: 0px; margin-right: 0px; margin-bottom: 0px; margin-left: 0px; color: rgb(44, 44, 44); font-family: 'Trebuchet MS', sans-serif; font-size: 14px; line-height: 20px; \">4.<span class=\"Apple-tab-span\" style=\"padding-top: 0px; padding-right: 0px; padding-bottom: 0px; padding-left: 0px; margin-top: 0px; margin-right: 0px; margin-bottom: 0px; margin-left: 0px; white-space: pre; \">\t<\/span>Exigir da mesa do Senado Federal a retomada do Conselho de Comunica&ccedil;&atilde;o Social: Aprovado em 1991, mas implementado pela 1a vez apenas em 2002, este &oacute;rg&atilde;o auxiliar do Congresso Nacional funcionou apenas durante 04 anos (2002\/2006), e encontra-se desativado h&aacute; 05 anos.<\/div>\n<div style=\"padding-top: 0px; padding-right: 0px; padding-bottom: 0px; padding-left: 0px; margin-top: 0px; margin-right: 0px; margin-bottom: 0px; margin-left: 0px; color: rgb(44, 44, 44); font-family: 'Trebuchet MS', sans-serif; font-size: 14px; line-height: 20px; \">&nbsp;<\/div>\n<div style=\"padding-top: 0px; padding-right: 0px; padding-bottom: 0px; padding-left: 0px; margin-top: 0px; margin-right: 0px; margin-bottom: 0px; margin-left: 0px; color: rgb(44, 44, 44); font-family: 'Trebuchet MS', sans-serif; font-size: 14px; line-height: 20px; \">5.<span class=\"Apple-tab-span\" style=\"padding-top: 0px; padding-right: 0px; padding-bottom: 0px; padding-left: 0px; margin-top: 0px; margin-right: 0px; margin-bottom: 0px; margin-left: 0px; white-space: pre; \">\t<\/span>Fortalecer o movimento social da luta pela democratiza&ccedil;&atilde;o da comunica&ccedil;&atilde;o: Isso significa destacar quadros para acompanhar as reuni&otilde;es e atividades, tanto em n&iacute;vel nacional, participando + ativamente do FNDC (XVI Plen&aacute;ria, 09 e 10 de dezembro, em S&atilde;o Paulo), quanto em n&iacute;vel estadual, das diversas frentes, comit&ecirc;s e f&oacute;runs locais.<\/div>\n<div style=\"padding-top: 0px; padding-right: 0px; padding-bottom: 0px; padding-left: 0px; margin-top: 0px; margin-right: 0px; margin-bottom: 0px; margin-left: 0px; color: rgb(44, 44, 44); font-family: 'Trebuchet MS', sans-serif; font-size: 14px; line-height: 20px; \">&nbsp;<\/div>\n<div style=\"padding-top: 0px; padding-right: 0px; padding-bottom: 0px; padding-left: 0px; margin-top: 0px; margin-right: 0px; margin-bottom: 0px; margin-left: 0px; color: rgb(44, 44, 44); font-family: 'Trebuchet MS', sans-serif; font-size: 14px; line-height: 20px; \">6.<span class=\"Apple-tab-span\" style=\"padding-top: 0px; padding-right: 0px; padding-bottom: 0px; padding-left: 0px; margin-top: 0px; margin-right: 0px; margin-bottom: 0px; margin-left: 0px; white-space: pre; \">\t<\/span>Fortalecer as diversas frentes parlamentares pela liberdade de express&atilde;o: A come&ccedil;ar pela FRETECOM, constru&iacute;da no Congresso Nacional, e liderada pelos Deputados Federais Luiza Erundina (PSB-SP) e Emiliano Jos&eacute; (PT-BA), e as in&uacute;meras frentes estaduais e municipais que come&ccedil;am a surgir pelo pa&iacute;s afora, ou estimular a sua cria&ccedil;&atilde;o aonde elas ainda n&atilde;o foram constitu&iacute;das.<\/div>\n<div style=\"padding-top: 0px; padding-right: 0px; padding-bottom: 0px; padding-left: 0px; margin-top: 0px; margin-right: 0px; margin-bottom: 0px; margin-left: 0px; color: rgb(44, 44, 44); font-family: 'Trebuchet MS', sans-serif; font-size: 14px; line-height: 20px; \">&nbsp;<\/div>\n<div style=\"padding-top: 0px; padding-right: 0px; padding-bottom: 0px; padding-left: 0px; margin-top: 0px; margin-right: 0px; margin-bottom: 0px; margin-left: 0px; color: rgb(44, 44, 44); font-family: 'Trebuchet MS', sans-serif; font-size: 14px; line-height: 20px; \">7.<span class=\"Apple-tab-span\" style=\"padding-top: 0px; padding-right: 0px; padding-bottom: 0px; padding-left: 0px; margin-top: 0px; margin-right: 0px; margin-bottom: 0px; margin-left: 0px; white-space: pre; \">\t<\/span>Apoiar a Plataforma por um novo Marco Regulat&oacute;rio das Comunica&ccedil;&otilde;es: Iniciativa de um conjunto de entidades da sociedade civil, constru&iacute;da a partir do ac&uacute;mulo de mais de 25 anos de luta, baseada nas resolu&ccedil;&otilde;es da I Confecom, e formatada ap&oacute;s amplo processo de consulta p&uacute;blica, seu conte&uacute;do est&aacute; disponibilizado no site www.comunicacaodemocratica.org.br.<\/div>\n<div style=\"padding-top: 0px; padding-right: 0px; padding-bottom: 0px; padding-left: 0px; margin-top: 0px; margin-right: 0px; margin-bottom: 0px; margin-left: 0px; color: rgb(44, 44, 44); font-family: 'Trebuchet MS', sans-serif; font-size: 14px; line-height: 20px; \">&nbsp;<\/div>\n<div style=\"padding-top: 0px; padding-right: 0px; padding-bottom: 0px; padding-left: 0px; margin-top: 0px; margin-right: 0px; margin-bottom: 0px; margin-left: 0px; color: rgb(44, 44, 44); font-family: 'Trebuchet MS', sans-serif; font-size: 14px; line-height: 20px; \">8.<span class=\"Apple-tab-span\" style=\"padding-top: 0px; padding-right: 0px; padding-bottom: 0px; padding-left: 0px; margin-top: 0px; margin-right: 0px; margin-bottom: 0px; margin-left: 0px; white-space: pre; \">\t<\/span>Articular o tema do marco regulat&oacute;rio e da democratiza&ccedil;&atilde;o da comunica&ccedil;&atilde;o com as Elei&ccedil;&otilde;es Municipais de 2012: Isso significa incluir este tema nas plataformas eleitorais, estimular candidaturas que levantem esta bandeira e se identifiquem com este movimento, articular a luta eleitoral com a luta social em torno deste movimento ao longo da campanha, assumir compromissos expl&iacute;citos no &acirc;mbito municipal (conselhos municipais, etc).<\/div>\n<div style=\"padding-top: 0px; padding-right: 0px; padding-bottom: 0px; padding-left: 0px; margin-top: 0px; margin-right: 0px; margin-bottom: 0px; margin-left: 0px; color: rgb(44, 44, 44); font-family: 'Trebuchet MS', sans-serif; font-size: 14px; line-height: 20px; \">&nbsp;<\/div>\n<div style=\"padding-top: 0px; padding-right: 0px; padding-bottom: 0px; padding-left: 0px; margin-top: 0px; margin-right: 0px; margin-bottom: 0px; margin-left: 0px; color: rgb(44, 44, 44); font-family: 'Trebuchet MS', sans-serif; font-size: 14px; line-height: 20px; \">9.<span class=\"Apple-tab-span\" style=\"padding-top: 0px; padding-right: 0px; padding-bottom: 0px; padding-left: 0px; margin-top: 0px; margin-right: 0px; margin-bottom: 0px; margin-left: 0px; white-space: pre; \">\t<\/span>Ajudar a organizar uma campanha nacional pelo novo Marco Regulat&oacute;rio das Comunica&ccedil;&otilde;es: Isso significa, articular com as demais entidades do movimento social, em 2012, uma campanha nacional que d&ecirc; visibilidade a esta luta.<\/div>\n<div style=\"padding-top: 0px; padding-right: 0px; padding-bottom: 0px; padding-left: 0px; margin-top: 0px; margin-right: 0px; margin-bottom: 0px; margin-left: 0px; color: rgb(44, 44, 44); font-family: 'Trebuchet MS', sans-serif; font-size: 14px; line-height: 20px; \">&nbsp;<\/div>\n<div style=\"padding-top: 0px; padding-right: 0px; padding-bottom: 0px; padding-left: 0px; margin-top: 0px; margin-right: 0px; margin-bottom: 0px; margin-left: 0px; color: rgb(44, 44, 44); font-family: 'Trebuchet MS', sans-serif; font-size: 14px; line-height: 20px; \">&nbsp;<\/div>\n<div style=\"padding-top: 0px; padding-right: 0px; padding-bottom: 0px; padding-left: 0px; margin-top: 0px; margin-right: 0px; margin-bottom: 0px; margin-left: 0px; color: rgb(44, 44, 44); font-family: 'Trebuchet MS', sans-serif; font-size: 14px; line-height: 20px; \">10.<span class=\"Apple-tab-span\" style=\"padding-top: 0px; padding-right: 0px; padding-bottom: 0px; padding-left: 0px; margin-top: 0px; margin-right: 0px; margin-bottom: 0px; margin-left: 0px; white-space: pre; \">\t<\/span>&nbsp;Ajudar a ampliar a base de apoio partid&aacute;ria a este luta: Atrav&eacute;s do di&aacute;logo e interlocu&ccedil;&atilde;o com os demais partidos pol&iacute;ticos, em especial com partidos com perfil de esquerda ou progressista, buscar tra&ccedil;ar uma estrat&eacute;gia comum de a&ccedil;&atilde;o.<\/div>\n<div style=\"padding-top: 0px; padding-right: 0px; padding-bottom: 0px; padding-left: 0px; margin-top: 0px; margin-right: 0px; margin-bottom: 0px; margin-left: 0px; color: rgb(44, 44, 44); font-family: 'Trebuchet MS', sans-serif; font-size: 14px; line-height: 20px; \">&nbsp;<\/div>\n<div style=\"padding-top: 0px; padding-right: 0px; padding-bottom: 0px; padding-left: 0px; margin-top: 0px; margin-right: 0px; margin-bottom: 0px; margin-left: 0px; color: rgb(44, 44, 44); font-family: 'Trebuchet MS', sans-serif; font-size: 14px; line-height: 20px; \">11.<span class=\"Apple-tab-span\" style=\"padding-top: 0px; padding-right: 0px; padding-bottom: 0px; padding-left: 0px; margin-top: 0px; margin-right: 0px; margin-bottom: 0px; margin-left: 0px; white-space: pre; \">\t<\/span>Priorizar no Congresso Nacional PL&rsquo;s que tratem de temas correlatos: Independente dos desdobramentos que venham a tomar a discuss&atilde;o e tramita&ccedil;&atilde;o de futuros PL&rsquo;s que tratem do novo Marco Regulat&oacute;rio das Comunica&ccedil;&otilde;es, priorizar no Congresso Nacional o debate, tramita&ccedil;&atilde;o e aprova&ccedil;&atilde;o de PL&rsquo;s j&aacute; existentes que tratam de temas do setor, como por exemplo o Marco Civil da Internet no Brasil, contrapondo-se ao AI-5 Digital do Senador tucano Eduardo Azeredo.<\/div>\n<div style=\"padding-top: 0px; padding-right: 0px; padding-bottom: 0px; padding-left: 0px; margin-top: 0px; margin-right: 0px; margin-bottom: 0px; margin-left: 0px; color: rgb(44, 44, 44); font-family: 'Trebuchet MS', sans-serif; font-size: 14px; line-height: 20px; \">&nbsp;<\/div>\n<div style=\"padding-top: 0px; padding-right: 0px; padding-bottom: 0px; padding-left: 0px; margin-top: 0px; margin-right: 0px; margin-bottom: 0px; margin-left: 0px; color: rgb(44, 44, 44); font-family: 'Trebuchet MS', sans-serif; font-size: 14px; line-height: 20px; \">Belo Horizonte, 02 de dezembro de 2011<\/div>\n<div style=\"padding-top: 0px; padding-right: 0px; padding-bottom: 0px; padding-left: 0px; margin-top: 0px; margin-right: 0px; margin-bottom: 0px; margin-left: 0px; color: rgb(44, 44, 44); font-family: 'Trebuchet MS', sans-serif; font-size: 14px; line-height: 20px; \">Diret&oacute;rio Nacional do Partido dos Trabalhadores<\/p>\n<p>Portal PT PR<\/p><\/div>\n","protected":false},"excerpt":{"rendered":"<p>Acompanhe as 11 resolu\u00e7\u00f5es sobre democratiza\u00e7\u00e3o da Comunica\u00e7\u00e3o. Elas d\u00e3o sequ\u00eancia \u00e0s resolu\u00e7\u00f5es do 4\u00ba Congresso Nacional do PT sobre esta necessidade.<\/p>\n","protected":false},"author":1,"featured_media":26672,"comment_status":"open","ping_status":"open","sticky":false,"template":"","format":"standard","meta":{"footnotes":""},"categories":[1],"tags":[6061],"class_list":["post-26673","post","type-post","status-publish","format-standard","has-post-thumbnail","hentry","category-noticias-zeca-dirceu","tag-resolucao-do-diretorio-nacional-sobre-democratizacao-da-comunicacao"],"_links":{"self":[{"href":"https:\/\/teste.bsb.br\/zeca\/wp-json\/wp\/v2\/posts\/26673","targetHints":{"allow":["GET"]}}],"collection":[{"href":"https:\/\/teste.bsb.br\/zeca\/wp-json\/wp\/v2\/posts"}],"about":[{"href":"https:\/\/teste.bsb.br\/zeca\/wp-json\/wp\/v2\/types\/post"}],"author":[{"embeddable":true,"href":"https:\/\/teste.bsb.br\/zeca\/wp-json\/wp\/v2\/users\/1"}],"replies":[{"embeddable":true,"href":"https:\/\/teste.bsb.br\/zeca\/wp-json\/wp\/v2\/comments?post=26673"}],"version-history":[{"count":0,"href":"https:\/\/teste.bsb.br\/zeca\/wp-json\/wp\/v2\/posts\/26673\/revisions"}],"wp:featuredmedia":[{"embeddable":true,"href":"https:\/\/teste.bsb.br\/zeca\/wp-json\/wp\/v2\/media\/26672"}],"wp:attachment":[{"href":"https:\/\/teste.bsb.br\/zeca\/wp-json\/wp\/v2\/media?parent=26673"}],"wp:term":[{"taxonomy":"category","embeddable":true,"href":"https:\/\/teste.bsb.br\/zeca\/wp-json\/wp\/v2\/categories?post=26673"},{"taxonomy":"post_tag","embeddable":true,"href":"https:\/\/teste.bsb.br\/zeca\/wp-json\/wp\/v2\/tags?post=26673"}],"curies":[{"name":"wp","href":"https:\/\/api.w.org\/{rel}","templated":true}]}}