{"id":26663,"date":"2011-12-15T00:00:00","date_gmt":"2011-12-15T02:00:00","guid":{"rendered":"https:\/\/www.zecadirceu.com.br\/zeca-participa-do-lancamento-do-projeto-de-inclusao-digital-em-medianeira-3\/"},"modified":"2011-12-15T00:00:00","modified_gmt":"2011-12-15T02:00:00","slug":"zeca-participa-do-lancamento-do-projeto-de-inclusao-digital-em-medianeira-3","status":"publish","type":"post","link":"https:\/\/teste.bsb.br\/zeca\/zeca-participa-do-lancamento-do-projeto-de-inclusao-digital-em-medianeira-3\/","title":{"rendered":"Zeca participa do lan\u00e7amento do Projeto de Inclus\u00e3o Digital, em Medianeira"},"content":{"rendered":"<p>&nbsp;O deputado Zeca Dirceu acompanhou o ministro das Comunica&ccedil;&otilde;es, Paulo Bernardo, a secret&aacute;ria de Inclus&atilde;o Digital do Minist&eacute;rio, Lygia Lumina Pupatto, e o deputado estadual Elton Welter, no lan&ccedil;amento do projeto de Inclus&atilde;o Digital para a Juventude Rural no Paran&aacute;, em Medianeira, nesta ter&ccedil;a-feira (13). O evento tamb&eacute;m reuniu v&aacute;rias autoridades locais, estaduais e representantes da Universidade Federal do Estado.<\/p>\n<p class=\"MsoNormal\" style=\"text-align:justify\">Os projetos de Inclus&atilde;o Digital para a Juventude Rural no Paran&aacute; fazem parte da Chamada P&uacute;blica realizada, no m&ecirc;s de outubro, pela Secretaria de Inclus&atilde;o Digital e a Secretaria da Juventude do governo federal, numa parceria entre o Minist&eacute;rio das Comunica&ccedil;&otilde;es e Secretaria da Presid&ecirc;ncia da Rep&uacute;blica. <o:p><\/o:p><\/p>\n<p class=\"MsoNormal\" style=\"text-align:justify\">Para o ministro Paulo Bernardo, este &eacute; um projeto que leva educa&ccedil;&atilde;o e desenvolvimento para a zona rural. &ldquo;&Eacute; de fundamental import&acirc;ncia, tendo em vista o seu grande alcance social, principalmente nas &aacute;reas rurais&rdquo;, enfatizou o ministro.<o:p><\/o:p><\/p>\n<p class=\"MsoNormal\" style=\"text-align:justify\">Em todo o pa&iacute;s, foram aprovados 63 projetos de 48 institui&ccedil;&otilde;es federais de ensino de 21 Estados e do DF, contemplando um p&uacute;blico de mais de 35 mil pessoas, em 180 munic&iacute;pios. Eles atendem jovens da agricultura familiar, de assentamentos rurais, ou em comunidades tradicionais como os quilombolas, fundo de pasto, ribeirinhos e ind&iacute;genas.<o:p><\/o:p><\/p>\n<p class=\"MsoNormal\" style=\"text-align:justify\">Para o deputado Zeca Dirceu, a educa&ccedil;&atilde;o abre caminhos. &ldquo;Com a inclus&atilde;o social, atrav&eacute;s da educa&ccedil;&atilde;o e tecnologia, chegando tamb&eacute;m no campo, formaremos pessoas que ir&atilde;o desenvolver sua pr&oacute;pria regi&atilde;o e isso &eacute; muito importante para o pa&iacute;s&rdquo;, destacou o deputado.<o:p><\/o:p><\/p>\n<p class=\"MsoNormal\" style=\"text-align:justify\">Os projetos de Inclus&atilde;o Digital para a Juventude Rural contemplam, em todo o pa&iacute;s, tr&ecirc;s linhas tem&aacute;ticas: Educa&ccedil;&atilde;o do Campo (capacita&ccedil;&atilde;o de professores das Escolas P&uacute;blicas localizadas em &aacute;reas rurais, no uso das Tecnologias de Informa&ccedil;&atilde;o e Comunica&ccedil;&atilde;o, Gest&atilde;o e Comercializa&ccedil;&atilde;o da Produ&ccedil;&atilde;o na Agricultura Familiar e Comunica&ccedil;&atilde;o Digital nas &aacute;reas rurais.<o:p><\/o:p><\/p>\n<p class=\"MsoNormal\" style=\"text-align:justify\">Da UTFPR foram aprovados dois projetos: &quot;Informatiza&ccedil;&atilde;o e capacita&ccedil;&atilde;o para agricultura familiar&quot;, coordenado pelo professor Cidmar Ortiz dos Santos, do Campus Medianeira, e &quot;Inclus&atilde;o digital como meio para a cidadania e a capacita&ccedil;&atilde;o de jovens para o mercado de trabalho&quot;, coordenado pela professora Beatriz Terezinha Borsoi, do Campus Pato Branco.<o:p><\/o:p><\/p>\n<p class=\"MsoNormal\" style=\"text-align:justify\">O custo m&iacute;nimo dos projetos pode chegar a R$ 200 mil. A dura&ccedil;&atilde;o dos projetos dever&aacute; ser de 16 meses, a partir do recebimento dos recursos que ser&atilde;o feitos ainda em 2011.<\/p>\n<p class=\"MsoNormal\" style=\"text-align:justify\"><o:p>&nbsp;<\/o:p><\/p>\n","protected":false},"excerpt":{"rendered":"<p>O deputado Zeca Dirceu acompanhou o ministro das Comunica\u00e7\u00f5es, Paulo Bernardo, a secret\u00e1ria de Inclus\u00e3o Digital do Minist\u00e9rio, Lygia Lumina Pupatto, e o deputado estadual Elton Welter, no lan\u00e7amento do projeto de Inclus\u00e3o Digital para a Juventude Rural no Paran\u00e1, em Medianeira, nesta ter\u00e7a-feira (13). O evento tamb\u00e9m reuniu v\u00e1rias autoridades locais, estaduais e representantes da Universidade Federal do Estado.<\/p>\n","protected":false},"author":1,"featured_media":26662,"comment_status":"open","ping_status":"open","sticky":false,"template":"","format":"standard","meta":{"footnotes":""},"categories":[1],"tags":[6056,6055],"class_list":["post-26663","post","type-post","status-publish","format-standard","has-post-thumbnail","hentry","category-noticias-zeca-dirceu","tag-em-medianeira","tag-zeca-participa-do-lancamento-do-projeto-de-inclusao-digital"],"_links":{"self":[{"href":"https:\/\/teste.bsb.br\/zeca\/wp-json\/wp\/v2\/posts\/26663","targetHints":{"allow":["GET"]}}],"collection":[{"href":"https:\/\/teste.bsb.br\/zeca\/wp-json\/wp\/v2\/posts"}],"about":[{"href":"https:\/\/teste.bsb.br\/zeca\/wp-json\/wp\/v2\/types\/post"}],"author":[{"embeddable":true,"href":"https:\/\/teste.bsb.br\/zeca\/wp-json\/wp\/v2\/users\/1"}],"replies":[{"embeddable":true,"href":"https:\/\/teste.bsb.br\/zeca\/wp-json\/wp\/v2\/comments?post=26663"}],"version-history":[{"count":0,"href":"https:\/\/teste.bsb.br\/zeca\/wp-json\/wp\/v2\/posts\/26663\/revisions"}],"wp:featuredmedia":[{"embeddable":true,"href":"https:\/\/teste.bsb.br\/zeca\/wp-json\/wp\/v2\/media\/26662"}],"wp:attachment":[{"href":"https:\/\/teste.bsb.br\/zeca\/wp-json\/wp\/v2\/media?parent=26663"}],"wp:term":[{"taxonomy":"category","embeddable":true,"href":"https:\/\/teste.bsb.br\/zeca\/wp-json\/wp\/v2\/categories?post=26663"},{"taxonomy":"post_tag","embeddable":true,"href":"https:\/\/teste.bsb.br\/zeca\/wp-json\/wp\/v2\/tags?post=26663"}],"curies":[{"name":"wp","href":"https:\/\/api.w.org\/{rel}","templated":true}]}}