{"id":26655,"date":"2011-12-15T00:00:00","date_gmt":"2011-12-15T02:00:00","guid":{"rendered":"https:\/\/www.zecadirceu.com.br\/cianorte-ganha-dez-novas-academias-da-terceira-idade\/"},"modified":"2011-12-15T00:00:00","modified_gmt":"2011-12-15T02:00:00","slug":"cianorte-ganha-dez-novas-academias-da-terceira-idade","status":"publish","type":"post","link":"https:\/\/teste.bsb.br\/zeca\/cianorte-ganha-dez-novas-academias-da-terceira-idade\/","title":{"rendered":"Cianorte ganha dez novas Academias da Terceira Idade"},"content":{"rendered":"<p class=\"MsoNormal\">O prefeito Edno Guimar&atilde;es inaugura, na pr&oacute;xima sexta-feira (16), dez Academias da Terceira Idade (ATIs), ampliando a oferta de atendimento especializado aos idosos do munic&iacute;pio. A solenidade ser&aacute; na Pra&ccedil;a Gen&eacute;sio Marcato, localizada na Avenida Arthur Tomas (pr&oacute;xima ao Sindicato dos Trabalhadores Rurais de Cianorte), &agrave;s 18 horas.<o:p><\/o:p><\/p>\n<p class=\"MsoNormal\">Segundo o prefeito, a atual administra&ccedil;&atilde;o est&aacute; ampliando o atendimento especializado aos idosos. &ldquo;N&oacute;s temos como compromisso investir na qualidade de vida da popula&ccedil;&atilde;o. Sabemos da import&acirc;ncia das atividades corporais no dia-a-dia das pessoas e do seu papel na preven&ccedil;&atilde;o de doen&ccedil;as e na eleva&ccedil;&atilde;o da auto-estima do indiv&iacute;duo, aumentando sua qualidade de vida&rdquo;.<o:p><\/o:p><\/p>\n<p class=\"MsoNormal\">Desde 2007, a Prefeitura de Cianorte vem desenvolvendo o projeto de implanta&ccedil;&atilde;o de Academias de Terceira Idade. Com as academias que ser&atilde;o inauguradas sexta-feira, Cianorte passa a contar com 29.<o:p><\/o:p><\/p>\n<p class=\"MsoNormal\">&nbsp;<o:p><\/o:p><\/p>\n<p class=\"MsoNormal\" style=\"margin-bottom:0cm;margin-bottom:.0001pt\">Confira os locais contemplados pelas novas ATIs:<o:p><\/o:p><\/p>\n<p><\/p>\n<p class=\"MsoNormal\" style=\"margin-bottom:0cm;margin-bottom:.0001pt\">01) Pra&ccedil;a da Boa Morte (Cemit&eacute;rio)<o:p><\/o:p><\/p>\n<p><\/p>\n<p class=\"MsoNormal\" style=\"margin-bottom:0cm;margin-bottom:.0001pt\">02) Pra&ccedil;a Manoel de Almeida Pina (Cruzamento das ruas Aguapei e Paracatu)<o:p><\/o:p><\/p>\n<p><\/p>\n<p class=\"MsoNormal\" style=\"margin-bottom:0cm;margin-bottom:.0001pt\">03) Pra&ccedil;a Visconde De Mau&aacute; (Casa da Mem&oacute;ria Pe. Luiz Mark)<o:p><\/o:p><\/p>\n<p><\/p>\n<p class=\"MsoNormal\" style=\"margin-bottom:0cm;margin-bottom:.0001pt\">04) Pra&ccedil;a Waldemar Lemos Oliveira (Esquina das ruas Arnaldo Buzato e Coluene &#8211; Vila 07).<o:p><\/o:p><\/p>\n<p><\/p>\n<p class=\"MsoNormal\" style=\"margin-bottom:0cm;margin-bottom:.0001pt\">05) Conjunto Marselha (Fundos do CMEI Aid&ecirc; Eug&ecirc;nio Biazzi &#8211; Rua Valdenir Lopes)<o:p><\/o:p><\/p>\n<p><\/p>\n<p class=\"MsoNormal\" style=\"margin-bottom:0cm;margin-bottom:.0001pt\">06) Pra&ccedil;a Jos&eacute; Sebasti&atilde;o Pereira &ldquo;Rolete&rdquo; ( Final Da Rua Curi&oacute; &#8211; Jardim Asa Branca I )<o:p><\/o:p><\/p>\n<p><\/p>\n<p class=\"MsoNormal\" style=\"margin-bottom:0cm;margin-bottom:.0001pt\">07) Jardim Universidade I (Cruzamento das ruas Farmac&ecirc;utico e Enfermeiro)<o:p><\/o:p><\/p>\n<p><\/p>\n<p class=\"MsoNormal\" style=\"margin-bottom:0cm;margin-bottom:.0001pt\">08) Jardim Para&iacute;so&nbsp; (Cruzamento das ruas Leonel Bonjorno e Cassidori)<o:p><\/o:p><\/p>\n<p><\/p>\n<p class=\"MsoNormal\" style=\"margin-bottom:0cm;margin-bottom:.0001pt\">09)&nbsp; Pra&ccedil;a Gen&eacute;sio Marcato (Av. Arthur Thomas)<o:p><\/o:p><\/p>\n<p><\/p>\n<p class=\"MsoNormal\" style=\"margin-bottom:0cm;margin-bottom:.0001pt\">10) Conjunto Santa M&ocirc;nica (Rua Jade)<o:p><\/o:p><\/p>\n<p class=\"MsoNormal\" style=\"margin-bottom:0cm;margin-bottom:.0001pt\">&nbsp;<o:p><\/o:p><\/p>\n<p class=\"MsoNormal\"><o:p>&nbsp;<\/o:p><\/p>\n<p class=\"MsoNormal\">Fonte: Assessoria de Comunica&ccedil;&atilde;o Social<\/p>\n","protected":false},"excerpt":{"rendered":"<p>O prefeito Edno Guimar\u00e3es inaugura, na pr\u00f3xima sexta-feira (16), dez Academias da Terceira Idade (ATIs), ampliando a oferta de atendimento especializado aos idosos do munic\u00edpio. A solenidade ser\u00e1 na Pra\u00e7a Gen\u00e9sio Marcato, localizada na Avenida Arthur Tomas (pr\u00f3xima ao Sindicato dos Trabalhadores Rurais de Cianorte), \u00e0s 18 horas.<\/p>\n","protected":false},"author":1,"featured_media":26654,"comment_status":"open","ping_status":"open","sticky":false,"template":"","format":"standard","meta":{"footnotes":""},"categories":[1],"tags":[6054],"class_list":["post-26655","post","type-post","status-publish","format-standard","has-post-thumbnail","hentry","category-noticias-zeca-dirceu","tag-cianorte-ganha-dez-novas-academias-da-terceira-idade"],"_links":{"self":[{"href":"https:\/\/teste.bsb.br\/zeca\/wp-json\/wp\/v2\/posts\/26655","targetHints":{"allow":["GET"]}}],"collection":[{"href":"https:\/\/teste.bsb.br\/zeca\/wp-json\/wp\/v2\/posts"}],"about":[{"href":"https:\/\/teste.bsb.br\/zeca\/wp-json\/wp\/v2\/types\/post"}],"author":[{"embeddable":true,"href":"https:\/\/teste.bsb.br\/zeca\/wp-json\/wp\/v2\/users\/1"}],"replies":[{"embeddable":true,"href":"https:\/\/teste.bsb.br\/zeca\/wp-json\/wp\/v2\/comments?post=26655"}],"version-history":[{"count":0,"href":"https:\/\/teste.bsb.br\/zeca\/wp-json\/wp\/v2\/posts\/26655\/revisions"}],"wp:featuredmedia":[{"embeddable":true,"href":"https:\/\/teste.bsb.br\/zeca\/wp-json\/wp\/v2\/media\/26654"}],"wp:attachment":[{"href":"https:\/\/teste.bsb.br\/zeca\/wp-json\/wp\/v2\/media?parent=26655"}],"wp:term":[{"taxonomy":"category","embeddable":true,"href":"https:\/\/teste.bsb.br\/zeca\/wp-json\/wp\/v2\/categories?post=26655"},{"taxonomy":"post_tag","embeddable":true,"href":"https:\/\/teste.bsb.br\/zeca\/wp-json\/wp\/v2\/tags?post=26655"}],"curies":[{"name":"wp","href":"https:\/\/api.w.org\/{rel}","templated":true}]}}