{"id":26653,"date":"2011-12-15T00:00:00","date_gmt":"2011-12-15T02:00:00","guid":{"rendered":"https:\/\/www.zecadirceu.com.br\/recomecam-as-obras-na-praca-souza-naves-em-cruzeiro-do-oeste\/"},"modified":"2011-12-15T00:00:00","modified_gmt":"2011-12-15T02:00:00","slug":"recomecam-as-obras-na-praca-souza-naves-em-cruzeiro-do-oeste","status":"publish","type":"post","link":"https:\/\/teste.bsb.br\/zeca\/recomecam-as-obras-na-praca-souza-naves-em-cruzeiro-do-oeste\/","title":{"rendered":"Recome\u00e7am as obras na Pra\u00e7a Souza Naves, em Cruzeiro do Oeste"},"content":{"rendered":"<p>&nbsp;<span class=\"Apple-style-span\" style=\"color: rgb(83, 81, 81); font-family: Arial, Helvetica, sans-serif; line-height: 18px; \">Entre as diversas obras que v&ecirc;m sendo tocadas pela administra&ccedil;&atilde;o municipal, est&atilde;o as da&nbsp;<\/span><span data-scayt_word=\"remodela&ccedil;&atilde;o\" data-scaytid=\"1\" style=\"color: rgb(83, 81, 81); font-family: Arial, Helvetica, sans-serif; line-height: 18px; text-align: justify; \">remodela&ccedil;&atilde;o<\/span><span class=\"Apple-style-span\" style=\"color: rgb(83, 81, 81); font-family: Arial, Helvetica, sans-serif; line-height: 18px; text-align: justify; \">&nbsp;da Pra&ccedil;a Souza Naves. Trata-se de um dos principais logradouros do munic&iacute;pio que, no entendimento do governo municipal, vinha necessitando de restaura&ccedil;&atilde;o. Existiam ali muitas &aacute;rvores&nbsp;<\/span><span data-scayt_word=\"frut&iacute;feras\" data-scaytid=\"2\" style=\"color: rgb(83, 81, 81); font-family: Arial, Helvetica, sans-serif; line-height: 18px; text-align: justify; \">frut&iacute;feras<\/span><span class=\"Apple-style-span\" style=\"color: rgb(83, 81, 81); font-family: Arial, Helvetica, sans-serif; line-height: 18px; text-align: justify; \">&nbsp;e outras&nbsp;<\/span><span data-scayt_word=\"impr&oacute;prias\" data-scaytid=\"3\" style=\"color: rgb(83, 81, 81); font-family: Arial, Helvetica, sans-serif; line-height: 18px; text-align: justify; \">impr&oacute;prias<\/span><span class=\"Apple-style-span\" style=\"color: rgb(83, 81, 81); font-family: Arial, Helvetica, sans-serif; line-height: 18px; text-align: justify; \">&nbsp;para a&nbsp;<\/span><span data-scayt_word=\"arboriza&ccedil;&atilde;o\" data-scaytid=\"4\" style=\"color: rgb(83, 81, 81); font-family: Arial, Helvetica, sans-serif; line-height: 18px; text-align: justify; \">arboriza&ccedil;&atilde;o<\/span><span class=\"Apple-style-span\" style=\"color: rgb(83, 81, 81); font-family: Arial, Helvetica, sans-serif; line-height: 18px; text-align: justify; \">&nbsp;urbana. Al&eacute;m disso, o cal&ccedil;amento encontrava-se, em grande parte, danificado. Feita a<\/span><span data-scayt_word=\"terraplanagem\" data-scaytid=\"5\" style=\"color: rgb(83, 81, 81); font-family: Arial, Helvetica, sans-serif; line-height: 18px; text-align: justify; \">terraplanagem<\/span><span class=\"Apple-style-span\" style=\"color: rgb(83, 81, 81); font-family: Arial, Helvetica, sans-serif; line-height: 18px; text-align: justify; \">, nesta semana teve in&iacute;cio do cal&ccedil;amento. <\/p>\n<p>O projeto ser&aacute; executado em duas fases. Nesta primeira etapa, al&eacute;m da substitui&ccedil;&atilde;o de &aacute;rvores, tamb&eacute;m ser&atilde;o implantados bancos, pisos, lumin&aacute;rias, postes ornamentais, novas&nbsp;<\/span><span data-scayt_word=\"lixeiras\" data-scaytid=\"6\" style=\"color: rgb(83, 81, 81); font-family: Arial, Helvetica, sans-serif; line-height: 18px; text-align: justify; \">lixeiras<\/span><span class=\"Apple-style-span\" style=\"color: rgb(83, 81, 81); font-family: Arial, Helvetica, sans-serif; line-height: 18px; text-align: justify; \">&nbsp;e plantio de palmeiras imperiais, entre outras melhorias. J&aacute; na segunda fase, prevista para 2012, ser&aacute; implantada uma moderna fonte luminosa. <\/p>\n<p>A obra de reurbaniza&ccedil;&atilde;o da Pra&ccedil;a Souza Naves se insere num projeto amplo que, aos poucos, est&aacute; mudando a cara da cidade. Mas esta, com certeza, ser&aacute; marcante entre as demais. O investimento &eacute; executado em parceria com o Governo Federal.<\/p>\n<p>Prefeitura<br type=\"_moz\" \/><br \/>\n<\/span><\/p>\n","protected":false},"excerpt":{"rendered":"<p>Entre as diversas obras que v\u00eam sendo tocadas pela administra\u00e7\u00e3o municipal, est\u00e3o as da remodela\u00e7\u00e3o da Pra\u00e7a Souza Naves. Trata-se de um dos principais logradouros do munic\u00edpio que, no entendimento do governo municipal, vinha necessitando de restaura\u00e7\u00e3o. Existiam ali muitas \u00e1rvores frut\u00edferas e outras impr\u00f3prias para a arboriza\u00e7\u00e3o urbana. Al\u00e9m disso, o cal\u00e7amento encontrava-se, em grande parte, danificado.<\/p>\n","protected":false},"author":1,"featured_media":26652,"comment_status":"open","ping_status":"open","sticky":false,"template":"","format":"standard","meta":{"footnotes":""},"categories":[1],"tags":[6053,6052],"class_list":["post-26653","post","type-post","status-publish","format-standard","has-post-thumbnail","hentry","category-noticias-zeca-dirceu","tag-em-cruzeiro-do-oeste","tag-recomecam-as-obras-na-praca-souza-naves"],"_links":{"self":[{"href":"https:\/\/teste.bsb.br\/zeca\/wp-json\/wp\/v2\/posts\/26653","targetHints":{"allow":["GET"]}}],"collection":[{"href":"https:\/\/teste.bsb.br\/zeca\/wp-json\/wp\/v2\/posts"}],"about":[{"href":"https:\/\/teste.bsb.br\/zeca\/wp-json\/wp\/v2\/types\/post"}],"author":[{"embeddable":true,"href":"https:\/\/teste.bsb.br\/zeca\/wp-json\/wp\/v2\/users\/1"}],"replies":[{"embeddable":true,"href":"https:\/\/teste.bsb.br\/zeca\/wp-json\/wp\/v2\/comments?post=26653"}],"version-history":[{"count":0,"href":"https:\/\/teste.bsb.br\/zeca\/wp-json\/wp\/v2\/posts\/26653\/revisions"}],"wp:featuredmedia":[{"embeddable":true,"href":"https:\/\/teste.bsb.br\/zeca\/wp-json\/wp\/v2\/media\/26652"}],"wp:attachment":[{"href":"https:\/\/teste.bsb.br\/zeca\/wp-json\/wp\/v2\/media?parent=26653"}],"wp:term":[{"taxonomy":"category","embeddable":true,"href":"https:\/\/teste.bsb.br\/zeca\/wp-json\/wp\/v2\/categories?post=26653"},{"taxonomy":"post_tag","embeddable":true,"href":"https:\/\/teste.bsb.br\/zeca\/wp-json\/wp\/v2\/tags?post=26653"}],"curies":[{"name":"wp","href":"https:\/\/api.w.org\/{rel}","templated":true}]}}