{"id":26651,"date":"2011-12-16T00:00:00","date_gmt":"2011-12-16T02:00:00","guid":{"rendered":"https:\/\/www.zecadirceu.com.br\/taxas-da-adapar-bancada-do-pt-exige-isencao-para-agricultura-familiar\/"},"modified":"2011-12-16T00:00:00","modified_gmt":"2011-12-16T02:00:00","slug":"taxas-da-adapar-bancada-do-pt-exige-isencao-para-agricultura-familiar","status":"publish","type":"post","link":"https:\/\/teste.bsb.br\/zeca\/taxas-da-adapar-bancada-do-pt-exige-isencao-para-agricultura-familiar\/","title":{"rendered":"Taxas da Adapar: Bancada do PT exige isen\u00e7\u00e3o para agricultura familiar"},"content":{"rendered":"<p>&nbsp;<span style=\"color: rgb(44, 44, 44); font-family: 'Trebuchet MS', sans-serif; font-size: 14px; line-height: 20px; \">Os agricultores familiares ter&atilde;o isen&ccedil;&atilde;o do pagamento de taxas de fiscaliza&ccedil;&atilde;o sanit&aacute;ria animal e vegetal, al&eacute;m da taxa de servi&ccedil;os administrativos a serem recolhidas pela Ag&ecirc;ncia de Defesa Agropecu&aacute;ria do Estado do Paran&aacute; (Adapar). A proposta foi apresentada pela bancada do PT e acatada em substitutivo geral ao projeto original, que foi aprovado nesta quinta-feira,15,por 46 deputados na Assembleia Legislativa.No texto original quem n&atilde;o recolhecesse os tributos teria de pagar multas de at&eacute; R$550.<\/span><\/p>\n<div style=\"padding-top: 0px; padding-right: 0px; padding-bottom: 0px; padding-left: 0px; margin-top: 0px; margin-right: 0px; margin-bottom: 0px; margin-left: 0px; color: rgb(44, 44, 44); font-family: 'Trebuchet MS', sans-serif; font-size: 14px; line-height: 20px; \">&nbsp;<\/div>\n<div style=\"padding-top: 0px; padding-right: 0px; padding-bottom: 0px; padding-left: 0px; margin-top: 0px; margin-right: 0px; margin-bottom: 0px; margin-left: 0px; color: rgb(44, 44, 44); font-family: 'Trebuchet MS', sans-serif; font-size: 14px; line-height: 20px; \">De acordo com a l&iacute;der da bancada do PT, deputada estadual Luciana Rafagnin, como o tempo para an&aacute;lise de todo o projeto foi insuficiente, j&aacute; que a mensagem do governo criando as taxas chegou h&aacute; tr&ecirc;s dias no Legislativo, os deputados entraram num entendimento com a bancada governista. &ldquo;Nossa obriga&ccedil;&atilde;o &eacute; pensar no pequeno agricultor e por isso exigimos as mudan&ccedil;as na lei&rdquo;.<\/div>\n<div style=\"padding-top: 0px; padding-right: 0px; padding-bottom: 0px; padding-left: 0px; margin-top: 0px; margin-right: 0px; margin-bottom: 0px; margin-left: 0px; color: rgb(44, 44, 44); font-family: 'Trebuchet MS', sans-serif; font-size: 14px; line-height: 20px; \">&nbsp;<\/div>\n<div style=\"padding-top: 0px; padding-right: 0px; padding-bottom: 0px; padding-left: 0px; margin-top: 0px; margin-right: 0px; margin-bottom: 0px; margin-left: 0px; color: rgb(44, 44, 44); font-family: 'Trebuchet MS', sans-serif; font-size: 14px; line-height: 20px; \">O deputado estadual Elton Welter (PT) afirma que o n&atilde;o pagamento das taxas &eacute; um alivio para os agricultores familiares, principalmente aqueles ligados ao setor leiteiro. &ldquo;Hoje, mais da metade do leite consumido no Pa&iacute;s &eacute; produzido em propriedades de agricultura familiar.&Eacute; preciso garantir uma pol&iacute;tica de incentivo a estes valorosos trabalhadores.&rdquo;,conclui.<\/p>\n<p><span style=\"font-size: 12px; \">Lideran&ccedil;a do PT na Alep<\/span>&nbsp;<\/div>\n","protected":false},"excerpt":{"rendered":"<p>Os agricultores familiares ter\u00e3o isen\u00e7\u00e3o do pagamento de taxas de fiscaliza\u00e7\u00e3o sanit\u00e1ria animal e vegetal, al\u00e9m da taxa de servi\u00e7os administrativos a serem recolhidas pela Ag\u00eancia de Defesa Agropecu\u00e1ria do Estado do Paran\u00e1 (Adapar). A proposta foi apresentada pela bancada do PT e acatada em substitutivo geral ao projeto original, que foi aprovado nesta quinta-feira,15,por 46 deputados na Assembleia Legislativa.No texto original quem n\u00e3o recolhecesse os tributos teria de pagar multas de at\u00e9 R$550.<\/p>\n","protected":false},"author":1,"featured_media":26650,"comment_status":"open","ping_status":"open","sticky":false,"template":"","format":"standard","meta":{"footnotes":""},"categories":[1],"tags":[6051],"class_list":["post-26651","post","type-post","status-publish","format-standard","has-post-thumbnail","hentry","category-noticias-zeca-dirceu","tag-taxas-da-adapar-bancada-do-pt-exige-isencao-para-agricultura-familiar"],"_links":{"self":[{"href":"https:\/\/teste.bsb.br\/zeca\/wp-json\/wp\/v2\/posts\/26651","targetHints":{"allow":["GET"]}}],"collection":[{"href":"https:\/\/teste.bsb.br\/zeca\/wp-json\/wp\/v2\/posts"}],"about":[{"href":"https:\/\/teste.bsb.br\/zeca\/wp-json\/wp\/v2\/types\/post"}],"author":[{"embeddable":true,"href":"https:\/\/teste.bsb.br\/zeca\/wp-json\/wp\/v2\/users\/1"}],"replies":[{"embeddable":true,"href":"https:\/\/teste.bsb.br\/zeca\/wp-json\/wp\/v2\/comments?post=26651"}],"version-history":[{"count":0,"href":"https:\/\/teste.bsb.br\/zeca\/wp-json\/wp\/v2\/posts\/26651\/revisions"}],"wp:featuredmedia":[{"embeddable":true,"href":"https:\/\/teste.bsb.br\/zeca\/wp-json\/wp\/v2\/media\/26650"}],"wp:attachment":[{"href":"https:\/\/teste.bsb.br\/zeca\/wp-json\/wp\/v2\/media?parent=26651"}],"wp:term":[{"taxonomy":"category","embeddable":true,"href":"https:\/\/teste.bsb.br\/zeca\/wp-json\/wp\/v2\/categories?post=26651"},{"taxonomy":"post_tag","embeddable":true,"href":"https:\/\/teste.bsb.br\/zeca\/wp-json\/wp\/v2\/tags?post=26651"}],"curies":[{"name":"wp","href":"https:\/\/api.w.org\/{rel}","templated":true}]}}