{"id":26637,"date":"2011-12-16T00:00:00","date_gmt":"2011-12-16T02:00:00","guid":{"rendered":"https:\/\/www.zecadirceu.com.br\/zeca-dirceu-anuncia-r-300-mil-para-reforma-da-casa-da-cultura\/"},"modified":"2011-12-16T00:00:00","modified_gmt":"2011-12-16T02:00:00","slug":"zeca-dirceu-anuncia-r-300-mil-para-reforma-da-casa-da-cultura","status":"publish","type":"post","link":"https:\/\/teste.bsb.br\/zeca\/zeca-dirceu-anuncia-r-300-mil-para-reforma-da-casa-da-cultura\/","title":{"rendered":"Zeca Dirceu anuncia R$ 300 mil para reforma da Casa da Cultura"},"content":{"rendered":"<p>&nbsp;<span style=\"color: rgb(68, 68, 68); font-family: Arial, sans-serif; font-size: 14px; line-height: 21px; text-align: left; \">O deputado federal Zeca Dirceu esteve em Campo Mour&atilde;o na tarde desta sexta-feira, 16, quando visitou as depend&ecirc;ncias da Casa da Cultura Tomaz Edison de Andrade Veira e anunciou a libera&ccedil;&atilde;o de recursos na ordem de R$ 300 mil, oriundos do Governo Federal para a reforma do local. Ele esteve reunido com membros de setores culturais e lideran&ccedil;as quando falou dos trabalhos realizados em Campo Mour&atilde;o e regi&atilde;o e entregou um documento garantindo a libera&ccedil;&atilde;o de recursos para a revitaliza&ccedil;&atilde;o da Casa da Cultura para a secret&aacute;ria especial de Cultura, S&ocirc;nia Singer.<br \/>\n<\/span><\/p>\n<p style=\"margin-top: 0px; margin-right: 0px; margin-bottom: 20px; margin-left: 0px; color: rgb(68, 68, 68); font-family: Arial, sans-serif; font-size: 14px; line-height: 21px; text-align: left; \">\nDurante a reuni&atilde;o, Dirceu justificou a aten&ccedil;&atilde;o pela reivindica&ccedil;&atilde;o do setor cultural mour&atilde;oense considerando a import&acirc;ncia da obra que foi o primeiro pr&eacute;dio constru&iacute;do espec&iacute;fico ao setor cultural no munic&iacute;pio h&aacute; 30 anos. Ele anunciou que os recursos j&aacute; est&aacute; garantidos e que devem ser liberados para o processo de licita&ccedil;&atilde;o da obra j&aacute; nos primeiros meses de 2012.<\/p>\n<p style=\"margin-top: 0px; margin-right: 0px; margin-bottom: 20px; margin-left: 0px; color: rgb(68, 68, 68); font-family: Arial, sans-serif; font-size: 14px; line-height: 21px; text-align: left; \">&ldquo;Reconhecendo o trabalho do setor cultural de Campo Mour&atilde;o, buscamos os recursos e a reforma da Casa da Cultura est&aacute; garantida&rdquo;, disse o deputado Dirceu, que ainda anunciou que um total de R$ 1.170.000,00 est&atilde;o garantidos at&eacute; o pr&oacute;ximo ano beneficiando os setores de sa&uacute;de, educa&ccedil;&atilde;o e cultura. Ele declarou que tamb&eacute;m viabilizou parte dos recursos R$ 80 milh&otilde;es destinados para os hospitais; Santa Casa, de Goioer&ecirc; e Campo Mour&atilde;o.<\/p>\n<p><a href=\"http:\/\/www.itribuna.com.br\/politica\/zeca-dirceu-anuncia-r-300-mil-para-reforma-da-casa-da-cultura-7212\/\">http:\/\/www.itribuna.com.br\/politica\/zeca-dirceu-anuncia-r-300-mil-para-reforma-da-casa-da-cultura-7212\/<\/a>&nbsp;<\/p>\n","protected":false},"excerpt":{"rendered":"<p>O deputado federal Zeca Dirceu esteve em Campo Mour\u00e3o na tarde desta sexta-feira, 16, quando visitou as depend\u00eancias da Casa da Cultura Tomaz Edison de Andrade Veira e anunciou a libera\u00e7\u00e3o de recursos na ordem de R$ 300 mil, oriundos do Governo Federal para a reforma do local. Ele esteve reunido com membros de setores culturais e lideran\u00e7as quando falou dos trabalhos realizados em Campo Mour\u00e3o e regi\u00e3o e entregou um documento garantindo a libera\u00e7\u00e3o de recursos para a revitaliza\u00e7\u00e3o da Casa da Cultura para a secret\u00e1ria especial de Cultura, S\u00f4nia Singer.<\/p>\n","protected":false},"author":1,"featured_media":26636,"comment_status":"open","ping_status":"open","sticky":false,"template":"","format":"standard","meta":{"footnotes":""},"categories":[1],"tags":[6045],"class_list":["post-26637","post","type-post","status-publish","format-standard","has-post-thumbnail","hentry","category-noticias-zeca-dirceu","tag-zeca-dirceu-anuncia-r-300-mil-para-reforma-da-casa-da-cultura"],"_links":{"self":[{"href":"https:\/\/teste.bsb.br\/zeca\/wp-json\/wp\/v2\/posts\/26637","targetHints":{"allow":["GET"]}}],"collection":[{"href":"https:\/\/teste.bsb.br\/zeca\/wp-json\/wp\/v2\/posts"}],"about":[{"href":"https:\/\/teste.bsb.br\/zeca\/wp-json\/wp\/v2\/types\/post"}],"author":[{"embeddable":true,"href":"https:\/\/teste.bsb.br\/zeca\/wp-json\/wp\/v2\/users\/1"}],"replies":[{"embeddable":true,"href":"https:\/\/teste.bsb.br\/zeca\/wp-json\/wp\/v2\/comments?post=26637"}],"version-history":[{"count":0,"href":"https:\/\/teste.bsb.br\/zeca\/wp-json\/wp\/v2\/posts\/26637\/revisions"}],"wp:featuredmedia":[{"embeddable":true,"href":"https:\/\/teste.bsb.br\/zeca\/wp-json\/wp\/v2\/media\/26636"}],"wp:attachment":[{"href":"https:\/\/teste.bsb.br\/zeca\/wp-json\/wp\/v2\/media?parent=26637"}],"wp:term":[{"taxonomy":"category","embeddable":true,"href":"https:\/\/teste.bsb.br\/zeca\/wp-json\/wp\/v2\/categories?post=26637"},{"taxonomy":"post_tag","embeddable":true,"href":"https:\/\/teste.bsb.br\/zeca\/wp-json\/wp\/v2\/tags?post=26637"}],"curies":[{"name":"wp","href":"https:\/\/api.w.org\/{rel}","templated":true}]}}