{"id":26627,"date":"2011-12-18T00:00:00","date_gmt":"2011-12-18T02:00:00","guid":{"rendered":"https:\/\/www.zecadirceu.com.br\/deputado-zeca-dirceu-visita-obras-das-casas-populares\/"},"modified":"2011-12-18T00:00:00","modified_gmt":"2011-12-18T02:00:00","slug":"deputado-zeca-dirceu-visita-obras-das-casas-populares","status":"publish","type":"post","link":"https:\/\/teste.bsb.br\/zeca\/deputado-zeca-dirceu-visita-obras-das-casas-populares\/","title":{"rendered":"Deputado Zeca Dirceu visita obras das casas populares"},"content":{"rendered":"<p>&nbsp;<span style=\"font-family: verdana, geneva; font-size: 10pt; color: rgb(28, 69, 93); line-height: 18px; text-align: justify; \">Ele n&atilde;o mediu esfor&ccedil;os para que a Capital do Vestu&aacute;rio fosse contemplada com este importante projeto de habita&ccedil;&atilde;o, que recentemente divulgou a listagem da popula&ccedil;&atilde;o contemplada com as mais de 400 casas populares que est&atilde;o sendo constru&iacute;das nas proximidades do Jardim Morada do Sol.<\/p>\n<p><span style=\"font-size: 10pt; font-family: verdana, geneva; \">O deputado federal Zeca Dirceu fez quest&atilde;o de visitar esta semana os trabalhos de edifica&ccedil;&atilde;o dos im&oacute;veis, que encontram-se em fase de acabamento.<\/span><br \/>\n<span style=\"font-size: 10pt; font-family: verdana, geneva; \">&ldquo;Sabemos o quanto &eacute; importante para uma fam&iacute;lia a realiza&ccedil;&atilde;o do sonho da casa pr&oacute;pria, por isso ficamos felizes em ver de perto a concretiza&ccedil;&atilde;o de muitos sonhos&rdquo;, afirmou o deputado durante a visita aos im&oacute;veis em constru&ccedil;&atilde;o.<\/p>\n<p>Folha Regional de Cianorte<br type=\"_moz\" \/><br \/>\n<\/span><\/span><\/p>\n","protected":false},"excerpt":{"rendered":"<p>Ele n\u00e3o mediu esfor\u00e7os para que a Capital do Vestu\u00e1rio fosse contemplada com este importante projeto de habita\u00e7\u00e3o, que recentemente divulgou a listagem da popula\u00e7\u00e3o contemplada com as mais de 400 casas populares que est\u00e3o sendo constru\u00eddas nas proximidades do Jardim Morada do Sol.<\/p>\n","protected":false},"author":1,"featured_media":26626,"comment_status":"open","ping_status":"open","sticky":false,"template":"","format":"standard","meta":{"footnotes":""},"categories":[1],"tags":[6041],"class_list":["post-26627","post","type-post","status-publish","format-standard","has-post-thumbnail","hentry","category-noticias-zeca-dirceu","tag-deputado-zeca-dirceu-visita-obras-das-casas-populares"],"_links":{"self":[{"href":"https:\/\/teste.bsb.br\/zeca\/wp-json\/wp\/v2\/posts\/26627","targetHints":{"allow":["GET"]}}],"collection":[{"href":"https:\/\/teste.bsb.br\/zeca\/wp-json\/wp\/v2\/posts"}],"about":[{"href":"https:\/\/teste.bsb.br\/zeca\/wp-json\/wp\/v2\/types\/post"}],"author":[{"embeddable":true,"href":"https:\/\/teste.bsb.br\/zeca\/wp-json\/wp\/v2\/users\/1"}],"replies":[{"embeddable":true,"href":"https:\/\/teste.bsb.br\/zeca\/wp-json\/wp\/v2\/comments?post=26627"}],"version-history":[{"count":0,"href":"https:\/\/teste.bsb.br\/zeca\/wp-json\/wp\/v2\/posts\/26627\/revisions"}],"wp:featuredmedia":[{"embeddable":true,"href":"https:\/\/teste.bsb.br\/zeca\/wp-json\/wp\/v2\/media\/26626"}],"wp:attachment":[{"href":"https:\/\/teste.bsb.br\/zeca\/wp-json\/wp\/v2\/media?parent=26627"}],"wp:term":[{"taxonomy":"category","embeddable":true,"href":"https:\/\/teste.bsb.br\/zeca\/wp-json\/wp\/v2\/categories?post=26627"},{"taxonomy":"post_tag","embeddable":true,"href":"https:\/\/teste.bsb.br\/zeca\/wp-json\/wp\/v2\/tags?post=26627"}],"curies":[{"name":"wp","href":"https:\/\/api.w.org\/{rel}","templated":true}]}}