{"id":26625,"date":"2011-12-18T00:00:00","date_gmt":"2011-12-18T02:00:00","guid":{"rendered":"https:\/\/www.zecadirceu.com.br\/inclusao-educacional-e-uma-realidade-na-rede-municipal-em-cruzeiro-do-oeste\/"},"modified":"2011-12-18T00:00:00","modified_gmt":"2011-12-18T02:00:00","slug":"inclusao-educacional-e-uma-realidade-na-rede-municipal-em-cruzeiro-do-oeste","status":"publish","type":"post","link":"https:\/\/teste.bsb.br\/zeca\/inclusao-educacional-e-uma-realidade-na-rede-municipal-em-cruzeiro-do-oeste\/","title":{"rendered":"Inclus\u00e3o Educacional \u00e9 uma realidade na rede municipal , em Cruzeiro do Oeste"},"content":{"rendered":"<p><span style=\"color: rgb(83, 81, 81); font-family: Arial, Helvetica, sans-serif; line-height: 18px; text-align: justify; \">Cruzeiro do Oeste, tem trabalhado com seriedade e responsabilidade no atendimento aos portadores de necessidades educacionais especiais, a fim de promover a inclus&atilde;o educacional dos mesmos.<br \/>\n<\/span><br style=\"color: rgb(83, 81, 81); font-family: Arial, Helvetica, sans-serif; line-height: 18px; text-align: justify; \" \/><br \/>\n<span style=\"color: rgb(83, 81, 81); font-family: Arial, Helvetica, sans-serif; line-height: 18px; text-align: justify; \">V&aacute;rios investimentos foram feitos tanto na estrutura f&iacute;sica como na estrutura humana. Hoje, todos os professores que atuam na Educa&ccedil;&atilde;o Especial s&atilde;o concursados para este fim, houve a amplia&ccedil;&atilde;o da equipe t&eacute;cnica da secretaria de educa&ccedil;&atilde;o que &eacute; composta por uma Psic&oacute;loga, uma&nbsp;<\/span><span data-scayt_word=\"Fonoaudi&oacute;loga\" data-scaytid=\"1\" style=\"color: rgb(83, 81, 81); font-family: Arial, Helvetica, sans-serif; line-height: 18px; text-align: justify; \">Fonoaudi&oacute;loga<\/span><span style=\"color: rgb(83, 81, 81); font-family: Arial, Helvetica, sans-serif; line-height: 18px; text-align: justify; \">&nbsp;e uma&nbsp;<\/span><span data-scayt_word=\"Pedagoga\" data-scaytid=\"2\" style=\"color: rgb(83, 81, 81); font-family: Arial, Helvetica, sans-serif; line-height: 18px; text-align: justify; \">Pedagoga<\/span><span style=\"color: rgb(83, 81, 81); font-family: Arial, Helvetica, sans-serif; line-height: 18px; text-align: justify; \">&nbsp;a fim de dar o suporte t&eacute;cnico &agrave;s escolas da rede para que a Inclus&atilde;o possa acontecer de uma forma coerente e respons&aacute;vel.<br \/>\n<\/span><br style=\"color: rgb(83, 81, 81); font-family: Arial, Helvetica, sans-serif; line-height: 18px; text-align: justify; \" \/><br \/>\n<span style=\"color: rgb(83, 81, 81); font-family: Arial, Helvetica, sans-serif; line-height: 18px; text-align: justify; \">Outra conquista importante nesta modalidade de ensino, foi a inclus&atilde;o na classe comum do ensino regular do aluno Gustavo&nbsp;<\/span><span data-scayt_word=\"Ortiz\" data-scaytid=\"3\" style=\"color: rgb(83, 81, 81); font-family: Arial, Helvetica, sans-serif; line-height: 18px; text-align: justify; \">Ortiz<\/span><span style=\"color: rgb(83, 81, 81); font-family: Arial, Helvetica, sans-serif; line-height: 18px; text-align: justify; \">&nbsp;e Mendon&ccedil;a que apresenta defici&ecirc;ncia&nbsp;<\/span><span data-scayt_word=\"auditiva\" data-scaytid=\"4\" style=\"color: rgb(83, 81, 81); font-family: Arial, Helvetica, sans-serif; line-height: 18px; text-align: justify; \">auditiva<\/span><span style=\"color: rgb(83, 81, 81); font-family: Arial, Helvetica, sans-serif; line-height: 18px; text-align: justify; \">&nbsp;profunda.<br \/>\n<\/span><br style=\"color: rgb(83, 81, 81); font-family: Arial, Helvetica, sans-serif; line-height: 18px; text-align: justify; \" \/><br \/>\n<span style=\"color: rgb(83, 81, 81); font-family: Arial, Helvetica, sans-serif; line-height: 18px; text-align: justify; \">Para que essa inclus&atilde;o fosse poss&iacute;vel, &nbsp;se fez necess&aacute;rio a contrata&ccedil;&atilde;o de uma professora int&eacute;rprete de&nbsp;<\/span><span data-scayt_word=\"LIBRAS\" data-scaytid=\"5\" style=\"color: rgb(83, 81, 81); font-family: Arial, Helvetica, sans-serif; line-height: 18px; text-align: justify; \">LIBRAS<\/span><span style=\"color: rgb(83, 81, 81); font-family: Arial, Helvetica, sans-serif; line-height: 18px; text-align: justify; \">(L&iacute;ngua Brasileira de Sinais) que o acompanha diariamente durante as aulas. Gustavo estuda no 2&ordm; Ano da Escola Municipal Amaral&nbsp;<\/span><span data-scayt_word=\"Fontoura\" data-scaytid=\"6\" style=\"color: rgb(83, 81, 81); font-family: Arial, Helvetica, sans-serif; line-height: 18px; text-align: justify; \">Fontoura<\/span><span style=\"color: rgb(83, 81, 81); font-family: Arial, Helvetica, sans-serif; line-height: 18px; text-align: justify; \">. Conforme o relato da professora regente da sala Marly Marques e da Professora Int&eacute;rprete&nbsp;<\/span><span data-scayt_word=\"Gisele\" data-scaytid=\"7\" style=\"color: rgb(83, 81, 81); font-family: Arial, Helvetica, sans-serif; line-height: 18px; text-align: justify; \">Gisele<\/span><span style=\"color: rgb(83, 81, 81); font-family: Arial, Helvetica, sans-serif; line-height: 18px; text-align: justify; \">&nbsp;<\/span><span data-scayt_word=\"Ema\" data-scaytid=\"8\" style=\"color: rgb(83, 81, 81); font-family: Arial, Helvetica, sans-serif; line-height: 18px; text-align: justify; \">Ema<\/span><span style=\"color: rgb(83, 81, 81); font-family: Arial, Helvetica, sans-serif; line-height: 18px; text-align: justify; \">&nbsp;<\/span><span data-scayt_word=\"Fl&aacute;bio\" data-scaytid=\"9\" style=\"color: rgb(83, 81, 81); font-family: Arial, Helvetica, sans-serif; line-height: 18px; text-align: justify; \">Fl&aacute;bio<\/span><span style=\"color: rgb(83, 81, 81); font-family: Arial, Helvetica, sans-serif; line-height: 18px; text-align: justify; \">, Gustavo tem apresentado um rendimento acad&ecirc;mico satisfat&oacute;rio e se relaciona muito bem com os colegas de sala.<br \/>\n<\/span><br style=\"color: rgb(83, 81, 81); font-family: Arial, Helvetica, sans-serif; line-height: 18px; text-align: justify; \" \/><br \/>\n<span style=\"color: rgb(83, 81, 81); font-family: Arial, Helvetica, sans-serif; line-height: 18px; text-align: justify; \">De acordo com a secret&aacute;ria de educa&ccedil;&atilde;o professora&nbsp;<\/span><span data-scayt_word=\"Onilda\" data-scaytid=\"10\" style=\"color: rgb(83, 81, 81); font-family: Arial, Helvetica, sans-serif; line-height: 18px; text-align: justify; \">Onilda<\/span><span style=\"color: rgb(83, 81, 81); font-family: Arial, Helvetica, sans-serif; line-height: 18px; text-align: justify; \">, a Educa&ccedil;&atilde;o Especial &eacute; levada a s&eacute;rio na rede municipal, onde investimos tanto nos recursos humanos e na estrutura f&iacute;sica para que possamos&nbsp;<\/span><span data-scayt_word=\"ofertar\" data-scaytid=\"11\" style=\"color: rgb(83, 81, 81); font-family: Arial, Helvetica, sans-serif; line-height: 18px; text-align: justify; \">ofertar<\/span><span style=\"color: rgb(83, 81, 81); font-family: Arial, Helvetica, sans-serif; line-height: 18px; text-align: justify; \">&nbsp;um atendimento educacional de qualidade a esse&nbsp;<\/span><span data-scayt_word=\"alunado\" data-scaytid=\"12\" style=\"color: rgb(83, 81, 81); font-family: Arial, Helvetica, sans-serif; line-height: 18px; text-align: justify; \">alunado<\/span><span style=\"color: rgb(83, 81, 81); font-family: Arial, Helvetica, sans-serif; line-height: 18px; text-align: justify; \">.<\/p>\n<p>Prefeitura<br type=\"_moz\" \/><br \/>\n<\/span><\/p>\n","protected":false},"excerpt":{"rendered":"<p>Cruzeiro do Oeste, tem trabalhado com seriedade e responsabilidade no atendimento aos portadores de necessidades educacionais especiais, a fim de promover a inclus\u00e3o educacional dos mesmos. V\u00e1rios investimentos foram feitos tanto na estrutura f\u00edsica como na estrutura humana.<\/p>\n","protected":false},"author":1,"featured_media":26624,"comment_status":"open","ping_status":"open","sticky":false,"template":"","format":"standard","meta":{"footnotes":""},"categories":[1],"tags":[6040],"class_list":["post-26625","post","type-post","status-publish","format-standard","has-post-thumbnail","hentry","category-noticias-zeca-dirceu","tag-inclusao-educacional-e-uma-realidade-na-rede-municipal"],"_links":{"self":[{"href":"https:\/\/teste.bsb.br\/zeca\/wp-json\/wp\/v2\/posts\/26625","targetHints":{"allow":["GET"]}}],"collection":[{"href":"https:\/\/teste.bsb.br\/zeca\/wp-json\/wp\/v2\/posts"}],"about":[{"href":"https:\/\/teste.bsb.br\/zeca\/wp-json\/wp\/v2\/types\/post"}],"author":[{"embeddable":true,"href":"https:\/\/teste.bsb.br\/zeca\/wp-json\/wp\/v2\/users\/1"}],"replies":[{"embeddable":true,"href":"https:\/\/teste.bsb.br\/zeca\/wp-json\/wp\/v2\/comments?post=26625"}],"version-history":[{"count":0,"href":"https:\/\/teste.bsb.br\/zeca\/wp-json\/wp\/v2\/posts\/26625\/revisions"}],"wp:featuredmedia":[{"embeddable":true,"href":"https:\/\/teste.bsb.br\/zeca\/wp-json\/wp\/v2\/media\/26624"}],"wp:attachment":[{"href":"https:\/\/teste.bsb.br\/zeca\/wp-json\/wp\/v2\/media?parent=26625"}],"wp:term":[{"taxonomy":"category","embeddable":true,"href":"https:\/\/teste.bsb.br\/zeca\/wp-json\/wp\/v2\/categories?post=26625"},{"taxonomy":"post_tag","embeddable":true,"href":"https:\/\/teste.bsb.br\/zeca\/wp-json\/wp\/v2\/tags?post=26625"}],"curies":[{"name":"wp","href":"https:\/\/api.w.org\/{rel}","templated":true}]}}