{"id":26623,"date":"2011-12-18T00:00:00","date_gmt":"2011-12-18T02:00:00","guid":{"rendered":"https:\/\/www.zecadirceu.com.br\/familias-devem-atualizar-cadastro-junto-ao-cras-ate-o-dia-31-para-nao-ser-anulado\/"},"modified":"2011-12-18T00:00:00","modified_gmt":"2011-12-18T02:00:00","slug":"familias-devem-atualizar-cadastro-junto-ao-cras-ate-o-dia-31-para-nao-ser-anulado","status":"publish","type":"post","link":"https:\/\/teste.bsb.br\/zeca\/familias-devem-atualizar-cadastro-junto-ao-cras-ate-o-dia-31-para-nao-ser-anulado\/","title":{"rendered":"Fam\u00edlias devem atualizar cadastro junto ao Cras at\u00e9 o dia 31, para n\u00e3o ser anulado"},"content":{"rendered":"<p>&nbsp;<\/p>\n<p style=\"font-family: Verdana, sans-serif; font-size: 11px; line-height: 18px; background-color: rgb(242, 245, 250); \"><br class=\"Apple-interchange-newline\" \/><br \/>\nCom as mudan&ccedil;as no sistema do Cad&uacute;nico (Cadastro &Uacute;nico para programas sociais), feitas recentemente pelo Minist&eacute;rio de Desenvolvimento Social e Combate a Fome, centenas de fam&iacute;lias paranavaienses correm o risco de ficar sem os benef&iacute;cios de diversos programas sociais dos governos Federal, Estadual e Municipal, entre eles o Bolsa Fam&iacute;lia, Mais Leite das Crian&ccedil;as e isen&ccedil;&atilde;o da tarifa de luz. A informa&ccedil;&atilde;o &eacute; da diretora de Gest&atilde;o do Suas (Sistema &Uacute;nico de Assist&ecirc;ncia Social), a assistente social N&aacute;dia Kotsubo.<\/p>\n<div id=\"HOTWordsTxt\" name=\"HOTWordsTxt\" style=\"font-family: Verdana, sans-serif; font-size: 11px; line-height: 18px; background-color: rgb(242, 245, 250); \">\n<p><taghw><taghw>Atualmente, cerca de 5.800 fam&iacute;lias do munic&iacute;pio est&atilde;o inscritas no Cad&uacute;nico Destas, aproximadamente 3.400 recebem o Bolsa&nbsp;<a href=\"http:\/\/www.paranavaionline.com.br\/noticias\/local\/familias_que_nao_atualizarem_cadastro_junto_ao_cras_podem_perder_beneficios_sociais#\" rel=\"nofollow\" style=\"color: rgb(0, 102, 0); border-bottom-style: dotted; border-bottom-width: 1px; border-bottom-color: initial; \">Fam&iacute;lia<\/a>. De acordo com a assistente social, para garantir a continuidade do recebimento deste e de outros&nbsp;<\/taghw><a href=\"http:\/\/www.paranavaionline.com.br\/noticias\/local\/familias_que_nao_atualizarem_cadastro_junto_ao_cras_podem_perder_beneficios_sociais#\" rel=\"nofollow\" style=\"color: rgb(0, 102, 0); border-bottom-style: dotted; border-bottom-width: 1px; border-bottom-color: initial; \">benef&iacute;cios<\/a>, as fam&iacute;lias devem procurar a unidade do Cras (Centros de Refer&ecirc;ncia da Assist&ecirc;ncia Social) mais pr&oacute;xima de sua resid&ecirc;ncia para realizarem a atualiza&ccedil;&atilde;o cadastral.<\/taghw><\/p>\n<p><taghw>Para isso, elas devem estar munidas dos seguintes documentos pessoais: RG, CPF, t&iacute;tulo de eleitor, carteira de&nbsp;<a href=\"http:\/\/www.paranavaionline.com.br\/noticias\/local\/familias_que_nao_atualizarem_cadastro_junto_ao_cras_podem_perder_beneficios_sociais#\" rel=\"nofollow\" style=\"color: rgb(0, 102, 0); border-bottom-style: dotted; border-bottom-width: 1px; border-bottom-color: initial; \">trabalho<\/a>, &uacute;ltimo holerite, comprovante de resid&ecirc;ncia, e para os menores de 18 anos, certid&atilde;o de nascimento.<\/taghw><\/p>\n<p><taghw>Segundo N&aacute;dia, se at&eacute; o dia 31 de dezembro os cadastros n&atilde;o forem atualizados, o Bolsa Fam&iacute;lia ser&aacute; bloqueado. E se continuarem desatualizados at&eacute; 28 de fevereiro, o&nbsp;<a href=\"http:\/\/www.paranavaionline.com.br\/noticias\/local\/familias_que_nao_atualizarem_cadastro_junto_ao_cras_podem_perder_beneficios_sociais#\" rel=\"nofollow\" style=\"color: rgb(0, 102, 0); border-bottom-style: dotted; border-bottom-width: 1px; border-bottom-color: initial; \">benef&iacute;cio<\/a>ser&aacute; cancelado. Ela ressalta ainda que este tipo de atualiza&ccedil;&atilde;o deve ser feita pelo menos a cada dois anos, ou quando houver qualquer altera&ccedil;&atilde;o no endere&ccedil;o, na renda per capta, na composi&ccedil;&atilde;o familiar, etc. Lembrando que s&oacute; continuar&atilde;o recebendo o aux&iacute;lio as fam&iacute;lias com renda per capta de at&eacute; R$ 140 reais mensais.<\/taghw><\/p>\n<p><strong>Servi&ccedil;o:<\/strong><taghw>&nbsp; As quatro unidades do Cras em Paranava&iacute; ficam localizadas nos seguintes endere&ccedil;os: Vila Oper&aacute;ria (Rua Jo&atilde;o Graff Schreiber, 55), Jardim Maring&aacute; (Rua Ant&ocirc;nio Fachin, sem n&uacute;mero, ao lado da Unidade B&aacute;sica de&nbsp;<a href=\"http:\/\/www.paranavaionline.com.br\/noticias\/local\/familias_que_nao_atualizarem_cadastro_junto_ao_cras_podem_perder_beneficios_sociais#\" rel=\"nofollow\" style=\"color: rgb(0, 102, 0); border-bottom-style: dotted; border-bottom-width: 1px; border-bottom-color: initial; \">Sa&uacute;de<\/a>), S&atilde;o Jorge (Rua Jatob&aacute;, sem n&uacute;mero, pr&oacute;ximo ao cemit&eacute;rio-parque) e Moema (Rua Albino Ferracini, 1.181).<\/taghw><\/p>\n<\/div>\n<p style=\"font-family: Verdana, sans-serif; font-size: 11px; line-height: 18px; background-color: rgb(242, 245, 250); \">Fonte: Secretaria de Comunica&ccedil;&atilde;o Social &#8211; Prefeitura do Munic&iacute;pio de Paranava&iacute;<\/p>\n","protected":false},"excerpt":{"rendered":"<p>Com as mudan\u00e7as no sistema do Cad\u00fanico (Cadastro \u00danico para programas sociais), feitas recentemente pelo Minist\u00e9rio de Desenvolvimento Social e Combate a Fome, centenas de fam\u00edlias paranavaienses correm o risco de ficar sem os benef\u00edcios de diversos programas sociais dos governos Federal, Estadual e Municipal, entre eles o Bolsa Fam\u00edlia, Mais Leite das Crian\u00e7as e isen\u00e7\u00e3o da tarifa de luz. A informa\u00e7\u00e3o \u00e9 da diretora de Gest\u00e3o do Suas (Sistema \u00danico de Assist\u00eancia Social), a assistente social N\u00e1dia Kotsubo.<\/p>\n","protected":false},"author":1,"featured_media":26622,"comment_status":"open","ping_status":"open","sticky":false,"template":"","format":"standard","meta":{"footnotes":""},"categories":[1],"tags":[6038,6037,6039],"class_list":["post-26623","post","type-post","status-publish","format-standard","has-post-thumbnail","hentry","category-noticias-zeca-dirceu","tag-ate-o-dia-31","tag-familias-devem-atualizar-cadastro-junto-ao-cras","tag-para-nao-ser-anulado"],"_links":{"self":[{"href":"https:\/\/teste.bsb.br\/zeca\/wp-json\/wp\/v2\/posts\/26623","targetHints":{"allow":["GET"]}}],"collection":[{"href":"https:\/\/teste.bsb.br\/zeca\/wp-json\/wp\/v2\/posts"}],"about":[{"href":"https:\/\/teste.bsb.br\/zeca\/wp-json\/wp\/v2\/types\/post"}],"author":[{"embeddable":true,"href":"https:\/\/teste.bsb.br\/zeca\/wp-json\/wp\/v2\/users\/1"}],"replies":[{"embeddable":true,"href":"https:\/\/teste.bsb.br\/zeca\/wp-json\/wp\/v2\/comments?post=26623"}],"version-history":[{"count":0,"href":"https:\/\/teste.bsb.br\/zeca\/wp-json\/wp\/v2\/posts\/26623\/revisions"}],"wp:featuredmedia":[{"embeddable":true,"href":"https:\/\/teste.bsb.br\/zeca\/wp-json\/wp\/v2\/media\/26622"}],"wp:attachment":[{"href":"https:\/\/teste.bsb.br\/zeca\/wp-json\/wp\/v2\/media?parent=26623"}],"wp:term":[{"taxonomy":"category","embeddable":true,"href":"https:\/\/teste.bsb.br\/zeca\/wp-json\/wp\/v2\/categories?post=26623"},{"taxonomy":"post_tag","embeddable":true,"href":"https:\/\/teste.bsb.br\/zeca\/wp-json\/wp\/v2\/tags?post=26623"}],"curies":[{"name":"wp","href":"https:\/\/api.w.org\/{rel}","templated":true}]}}