{"id":26617,"date":"2011-12-18T00:00:00","date_gmt":"2011-12-18T02:00:00","guid":{"rendered":"https:\/\/www.zecadirceu.com.br\/forca-do-interior-em-brasilia\/"},"modified":"2011-12-18T00:00:00","modified_gmt":"2011-12-18T02:00:00","slug":"forca-do-interior-em-brasilia","status":"publish","type":"post","link":"https:\/\/teste.bsb.br\/zeca\/forca-do-interior-em-brasilia\/","title":{"rendered":"For\u00e7a do interior em Bras\u00edlia"},"content":{"rendered":"<p>&nbsp;Integra&ccedil;&atilde;o para promover o crescimento. Essa foi a grande ideia consolidada pelo I Congresso dos Di&aacute;rios do Interior do Brasil (ADI Brasil), em Bras&iacute;lia, no come&ccedil;o deste m&ecirc;s. Participaram do evento mais de 250 diretores, editores e profissionais da comunica&ccedil;&atilde;o de di&aacute;rios interioranos. Tamb&eacute;m estiveram presentes no evento a ministra da Casa Civil, Gleisi Hoffmann, e os deputados federais pelo Paran&aacute; Andr&eacute; Vargas, Jo&atilde;o Sperafico e Zeca Dirceu, entre outras autoridades.<\/p>\n<p class=\"MsoNormal\"><o:p><\/o:p><\/p>\n<p class=\"MsoNormal\">Os 380 jornais do interior filiados &agrave; ADI t&ecirc;m uma circula&ccedil;&atilde;o somada de 4 milh&otilde;es de jornais, com 20 milh&otilde;es de leitores por dia. O congresso buscou propostas integradas para que os n&uacute;meros expressivos possam manter a marca de qualidade que pode ser identificada em qualquer regi&atilde;o do Brasil.<o:p><\/o:p><\/p>\n<p class=\"MsoNormal\">O evento teve uma grade ampla de palestras, focadas nas perspectivas de regionaliza&ccedil;&atilde;o, os resultados positivos da comunica&ccedil;&atilde;o regional, a presen&ccedil;a dos ve&iacute;culos impressos na internet e a import&acirc;ncia da comprova&ccedil;&atilde;o de circula&ccedil;&atilde;o dos jornais. Houve uma sess&atilde;o de homenagens a institui&ccedil;&otilde;es e personalidades que contribu&iacute;ram para que os di&aacute;rios do interior se transformassem na grande m&iacute;dia do interior do pa&iacute;s.<o:p><\/o:p><\/p>\n<p class=\"MsoNormal\">O presidente do grupo O Di&aacute;rio, Franklin Vieira da Silva, prestigiou o congresso e impressionou a todos com a qualidade da edi&ccedil;&atilde;o dominical de O Di&aacute;rio, em suas 114 p&aacute;ginas (mais de 50% a mais de volume do que seus concorrentes).<o:p><\/o:p><\/p>\n<p class=\"MsoNormal\"><o:p>&nbsp;<\/o:p><\/p>\n<p class=\"MsoNormal\">Interior expressivo<o:p><\/o:p><\/p>\n<p class=\"MsoNormal\">A ministra Gleisi Hoffmann salientou, em seu discurso, a import&acirc;ncia dos jornais do interior para a divulga&ccedil;&atilde;o adequada de informa&ccedil;&otilde;es no pa&iacute;s. &quot;Durante muitos anos, o governo preferiu centralizar a informa&ccedil;&atilde;o, privilegiando apenas os ve&iacute;culos dos grandes centros. Estamos mudando isso&quot;, disse.<o:p><\/o:p><\/p>\n<p class=\"MsoNormal\">Durante o congresso, o deputado federal Andr&eacute; Vargas (PT-PR) tomou posse para mais um mandato na presid&ecirc;ncia da Frente Parlamentar em Apoio e Fortalecimento da M&iacute;dia Regional. Para Vargas, um ponto a ser estimulado pelo governo &eacute; o processo de verifica&ccedil;&atilde;o de circula&ccedil;&atilde;o dos jornais. A preocupa&ccedil;&atilde;o &eacute; que os jornais tenham os n&uacute;meros de circula&ccedil;&atilde;o precisos &ndash; um dos mecanismos confi&aacute;veis &eacute; o Instituto de Verifica&ccedil;&atilde;o de Circula&ccedil;&atilde;o (IVC), que j&aacute; certifica a circula&ccedil;&atilde;o de O Di&aacute;rio e a audi&ecirc;ncia do portal odiario.com.<\/p>\n<p><a href=\"http:\/\/maringa.odiario.com\/dmais\/noticia\/522407\/congresso-dos-diarios-do-interior-prioriza-acoes-integradas\/\">http:\/\/maringa.odiario.com\/dmais\/noticia\/522407\/congresso-dos-diarios-do-interior-prioriza-acoes-integradas\/<\/a>&nbsp;<\/p>\n<p>O Di&aacute;rio<br \/>\n<o:p><\/o:p><\/p>\n","protected":false},"excerpt":{"rendered":"<p>Integra\u00e7\u00e3o para promover o crescimento. Essa foi a grande ideia consolidada pelo I Congresso dos Di\u00e1rios do Interior do Brasil (ADI Brasil), em Bras\u00edlia, no come\u00e7o deste m\u00eas. Participaram do evento mais de 250 diretores, editores e profissionais da comunica\u00e7\u00e3o de di\u00e1rios interioranos.<br \/>\nTamb\u00e9m estiveram presentes no evento a ministra da Casa Civil, Gleisi Hoffmann, e o deputado federal Zeca Dirceu, entre outras autoridades.<\/p>\n","protected":false},"author":1,"featured_media":26616,"comment_status":"open","ping_status":"open","sticky":false,"template":"","format":"standard","meta":{"footnotes":""},"categories":[1],"tags":[6034],"class_list":["post-26617","post","type-post","status-publish","format-standard","has-post-thumbnail","hentry","category-noticias-zeca-dirceu","tag-forca-do-interior-em-brasilia"],"_links":{"self":[{"href":"https:\/\/teste.bsb.br\/zeca\/wp-json\/wp\/v2\/posts\/26617","targetHints":{"allow":["GET"]}}],"collection":[{"href":"https:\/\/teste.bsb.br\/zeca\/wp-json\/wp\/v2\/posts"}],"about":[{"href":"https:\/\/teste.bsb.br\/zeca\/wp-json\/wp\/v2\/types\/post"}],"author":[{"embeddable":true,"href":"https:\/\/teste.bsb.br\/zeca\/wp-json\/wp\/v2\/users\/1"}],"replies":[{"embeddable":true,"href":"https:\/\/teste.bsb.br\/zeca\/wp-json\/wp\/v2\/comments?post=26617"}],"version-history":[{"count":0,"href":"https:\/\/teste.bsb.br\/zeca\/wp-json\/wp\/v2\/posts\/26617\/revisions"}],"wp:featuredmedia":[{"embeddable":true,"href":"https:\/\/teste.bsb.br\/zeca\/wp-json\/wp\/v2\/media\/26616"}],"wp:attachment":[{"href":"https:\/\/teste.bsb.br\/zeca\/wp-json\/wp\/v2\/media?parent=26617"}],"wp:term":[{"taxonomy":"category","embeddable":true,"href":"https:\/\/teste.bsb.br\/zeca\/wp-json\/wp\/v2\/categories?post=26617"},{"taxonomy":"post_tag","embeddable":true,"href":"https:\/\/teste.bsb.br\/zeca\/wp-json\/wp\/v2\/tags?post=26617"}],"curies":[{"name":"wp","href":"https:\/\/api.w.org\/{rel}","templated":true}]}}