{"id":26615,"date":"2011-12-18T00:00:00","date_gmt":"2011-12-18T02:00:00","guid":{"rendered":"https:\/\/www.zecadirceu.com.br\/santo-antonio-do-sudoeste-ganha-recursos-para-reforma-de-duas-unidades-basicas-de-saude\/"},"modified":"2011-12-18T00:00:00","modified_gmt":"2011-12-18T02:00:00","slug":"santo-antonio-do-sudoeste-ganha-recursos-para-reforma-de-duas-unidades-basicas-de-saude","status":"publish","type":"post","link":"https:\/\/teste.bsb.br\/zeca\/santo-antonio-do-sudoeste-ganha-recursos-para-reforma-de-duas-unidades-basicas-de-saude\/","title":{"rendered":"Santo Ant\u00f4nio do Sudoeste ganha recursos para reforma de duas Unidades  B\u00e1sicas de Sa\u00fade"},"content":{"rendered":"<p>&nbsp;<span style=\"font-family: Arial, sans-serif; font-size: 10pt; line-height: 115%; \">O <\/span><span style=\"font-family: Arial, sans-serif; font-size: 10pt; line-height: 115%; \">&nbsp;<\/span><span style=\"font-family: Arial, sans-serif; font-size: 10pt; line-height: 115%; \">munic&iacute;pio de Santo Antonio do Sudoeste est&aacute; oficialmente habilitado a receber recursos financeiros para reforma de duas Unidades B&aacute;sicas de Sa&uacute;de (UBS). A informa&ccedil;&atilde;o &eacute; do Minist&eacute;rio da Sa&uacute;de, e quem anuncia &eacute; o deputado federal Zeca Dirceu (PT-PR), que priorizou o munic&iacute;pio em suas constantes tratativas com o governo federal.<\/span><\/p>\n<p class=\"MsoNormal\"><span style=\"font-size: 10pt; line-height: 115%; font-family: Arial, sans-serif; \">Para a execu&ccedil;&atilde;o das duas reformas, Santo Antonio do Sudoeste receber&aacute; recursos na ordem de R$ 400 mil por meio de uma transfer&ecirc;ncia fundo a fundo, que consiste no repasse de valores, de forma regular e autom&aacute;tica, diretamente do Fundo Nacional de Sa&uacute;de para os Estados e munic&iacute;pios, independentemente de conv&ecirc;nio ou instrumento similar.<o:p><\/o:p><\/span><\/p>\n<p class=\"MsoNormal\"><span style=\"font-size: 10pt; line-height: 115%; font-family: Arial, sans-serif; \">Na Marcha dos Prefeitos deste ano, a presidenta Dilma Rousseff anunciou aos gestores municipais que o governo federal repassaria R$ 10 bilh&otilde;es a mais para os munic&iacute;pios investirem em sa&uacute;de. &ldquo;A presidenta cumpre seu compromisso ao autorizar o repasse desta verba nova para reforma das unidades de sa&uacute;de. Sem d&uacute;vidas, este investimento vai melhorar bastante a vida dos cidad&atilde;os de Santo Antonio do Sudoeste&rdquo;, comemorou Zeca Dirceu.<o:p><\/o:p><\/span><font face=\"Arial, sans-serif\" size=\"2\"><span style=\"line-height: 14px;\"><br \/>\n<\/span><\/font><\/p>\n<p class=\"MsoNormal\"><span style=\"font-size: 10pt; line-height: 115%; font-family: Arial, sans-serif; \">As duas unidades que passar&atilde;o pela reforma s&atilde;o o Centro de Sa&uacute;de NIS I e a Unidade do Programa Sa&uacute;de da Fam&iacute;lia da Vila Catarina.<o:p><\/o:p><\/span><font face=\"Arial, sans-serif\" size=\"2\"><span style=\"line-height: 14px;\"><br \/>\n<\/span><\/font><\/p>\n<p class=\"MsoNormal\"><span style=\"font-size: 10pt; line-height: 115%; font-family: Arial, sans-serif; \">A informa&ccedil;&atilde;o repassada pelo Minist&eacute;rio da Sa&uacute;de ao deputado Zeca Dirceu &eacute; que estes recursos ser&atilde;o empenhados at&eacute; o dia 16 de dezembro deste ano. O empenho &eacute; o primeiro est&aacute;gio da despesa, quando a autoridade competente cria para o Estado a obriga&ccedil;&atilde;o de pagamento.<o:p><\/o:p><\/span><font face=\"Arial, sans-serif\" size=\"2\"><span style=\"line-height: 14px;\"><br \/>\n<\/span><\/font><\/p>\n<p class=\"MsoNormal\"><span style=\"font-size: 10pt; line-height: 115%; font-family: Arial, sans-serif; \">&ldquo;Foi um investimento bastante oportuno. Alguns postos de sa&uacute;de no Paran&aacute; est&atilde;o em situa&ccedil;&atilde;o prec&aacute;ria e os munic&iacute;pios sozinhos n&atilde;o t&ecirc;m recursos para manter as suas estruturas f&iacute;sicas com alto n&iacute;vel de qualidade&rdquo;, afirmou o deputado Zeca Dirceu.<o:p><\/o:p><\/span><\/p>\n<p class=\"MsoNormal\"><font face=\"Arial, sans-serif\" size=\"2\"><span style=\"line-height: 14px;\"><br \/>\n<\/span><\/font><\/p>\n<p class=\"MsoNormal\"><span style=\"font-size: 10pt; line-height: 115%; font-family: Arial, sans-serif; \">Agradecimento<o:p><\/o:p><\/span><\/p>\n<p class=\"MsoNormal\"><span style=\"font-size: 10pt; line-height: 115%; font-family: Arial, sans-serif; \">A c&uacute;pula da administra&ccedil;&atilde;o de Santo Antonio do Sudoeste, representada pelo prefeito Ricardo Ortina e o vice-prefeito Valdir Oldra, agradeceu o empenho do deputado Zeca Dirceu para garantir os recursos destinados &agrave; reforma das duas UBS. &ldquo;Estamos muito contentes com o empenho que o deputado Zeca Dirceu tem demonstrado pelo nosso munic&iacute;pio, essa verba para as reformas vai melhorar bastante as condi&ccedil;&otilde;es de atendimento nas unidades de sa&uacute;de&rdquo;, disse o prefeito Ricardo Ortina.<o:p><\/o:p><\/span><\/p>\n<p class=\"MsoNormal\"><span style=\"font-size: 10pt; line-height: 115%; font-family: Arial, sans-serif; \">Da mesma forma, as principais lideran&ccedil;as petistas locais, como o presidente do partido, Enio Santos, a secret&aacute;ria de A&ccedil;&atilde;o Social, Ana Paula Tomazoni, a chefe do Departamento de Urbanismo, Ana M&aacute;rcia Machado, e o vereador licenciado e secret&aacute;rio de Agricultura, Clodomir Fiorentin, destacaram a import&acirc;ncia do trabalho de Zeca Dirceu.<o:p><\/o:p><\/span><\/p>\n<p class=\"MsoNormal\"><span style=\"font-size: 10pt; line-height: 115%; font-family: Arial, sans-serif; \">&ldquo;O Zeca tem ajudado bastante o nosso munic&iacute;pio, especialmente nas &aacute;reas de Sa&uacute;de e Educa&ccedil;&atilde;o, e a prova disso &eacute; que, por interm&eacute;dio dele, tivemos acessos a recursos na ordem de R$ 850 mil para a constru&ccedil;&atilde;o do Col&eacute;gio Municipal no Parque das Emba&uacute;bas e agora esta verba para reforma das duas UBS&rdquo;, disse Clodomir Fiorentin, que tem mantido os contatos diretos com o deputado e sua equipe t&eacute;cnica.<o:p><\/o:p><\/span><\/p>\n<p class=\"MsoNormal\"><font face=\"Arial, sans-serif\" size=\"2\"><span style=\"line-height: 14px;\"><br \/>\n<\/span><\/font><\/p>\n<p class=\"MsoNormal\"><span style=\"font-size: 10pt; line-height: 115%; font-family: Arial, sans-serif; \">&ldquo;Sa&uacute;de Mais Perto de Voc&ecirc;&rdquo;<o:p><\/o:p><\/span><\/p>\n<p class=\"MsoNormal\"><span style=\"font-size: 10pt; line-height: 115%; font-family: Arial, sans-serif; \">As reformas nas Unidades B&aacute;sicas de Sa&uacute;de fazem parte do programa &ldquo;Sa&uacute;de mais Perto de Voc&ecirc;&rdquo;, lan&ccedil;ado na ter&ccedil;a-feira (29) em Bras&iacute;lia. As reformas est&atilde;o previstas no programa visando o cumprimento dos padr&otilde;es estabelecidos pela Ag&ecirc;ncia Nacional de Vigil&acirc;ncia Sanit&aacute;ria (Anvisa) e pelo Departamento de Aten&ccedil;&atilde;o B&aacute;sica (DAB) do Minist&eacute;rio da Sa&uacute;de, permitindo assim, melhoria do ambiente, acessibilidade, acolhimento e humaniza&ccedil;&atilde;o para os usu&aacute;rios, al&eacute;m da melhoria das condi&ccedil;&otilde;es de trabalho para as equipes.<o:p><\/o:p><\/span><\/p>\n<p class=\"MsoNormal\"><o:p>&nbsp;<\/o:p><\/p>\n","protected":false},"excerpt":{"rendered":"<p>O  munic\u00edpio de Santo Antonio do Sudoeste est\u00e1 oficialmente habilitado a receber recursos financeiros para reforma de duas Unidades B\u00e1sicas de Sa\u00fade (UBS). A informa\u00e7\u00e3o \u00e9 do Minist\u00e9rio da Sa\u00fade, e quem anuncia \u00e9 o deputado federal Zeca Dirceu (PT-PR), que priorizou o munic\u00edpio em suas constantes tratativas com o governo federal.<\/p>\n","protected":false},"author":1,"featured_media":26614,"comment_status":"open","ping_status":"open","sticky":false,"template":"","format":"standard","meta":{"footnotes":""},"categories":[1],"tags":[6033],"class_list":["post-26615","post","type-post","status-publish","format-standard","has-post-thumbnail","hentry","category-noticias-zeca-dirceu","tag-santo-antonio-do-sudoeste-ganha-recursos-para-reforma-de-duas-unidades-basicas-de-saude"],"_links":{"self":[{"href":"https:\/\/teste.bsb.br\/zeca\/wp-json\/wp\/v2\/posts\/26615","targetHints":{"allow":["GET"]}}],"collection":[{"href":"https:\/\/teste.bsb.br\/zeca\/wp-json\/wp\/v2\/posts"}],"about":[{"href":"https:\/\/teste.bsb.br\/zeca\/wp-json\/wp\/v2\/types\/post"}],"author":[{"embeddable":true,"href":"https:\/\/teste.bsb.br\/zeca\/wp-json\/wp\/v2\/users\/1"}],"replies":[{"embeddable":true,"href":"https:\/\/teste.bsb.br\/zeca\/wp-json\/wp\/v2\/comments?post=26615"}],"version-history":[{"count":0,"href":"https:\/\/teste.bsb.br\/zeca\/wp-json\/wp\/v2\/posts\/26615\/revisions"}],"wp:featuredmedia":[{"embeddable":true,"href":"https:\/\/teste.bsb.br\/zeca\/wp-json\/wp\/v2\/media\/26614"}],"wp:attachment":[{"href":"https:\/\/teste.bsb.br\/zeca\/wp-json\/wp\/v2\/media?parent=26615"}],"wp:term":[{"taxonomy":"category","embeddable":true,"href":"https:\/\/teste.bsb.br\/zeca\/wp-json\/wp\/v2\/categories?post=26615"},{"taxonomy":"post_tag","embeddable":true,"href":"https:\/\/teste.bsb.br\/zeca\/wp-json\/wp\/v2\/tags?post=26615"}],"curies":[{"name":"wp","href":"https:\/\/api.w.org\/{rel}","templated":true}]}}