{"id":26613,"date":"2011-12-18T00:00:00","date_gmt":"2011-12-18T02:00:00","guid":{"rendered":"https:\/\/www.zecadirceu.com.br\/dilma-aposta-em-crescimento-de-5-para-2012\/"},"modified":"2011-12-18T00:00:00","modified_gmt":"2011-12-18T02:00:00","slug":"dilma-aposta-em-crescimento-de-5-para-2012","status":"publish","type":"post","link":"https:\/\/teste.bsb.br\/zeca\/dilma-aposta-em-crescimento-de-5-para-2012\/","title":{"rendered":"Dilma aposta em crescimento de 5% para 2012"},"content":{"rendered":"<p>&nbsp;<span style=\"color: rgb(34, 34, 34); font-family: georgia, 'palatino linotype', palatino, 'times new roman', times, serif; font-size: 14px; line-height: 20px; \">Apesar de apontar a quest&atilde;o econ&ocirc;mica como a principal dificuldade enfrentada por seu governo neste ano, a presidenta<\/span><span style=\"color: rgb(34, 34, 34); font-family: georgia, 'palatino linotype', palatino, 'times new roman', times, serif; font-size: 14px; line-height: 20px; \">&nbsp;<\/span><i style=\"color: rgb(34, 34, 34); font-family: georgia, 'palatino linotype', palatino, 'times new roman', times, serif; font-size: 14px; line-height: 20px; margin-top: 0px; margin-right: 0px; margin-bottom: 0px; margin-left: 0px; padding-top: 0px; padding-right: 0px; padding-bottom: 0px; padding-left: 0px; border-top-width: 0px; border-right-width: 0px; border-bottom-width: 0px; border-left-width: 0px; border-style: initial; border-color: initial; border-image: initial; outline-width: 0px; outline-style: initial; outline-color: initial; vertical-align: baseline; background-image: initial; background-attachment: initial; background-origin: initial; background-clip: initial; background-color: transparent; \">Dilma&nbsp;<\/i><span style=\"color: rgb(34, 34, 34); font-family: georgia, 'palatino linotype', palatino, 'times new roman', times, serif; font-size: 14px; line-height: 20px; \">Rousseff disse nesta sexta-feira,16, &nbsp;que est&aacute; otimista em rela&ccedil;&atilde;o ao desempenho econ&ocirc;mico do Brasil para 2012. Ela apostou em um crescimento do Produto Interno Bruto (PIB) brasileiro, para o pr&oacute;ximo ano, em torno de 5%.<br \/>\n<\/span><\/p>\n<p style=\"margin-top: 0px; margin-right: 0px; margin-bottom: 0px; margin-left: 0px; padding-top: 0px; padding-right: 0px; padding-bottom: 10px; padding-left: 0px; border-top-width: 0px; border-right-width: 0px; border-bottom-width: 0px; border-left-width: 0px; border-style: initial; border-color: initial; border-image: initial; outline-width: 0px; outline-style: initial; outline-color: initial; font-size: 14px; vertical-align: baseline; background-image: initial; background-attachment: initial; background-origin: initial; background-clip: initial; color: rgb(34, 34, 34); font-family: georgia, 'palatino linotype', palatino, 'times new roman', times, serif; line-height: 20px; \">\n&ndash;&nbsp;Minha meta &eacute; de 5 &#91;%], a do Guido &#91;Guido Mantega, ministro da Fazenda] &eacute; de 5 &#91;%], da &aacute;rea econ&ocirc;mica &eacute; 5 &#91;%], disse a presidenta em um caf&eacute; da manh&atilde; com jornalistas, no Pal&aacute;cio do Planalto. &ldquo;A minha expectativa &eacute; otimista, voc&ecirc;s queriam que fosse pessimista&rdquo;, disse a presidenta.<\/p>\n<p style=\"margin-top: 0px; margin-right: 0px; margin-bottom: 0px; margin-left: 0px; padding-top: 0px; padding-right: 0px; padding-bottom: 10px; padding-left: 0px; border-top-width: 0px; border-right-width: 0px; border-bottom-width: 0px; border-left-width: 0px; border-style: initial; border-color: initial; border-image: initial; outline-width: 0px; outline-style: initial; outline-color: initial; font-size: 14px; vertical-align: baseline; background-image: initial; background-attachment: initial; background-origin: initial; background-clip: initial; color: rgb(34, 34, 34); font-family: georgia, 'palatino linotype', palatino, 'times new roman', times, serif; line-height: 20px; \">O otimismo de&nbsp;<u style=\"margin-top: 0px; margin-right: 0px; margin-bottom: 0px; margin-left: 0px; padding-top: 0px; padding-right: 0px; padding-bottom: 0px; padding-left: 0px; border-top-width: 0px; border-right-width: 0px; border-bottom-width: 0px; border-left-width: 0px; border-style: initial; border-color: initial; border-image: initial; outline-width: 0px; outline-style: initial; outline-color: initial; vertical-align: baseline; background-image: initial; background-attachment: initial; background-origin: initial; background-clip: initial; background-color: transparent; \">Dilma<\/u>&nbsp;em rela&ccedil;&atilde;o &agrave; economia, tamb&eacute;m se refere &agrave; infla&ccedil;&atilde;o, que, segundo a estimativa da presidenta, deve ficar &ldquo;sob controle&rdquo; em 2012. Ela n&atilde;o afirmou que o &iacute;ndice caminhar&aacute; para o centro da meta (4,5%), mas admitiu que poder&aacute; ficar um pouco acima. &ldquo;N&oacute;s temos certeza de que a infla&ccedil;&atilde;o fica sob controle, fazendo aquela curva suave&rdquo;, destacou a presidenta. O importante &eacute; que a infla&ccedil;&atilde;o fica sob controle&rdquo;, completou.<\/p>\n<p style=\"margin-top: 0px; margin-right: 0px; margin-bottom: 0px; margin-left: 0px; padding-top: 0px; padding-right: 0px; padding-bottom: 10px; padding-left: 0px; border-top-width: 0px; border-right-width: 0px; border-bottom-width: 0px; border-left-width: 0px; border-style: initial; border-color: initial; border-image: initial; outline-width: 0px; outline-style: initial; outline-color: initial; font-size: 14px; vertical-align: baseline; background-image: initial; background-attachment: initial; background-origin: initial; background-clip: initial; color: rgb(34, 34, 34); font-family: georgia, 'palatino linotype', palatino, 'times new roman', times, serif; line-height: 20px; \">Dilma voltou a lembrar que as reservas de recursos do governo d&atilde;o condi&ccedil;&otilde;es de afirmar que, apesar da crise, o pa&iacute;s tem melhores condi&ccedil;&otilde;es de superar os problemas internos na economia.<\/p>\n<p style=\"margin-top: 0px; margin-right: 0px; margin-bottom: 0px; margin-left: 0px; padding-top: 0px; padding-right: 0px; padding-bottom: 10px; padding-left: 0px; border-top-width: 0px; border-right-width: 0px; border-bottom-width: 0px; border-left-width: 0px; border-style: initial; border-color: initial; border-image: initial; outline-width: 0px; outline-style: initial; outline-color: initial; font-size: 14px; vertical-align: baseline; background-image: initial; background-attachment: initial; background-origin: initial; background-clip: initial; color: rgb(34, 34, 34); font-family: georgia, 'palatino linotype', palatino, 'times new roman', times, serif; line-height: 20px; \">&ndash;&nbsp;As a&ccedil;&otilde;es que tivemos do ponto de vista fiscal &eacute; que nos d&atilde;o hoje um bom f&ocirc;lego, uma grande capacidade de manobra, disse a presidenta referindo-se &agrave;s reservas internacionais e ao resultado dos dep&oacute;sitos compuls&oacute;rios dos bancos, que hoje chegam a R$ 450 bilh&otilde;es, em poder do Banco Central<\/p>\n<p style=\"margin-top: 0px; margin-right: 0px; margin-bottom: 0px; margin-left: 0px; padding-top: 0px; padding-right: 0px; padding-bottom: 10px; padding-left: 0px; border-top-width: 0px; border-right-width: 0px; border-bottom-width: 0px; border-left-width: 0px; border-style: initial; border-color: initial; border-image: initial; outline-width: 0px; outline-style: initial; outline-color: initial; font-size: 14px; vertical-align: baseline; background-image: initial; background-attachment: initial; background-origin: initial; background-clip: initial; color: rgb(34, 34, 34); font-family: georgia, 'palatino linotype', palatino, 'times new roman', times, serif; line-height: 20px; \">&ndash;&nbsp;Temos recursos pr&oacute;prios para enfrentar esse problema. Em outros pa&iacute;ses, quando a coisa aperta, tem que se recorrer ao Or&ccedil;amento. N&oacute;s temos reservas, temos o compuls&oacute;rio e tamb&eacute;m temos margem de manobra na pol&iacute;tica monet&aacute;ria, disse a presidenta.<\/p>\n<p style=\"margin-top: 0px; margin-right: 0px; margin-bottom: 0px; margin-left: 0px; padding-top: 0px; padding-right: 0px; padding-bottom: 10px; padding-left: 0px; border-top-width: 0px; border-right-width: 0px; border-bottom-width: 0px; border-left-width: 0px; border-style: initial; border-color: initial; border-image: initial; outline-width: 0px; outline-style: initial; outline-color: initial; font-size: 14px; vertical-align: baseline; background-image: initial; background-attachment: initial; background-origin: initial; background-clip: initial; color: rgb(34, 34, 34); font-family: georgia, 'palatino linotype', palatino, 'times new roman', times, serif; line-height: 20px; \">Ela lembrou que o governo teve a capacidade de se antecipar ao agravamento no cen&aacute;rio internacional. &ldquo;Tamb&eacute;m nos antecipamos na avalia&ccedil;&atilde;o do que vinha. A &aacute;rea econ&ocirc;mica viu que a crise era diferente da de 2008. Pouco antes da metade do ano, come&ccedil;amos a acender o sinal vermelho. Vimos que a crise seria de longo prazo e com picos&rdquo;, lembrou a presidenta.<\/p>\n<p style=\"margin-top: 0px; margin-right: 0px; margin-bottom: 0px; margin-left: 0px; padding-top: 0px; padding-right: 0px; padding-bottom: 10px; padding-left: 0px; border-top-width: 0px; border-right-width: 0px; border-bottom-width: 0px; border-left-width: 0px; border-style: initial; border-color: initial; border-image: initial; outline-width: 0px; outline-style: initial; outline-color: initial; font-size: 14px; vertical-align: baseline; background-image: initial; background-attachment: initial; background-origin: initial; background-clip: initial; color: rgb(34, 34, 34); font-family: georgia, 'palatino linotype', palatino, 'times new roman', times, serif; line-height: 20px; \">Na avalia&ccedil;&atilde;o da presidenta, a tend&ecirc;ncia de todos os pa&iacute;ses do mundo, em meio &agrave; crise, ser&aacute; a de se voltar para investimentos internos. Esses conceitos, segundo ela, tamb&eacute;m v&atilde;o nortear as campanhas eleitorais nos pa&iacute;ses desenvolvidos. Ela citou o conceito de &ldquo;relocaliza&ccedil;&atilde;o&rdquo; que dever&aacute; ser a ideia central da campanha na Fran&ccedil;a e os programas de incentivos a investimentos feitos pelos Estados Unidos.<\/p>\n<p>Fonte: Correio do Brasil<\/p>\n<p><br class=\"Apple-interchange-newline\" \/><\/p>\n","protected":false},"excerpt":{"rendered":"<p>Apesar de apontar a quest\u00e3o econ\u00f4mica como a principal dificuldade enfrentada por seu governo neste ano, a presidenta Dilma Rousseff disse nesta sexta-feira,16, que est\u00e1 otimista em rela\u00e7\u00e3o ao desempenho econ\u00f4mico do Brasil para 2012. Ela apostou em um crescimento do Produto Interno Bruto (PIB) brasileiro, para o pr\u00f3ximo ano, em torno de 5%.<\/p>\n","protected":false},"author":1,"featured_media":26612,"comment_status":"open","ping_status":"open","sticky":false,"template":"","format":"standard","meta":{"footnotes":""},"categories":[1],"tags":[6032],"class_list":["post-26613","post","type-post","status-publish","format-standard","has-post-thumbnail","hentry","category-noticias-zeca-dirceu","tag-dilma-aposta-em-crescimento-de-5-para-2012"],"_links":{"self":[{"href":"https:\/\/teste.bsb.br\/zeca\/wp-json\/wp\/v2\/posts\/26613","targetHints":{"allow":["GET"]}}],"collection":[{"href":"https:\/\/teste.bsb.br\/zeca\/wp-json\/wp\/v2\/posts"}],"about":[{"href":"https:\/\/teste.bsb.br\/zeca\/wp-json\/wp\/v2\/types\/post"}],"author":[{"embeddable":true,"href":"https:\/\/teste.bsb.br\/zeca\/wp-json\/wp\/v2\/users\/1"}],"replies":[{"embeddable":true,"href":"https:\/\/teste.bsb.br\/zeca\/wp-json\/wp\/v2\/comments?post=26613"}],"version-history":[{"count":0,"href":"https:\/\/teste.bsb.br\/zeca\/wp-json\/wp\/v2\/posts\/26613\/revisions"}],"wp:featuredmedia":[{"embeddable":true,"href":"https:\/\/teste.bsb.br\/zeca\/wp-json\/wp\/v2\/media\/26612"}],"wp:attachment":[{"href":"https:\/\/teste.bsb.br\/zeca\/wp-json\/wp\/v2\/media?parent=26613"}],"wp:term":[{"taxonomy":"category","embeddable":true,"href":"https:\/\/teste.bsb.br\/zeca\/wp-json\/wp\/v2\/categories?post=26613"},{"taxonomy":"post_tag","embeddable":true,"href":"https:\/\/teste.bsb.br\/zeca\/wp-json\/wp\/v2\/tags?post=26613"}],"curies":[{"name":"wp","href":"https:\/\/api.w.org\/{rel}","templated":true}]}}