{"id":26599,"date":"2011-12-19T00:00:00","date_gmt":"2011-12-19T02:00:00","guid":{"rendered":"https:\/\/www.zecadirceu.com.br\/seminario-detalha-mudancas-no-simples-nacional\/"},"modified":"2011-12-19T00:00:00","modified_gmt":"2011-12-19T02:00:00","slug":"seminario-detalha-mudancas-no-simples-nacional","status":"publish","type":"post","link":"https:\/\/teste.bsb.br\/zeca\/seminario-detalha-mudancas-no-simples-nacional\/","title":{"rendered":"Semin\u00e1rio detalha mudan\u00e7as no Simples Nacional"},"content":{"rendered":"<p>&nbsp; <span style=\"font-family: arial, sans-serif; font-size: 13px; \">A Lei Complementar 139\/2011 modificou algumas regras do Simples Nacional, o regime especial unificado de arrecada&ccedil;&atilde;o de tributos e contribui&ccedil;&otilde;es devidos pelas micro e pequenas empresas. Para auxiliar contadores, empres&aacute;rios, lideran&ccedil;as empresariais e gestores p&uacute;blicos a compreenderem as mudan&ccedil;as, acontece em Curitiba, no dia 24 de janeiro, das 8h30 &agrave;s 13 horas, o Semin&aacute;rio Estadual do Simples Nacional.&nbsp;<\/span><br style=\"font-family: arial, sans-serif; font-size: 13px; \" \/><br \/>\n<br style=\"font-family: arial, sans-serif; font-size: 13px; \" \/><br \/>\n<span style=\"font-family: arial, sans-serif; font-size: 13px; \">O evento ser&aacute; realizado no Audit&oacute;rio M&aacute;rio de Mari, localizado no Centro Integrado dos Empres&aacute;rios e Trabalhadores das Ind&uacute;strias do Paran&aacute; (CIETEP), com transmiss&atilde;o simult&acirc;nea para outras cidades do Paran&aacute;.&nbsp;<\/span><br style=\"font-family: arial, sans-serif; font-size: 13px; \" \/><br \/>\n<br style=\"font-family: arial, sans-serif; font-size: 13px; \" \/><br \/>\n<span style=\"font-family: arial, sans-serif; font-size: 13px; \">Durante o Semin&aacute;rio Estadual, ser&aacute; debatida a altera&ccedil;&atilde;o da receita bruta; novas regras de op&ccedil;&atilde;o e exclus&atilde;o do Simples; limite adicional para exporta&ccedil;&atilde;o de mercadorias; al&iacute;quota praticada no Paran&aacute;; parcelamento de d&eacute;bitos e certifica&ccedil;&atilde;o digital.&nbsp;<\/span><br style=\"font-family: arial, sans-serif; font-size: 13px; \" \/><br \/>\n<br style=\"font-family: arial, sans-serif; font-size: 13px; \" \/><br \/>\n<span style=\"font-family: arial, sans-serif; font-size: 13px; \">Esclarecem os temas os palestrantes Helena Rego, da Unidade de Pol&iacute;ticas P&uacute;blicas Sebrae Nacional; Miriam Feuerharmel Silva, da Prefeitura de Curitiba; Luiz Carlos Hauly, secret&aacute;rio de Estado da Fazenda; e Silas Santiago, secret&aacute;rio-executivo do Comit&ecirc; Gestor do Simples Nacional.&nbsp;<\/span><br style=\"font-family: arial, sans-serif; font-size: 13px; \" \/><br \/>\n<br style=\"font-family: arial, sans-serif; font-size: 13px; \" \/><br \/>\n<span style=\"font-family: arial, sans-serif; font-size: 13px; \">O Simples Nacional aumentou o recolhimento de impostos no Pa&iacute;s e ampliou a base de arrecada&ccedil;&atilde;o. Desde que foi implantado em 2007, a Uni&atilde;o, os estados e os munic&iacute;pios arrecadaram R$ 130 bilh&otilde;es pelo regime. O Simples Nacional elevou tamb&eacute;m a participa&ccedil;&atilde;o de pequenas empresas nas licita&ccedil;&otilde;es feitas pelo poder p&uacute;blico. As compras governamentais do governo federal de produtos e servi&ccedil;os fornecidos por micro e pequenas empresas saltaram de R$ 2,6 bilh&otilde;es para R$ 15,9 bilh&otilde;es, entre 2002 e 2010.<\/span><br style=\"font-family: arial, sans-serif; font-size: 13px; \" \/><br \/>\n<br style=\"font-family: arial, sans-serif; font-size: 13px; \" \/><br \/>\n<span style=\"font-family: arial, sans-serif; font-size: 13px; \">O coordenador de Pol&iacute;ticas P&uacute;blicas do Sebrae\/PR, C&eacute;sar Rissete, explica que, para refor&ccedil;ar a a&ccedil;&atilde;o de esclarecimento sobre as mudan&ccedil;as do Simples Nacional, entidades de apoio preparam uma cartilha que ser&aacute; distribu&iacute;da gratuitamente durante o Semin&aacute;rio Estadual. A vers&atilde;o online da cartilha estar&aacute; dispon&iacute;vel no site do Sebrae\/PR a partir de 23 de dezembro, no&nbsp;<\/span><a href=\"http:\/\/www.sebraepr.com.br\/\" target=\"_blank\" style=\"color: rgb(0, 0, 204); font-family: arial, sans-serif; font-size: 13px; \">www.sebraepr.com.br<\/a><span style=\"font-family: arial, sans-serif; font-size: 13px; \">.<\/span><br style=\"font-family: arial, sans-serif; font-size: 13px; \" \/><br \/>\n<br style=\"font-family: arial, sans-serif; font-size: 13px; \" \/><br \/>\n<span style=\"font-family: arial, sans-serif; font-size: 13px; \">&ldquo;A publica&ccedil;&atilde;o trata sobre o funcionamento do Simples, trazendo informa&ccedil;&otilde;es sobre como fazer a op&ccedil;&atilde;o, cumprir as obriga&ccedil;&otilde;es tribut&aacute;rias, sistem&aacute;tica de c&aacute;lculo e forma de recolhimento. O Simples aumenta a formalidade e a base de arrecada&ccedil;&atilde;o, al&eacute;m de ser um regime que beneficia as empresas, a sociedade e o governo&rdquo;, avalia Rissete.<\/span><br style=\"font-family: arial, sans-serif; font-size: 13px; \" \/><br \/>\n<br style=\"font-family: arial, sans-serif; font-size: 13px; \" \/><br \/>\n<b style=\"font-family: arial, sans-serif; font-size: 13px; \">Promo&ccedil;&atilde;o<\/b><br style=\"font-family: arial, sans-serif; font-size: 13px; \" \/><br \/>\n<span style=\"font-family: arial, sans-serif; font-size: 13px; \">O Semin&aacute;rio Estadual do Simples Nacional &eacute; fruto de uma parceria entre Sebrae\/PR, Superintend&ecirc;ncia da Receita Federal do Brasil &#8211; 9&ordf;. Regi&atilde;o Fiscal, Secretaria de Estado da Fazenda, Federa&ccedil;&atilde;o das Ind&uacute;strias do Estado do Paran&aacute; (FIEP), Conselho Regional de Contabilidade do Paran&aacute; (CRC\/PR), Comit&ecirc; Gestor do Simples Nacional (CGSN) e Prefeitura de Curitiba.&nbsp;<\/span><br style=\"font-family: arial, sans-serif; font-size: 13px; \" \/><br \/>\n<br style=\"font-family: arial, sans-serif; font-size: 13px; \" \/><br \/>\n<span style=\"font-family: arial, sans-serif; font-size: 13px; \">Apoiam a iniciativa o F&oacute;rum Permanente das Micro e Pequenas Empresas (FEPM\/PR); Sindicato dos Contabilistas de Curitiba (SICONTIBA); Federa&ccedil;&atilde;o do Com&eacute;rcio do Paran&aacute; (FECOM&Eacute;RCIO); Federa&ccedil;&atilde;o das Associa&ccedil;&otilde;es Comerciais e Empresariais do Estado do Paran&aacute; (FACIAP); Federa&ccedil;&atilde;o das Associa&ccedil;&otilde;es de Micro e Pequenas Empresas do Estado do Paran&aacute;. (FAMPEPAR); Servi&ccedil;o Nacional de Aprendizagem Rural do Estado do Paran&aacute; (SENAR-PR)\/FAEP e Sindicato das Empresas de Servi&ccedil;os Cont&aacute;beis do Paran&aacute; (SESCAP-PR).<\/span><br style=\"font-family: arial, sans-serif; font-size: 13px; \" \/><br \/>\n<br style=\"font-family: arial, sans-serif; font-size: 13px; \" \/><br \/>\n<b style=\"font-family: arial, sans-serif; font-size: 13px; \">Inscri&ccedil;&otilde;es<\/b><br style=\"font-family: arial, sans-serif; font-size: 13px; \" \/><br \/>\n<span style=\"font-family: arial, sans-serif; font-size: 13px; \">O CIETEP fica na Avenida Comendador Franco (Avenida das Torres), 1.341 &#8211; Jardim Bot&acirc;nico. A capacidade do Audit&oacute;rio M&aacute;rio de Mari &eacute; 900 lugares. Interessados podem se inscrever pelo site:&nbsp;<\/span><a href=\"http:\/\/www.crcpr.org.br\/\" target=\"_blank\" style=\"color: rgb(0, 0, 204); font-family: arial, sans-serif; font-size: 13px; \">www.crcpr.org.br<\/a><span style=\"font-family: arial, sans-serif; font-size: 13px; \">.&nbsp; A participa&ccedil;&atilde;o &eacute; gratuita e as apresenta&ccedil;&otilde;es do evento ser&atilde;o disponibilizadas no site das entidades realizadoras e de apoio.<\/span><br style=\"font-family: arial, sans-serif; font-size: 13px; \" \/><br \/>\n<br style=\"font-family: arial, sans-serif; font-size: 13px; \" \/><br \/>\n<b style=\"font-family: arial, sans-serif; font-size: 13px; \">Sobre o Sebrae\/PR<\/b><br style=\"font-family: arial, sans-serif; font-size: 13px; \" \/><br \/>\n<span style=\"font-family: arial, sans-serif; font-size: 13px; \">O Sebrae\/PR &#8211; Servi&ccedil;o de Apoio &agrave;s Micro e Pequenas Empresas do Estado do Paran&aacute; &eacute; uma institui&ccedil;&atilde;o sem fins lucrativos que foi criada para dar apoio aos empres&aacute;rios de pequenos neg&oacute;cios e aos empreendedores interessados em abrir micro e pequenas empresas. No Brasil, s&atilde;o 27 unidades e 750 postos de atendimentos espalhados de norte a sul. No Paran&aacute;, cinco regionais e 11 escrit&oacute;rios. A entidade chega aos 399 munic&iacute;pios do Estado por meio do atendimento itinerante, pontos de atendimento e de parceiros como associa&ccedil;&otilde;es, sindicatos, cooperativas, &oacute;rg&atilde;os p&uacute;blicos e privados. O Sebrae\/PR oferece palestras, capacita&ccedil;&otilde;es empresariais, treinamentos, projetos, programas e solu&ccedil;&otilde;es empresariais, com foco no empreendedorismo, setores estrat&eacute;gicos, pol&iacute;ticas p&uacute;blicas, tecnologia e inova&ccedil;&atilde;o, orienta&ccedil;&atilde;o ao cr&eacute;dito, acesso ao mercado, internacionaliza&ccedil;&atilde;o, redes de coopera&ccedil;&atilde;o e programas de lideran&ccedil;as.&nbsp;<\/p>\n<p>Assessoria<br type=\"_moz\" \/><br \/>\n<\/span><br style=\"font-family: arial, sans-serif; font-size: 13px; \" \/><\/p>\n","protected":false},"excerpt":{"rendered":"<p>A Lei Complementar 139\/2011 modificou algumas regras do Simples Nacional, o regime especial unificado de arrecada\u00e7\u00e3o de tributos e contribui\u00e7\u00f5es devidos pelas micro e pequenas empresas. Para auxiliar contadores, empres\u00e1rios, lideran\u00e7as empresariais e gestores p\u00fablicos a compreenderem as mudan\u00e7as, acontece em Curitiba, no dia 24 de janeiro, das 8h30 \u00e0s 13 horas, o Semin\u00e1rio Estadual do Simples Nacional.<\/p>\n","protected":false},"author":1,"featured_media":26598,"comment_status":"open","ping_status":"open","sticky":false,"template":"","format":"standard","meta":{"footnotes":""},"categories":[1],"tags":[6024],"class_list":["post-26599","post","type-post","status-publish","format-standard","has-post-thumbnail","hentry","category-noticias-zeca-dirceu","tag-seminario-detalha-mudancas-no-simples-nacional"],"_links":{"self":[{"href":"https:\/\/teste.bsb.br\/zeca\/wp-json\/wp\/v2\/posts\/26599","targetHints":{"allow":["GET"]}}],"collection":[{"href":"https:\/\/teste.bsb.br\/zeca\/wp-json\/wp\/v2\/posts"}],"about":[{"href":"https:\/\/teste.bsb.br\/zeca\/wp-json\/wp\/v2\/types\/post"}],"author":[{"embeddable":true,"href":"https:\/\/teste.bsb.br\/zeca\/wp-json\/wp\/v2\/users\/1"}],"replies":[{"embeddable":true,"href":"https:\/\/teste.bsb.br\/zeca\/wp-json\/wp\/v2\/comments?post=26599"}],"version-history":[{"count":0,"href":"https:\/\/teste.bsb.br\/zeca\/wp-json\/wp\/v2\/posts\/26599\/revisions"}],"wp:featuredmedia":[{"embeddable":true,"href":"https:\/\/teste.bsb.br\/zeca\/wp-json\/wp\/v2\/media\/26598"}],"wp:attachment":[{"href":"https:\/\/teste.bsb.br\/zeca\/wp-json\/wp\/v2\/media?parent=26599"}],"wp:term":[{"taxonomy":"category","embeddable":true,"href":"https:\/\/teste.bsb.br\/zeca\/wp-json\/wp\/v2\/categories?post=26599"},{"taxonomy":"post_tag","embeddable":true,"href":"https:\/\/teste.bsb.br\/zeca\/wp-json\/wp\/v2\/tags?post=26599"}],"curies":[{"name":"wp","href":"https:\/\/api.w.org\/{rel}","templated":true}]}}