{"id":26597,"date":"2011-12-19T00:00:00","date_gmt":"2011-12-19T02:00:00","guid":{"rendered":"https:\/\/www.zecadirceu.com.br\/zeca-dirceu-destina-r-12-milhao-para-aquisicao-de-transporte-escolar-em-candoi\/"},"modified":"2011-12-19T00:00:00","modified_gmt":"2011-12-19T02:00:00","slug":"zeca-dirceu-destina-r-12-milhao-para-aquisicao-de-transporte-escolar-em-candoi","status":"publish","type":"post","link":"https:\/\/teste.bsb.br\/zeca\/zeca-dirceu-destina-r-12-milhao-para-aquisicao-de-transporte-escolar-em-candoi\/","title":{"rendered":"Zeca Dirceu destina R$ 1,2 milh\u00e3o para aquisi\u00e7\u00e3o de transporte escolar em Cand\u00f3i"},"content":{"rendered":"<p>&nbsp;<span style=\"font-family: Tahoma, sans-serif; font-size: 12pt; line-height: 115%; text-align: justify; text-indent: 35.4pt; \">Na &uacute;ltima semana, foram garantidas, pelo governo federal, verbas para aquisi&ccedil;&atilde;o de ve&iacute;culos destinados ao transporte escolar em v&aacute;rias regi&otilde;es do Paran&aacute;, no &acirc;mbito do Programa Caminho da Escola. Quem anuncia &eacute; o deputado federal Zeca Dirceu (PT-PR), que foi respons&aacute;vel pelas tratativas junto ao Fundo Nacional de Desenvolvimento da Educa&ccedil;&atilde;o (FNDE), sendo R$ 1.201.440,00 destinados ao munic&iacute;pio de Cand&oacute;i.<br \/>\n<span style=\"font-size:12.0pt;line-height:115%;font-family:&quot;Tahoma&quot;,&quot;sans-serif&quot;\"><br \/>\nO valor recebido por Cand&oacute;i ser&aacute; investido na aquisi&ccedil;&atilde;o de seis &ocirc;nibus, sendo dois de porte grande, dois m&eacute;dios, um pequeno e um modelo 4X4 tra&ccedil;ado. &ldquo;Sem d&uacute;vida, a aquisi&ccedil;&atilde;o dos ve&iacute;culos vai diminuir de forma significativa a evas&atilde;o escolar e dar condi&ccedil;&otilde;es dignas aos alunos do meio rural para se deslocarem at&eacute; as institui&ccedil;&otilde;es de ensino&rdquo;, analisa o deputado Zeca Dirceu.<br \/>\n<o:p><\/o:p><\/span><span style=\"font-size:12.0pt;line-height:115%;font-family:&quot;Tahoma&quot;,&quot;sans-serif&quot;\"><br \/>\nAs verbas foram destinadas exclusivamente aos munic&iacute;pios com at&eacute; 50 mil habitantes e integrantes do Territ&oacute;rio da Cidadania, programa que visa promover o desenvolvimento econ&ocirc;mico e universalizar programas b&aacute;sicos de cidadania.<br \/>\n<o:p><\/o:p><\/span><span style=\"font-size:12.0pt;line-height:115%;font-family:&quot;Tahoma&quot;,&quot;sans-serif&quot;\"><br \/>\nA verba j&aacute; est&aacute; empenhada no FNDE, sendo que o empenho &eacute; o primeiro est&aacute;gio da despesa, quando a autoridade competente cria para o Estado a obriga&ccedil;&atilde;o de pagamento.<o:p><\/o:p><\/span><\/span><\/p>\n<p class=\"MsoNormal\" style=\"text-align:justify\"><span style=\"font-size:12.0pt;\nline-height:115%;font-family:&quot;Tahoma&quot;,&quot;sans-serif&quot;\"><o:p>&nbsp;<\/o:p><\/span><\/p>\n<p class=\"MsoNormal\" style=\"text-align:justify\"><span style=\"font-size:12.0pt;\nline-height:115%;font-family:&quot;Tahoma&quot;,&quot;sans-serif&quot;\"><b>Programa Caminho da Escola<o:p><\/o:p><\/b><\/span><\/p>\n<p class=\"MsoNormal\" style=\"text-align:justify\"><span style=\"font-size:12.0pt;\nline-height:115%;font-family:&quot;Tahoma&quot;,&quot;sans-serif&quot;\">O programa foi criado em 2007 com o objetivo de renovar a frota de ve&iacute;culos escolares, garantir seguran&ccedil;a e qualidade ao transporte dos estudantes e contribuir para ampliar, por meio do transporte di&aacute;rio, o acesso e a perman&ecirc;ncia na escola dos estudantes matriculados na educa&ccedil;&atilde;o b&aacute;sica da zona rural das redes estaduais e municipais.<o:p><\/o:p><\/span><\/p>\n<p><span style=\"font-size:12.0pt;line-height:115%;font-family:&quot;Tahoma&quot;,&quot;sans-serif&quot;;\nmso-fareast-font-family:Calibri;mso-fareast-theme-font:minor-latin;mso-ansi-language:\nPT-BR;mso-fareast-language:EN-US;mso-bidi-language:AR-SA\"><br clear=\"all\" style=\"mso-special-character:line-break;page-break-before:always\" \/><br \/>\n<\/span><\/p>\n<p class=\"MsoNormal\"><span style=\"font-size:12.0pt;line-height:115%;font-family:\n&quot;Tahoma&quot;,&quot;sans-serif&quot;\"><o:p>&nbsp;<\/o:p><\/span><\/p>\n","protected":false},"excerpt":{"rendered":"<p>Na \u00faltima semana, foram garantidas, pelo governo federal, verbas para aquisi\u00e7\u00e3o de ve\u00edculos destinados ao transporte escolar em v\u00e1rias regi\u00f5es do Paran\u00e1, no \u00e2mbito do Programa Caminho da Escola. Quem anuncia \u00e9 o deputado federal Zeca Dirceu (PT-PR), que foi respons\u00e1vel pelas tratativas junto ao Fundo Nacional de Desenvolvimento da Educa\u00e7\u00e3o (FNDE), sendo R$ 1.201.440,00 destinados ao munic\u00edpio de Cand\u00f3i.<\/p>\n","protected":false},"author":1,"featured_media":26596,"comment_status":"open","ping_status":"open","sticky":false,"template":"","format":"standard","meta":{"footnotes":""},"categories":[1],"tags":[6023,6022],"class_list":["post-26597","post","type-post","status-publish","format-standard","has-post-thumbnail","hentry","category-noticias-zeca-dirceu","tag-2-milhao-para-aquisicao-de-transporte-escolar-em-candoi","tag-zeca-dirceu-destina-r-1"],"_links":{"self":[{"href":"https:\/\/teste.bsb.br\/zeca\/wp-json\/wp\/v2\/posts\/26597","targetHints":{"allow":["GET"]}}],"collection":[{"href":"https:\/\/teste.bsb.br\/zeca\/wp-json\/wp\/v2\/posts"}],"about":[{"href":"https:\/\/teste.bsb.br\/zeca\/wp-json\/wp\/v2\/types\/post"}],"author":[{"embeddable":true,"href":"https:\/\/teste.bsb.br\/zeca\/wp-json\/wp\/v2\/users\/1"}],"replies":[{"embeddable":true,"href":"https:\/\/teste.bsb.br\/zeca\/wp-json\/wp\/v2\/comments?post=26597"}],"version-history":[{"count":0,"href":"https:\/\/teste.bsb.br\/zeca\/wp-json\/wp\/v2\/posts\/26597\/revisions"}],"wp:featuredmedia":[{"embeddable":true,"href":"https:\/\/teste.bsb.br\/zeca\/wp-json\/wp\/v2\/media\/26596"}],"wp:attachment":[{"href":"https:\/\/teste.bsb.br\/zeca\/wp-json\/wp\/v2\/media?parent=26597"}],"wp:term":[{"taxonomy":"category","embeddable":true,"href":"https:\/\/teste.bsb.br\/zeca\/wp-json\/wp\/v2\/categories?post=26597"},{"taxonomy":"post_tag","embeddable":true,"href":"https:\/\/teste.bsb.br\/zeca\/wp-json\/wp\/v2\/tags?post=26597"}],"curies":[{"name":"wp","href":"https:\/\/api.w.org\/{rel}","templated":true}]}}