{"id":26593,"date":"2011-12-19T00:00:00","date_gmt":"2011-12-19T02:00:00","guid":{"rendered":"https:\/\/www.zecadirceu.com.br\/comissao-aprova-criacao-da-politica-nacional-de-desenvolvimento-do-ecoturismo\/"},"modified":"2011-12-19T00:00:00","modified_gmt":"2011-12-19T02:00:00","slug":"comissao-aprova-criacao-da-politica-nacional-de-desenvolvimento-do-ecoturismo","status":"publish","type":"post","link":"https:\/\/teste.bsb.br\/zeca\/comissao-aprova-criacao-da-politica-nacional-de-desenvolvimento-do-ecoturismo\/","title":{"rendered":"Comiss\u00e3o aprova cria\u00e7\u00e3o da pol\u00edtica nacional de desenvolvimento do ecoturismo"},"content":{"rendered":"<p>&nbsp;<span style=\"color: rgb(51, 51, 51); font-family: Verdana, 'Lucida sans', Helvetica, Arial, sans-serif; line-height: 1.5em; text-align: left; \">A Comiss&atilde;o de Educa&ccedil;&atilde;o e Cultura aprovou na quarta-feira (14) o Projeto de Lei<\/span><span style=\"color: rgb(51, 51, 51); font-family: Verdana, 'Lucida sans', Helvetica, Arial, sans-serif; line-height: 1.5em; text-align: left; \">&nbsp;<\/span><a target=\"_blank\" style=\"font-family: Verdana, 'Lucida sans', Helvetica, Arial, sans-serif; line-height: 1.5em; text-align: left; background-color: transparent; color: rgb(0, 85, 125); text-decoration: none; border-bottom-style: none; border-bottom-width: initial; border-bottom-color: initial; font-weight: bold; \" href=\"http:\/\/www2.camara.gov.br\/agencia\/noticias\/TURISMO\/207180-PROJETO-CRIA-POLITICA-NACIONAL-DE-DESENVOLVIMENTO-DO-ECOTURISMO.html\">868\/11<\/a><span style=\"color: rgb(51, 51, 51); font-family: Verdana, 'Lucida sans', Helvetica, Arial, sans-serif; line-height: 1.5em; text-align: left; \">, do deputado Giovani Cherini (PDT-RS), que cria a pol&iacute;tica de desenvolvimento do ecoturismo e do turismo sustent&aacute;vel. O texto estabelece regras, instrumentos de gest&atilde;o e recursos para garantir a preserva&ccedil;&atilde;o da biodiversidade em locais onde as atividades tur&iacute;sticas s&atilde;o exploradas.<br \/>\n<\/span><\/p>\n<p style=\"margin-top: 0px; margin-right: 0px; margin-bottom: 0.75em; margin-left: 0px; padding-top: 0px; padding-right: 0px; padding-bottom: 0px; padding-left: 0px; line-height: 1.5em; text-align: left; color: rgb(51, 51, 51); font-family: Verdana, 'Lucida sans', Helvetica, Arial, sans-serif; \">\nO relator na comiss&atilde;o, deputado Ant&ocirc;nio Roberto (PV-MG), recomendou a aprova&ccedil;&atilde;o da proposta. Ele afirmou que a pol&iacute;tica cumprir&aacute; um importante papel ao permitir que os recursos naturais abundantes, aliados a paisagens exuberantes e &agrave; diversidade cultural brasileira possa ser conhecida por um n&uacute;mero cada vez maior de brasileiros e estrangeiros.<\/p>\n<p style=\"margin-top: 0px; margin-right: 0px; margin-bottom: 0.75em; margin-left: 0px; padding-top: 0px; padding-right: 0px; padding-bottom: 0px; padding-left: 0px; line-height: 1.5em; text-align: left; color: rgb(51, 51, 51); font-family: Verdana, 'Lucida sans', Helvetica, Arial, sans-serif; \">A pol&iacute;tica de ecoturismo e turismo sustent&aacute;vel, vai permitir que essas atividades sejam implementadas, sem preju&iacute;zos para a biodiversidade e respeitando os princ&iacute;pios da preserva&ccedil;&atilde;o. &ldquo;A proposta contribuir&aacute; para estabelecer padr&otilde;es de preserva&ccedil;&atilde;o e a&ccedil;&otilde;es preventivas para que os recursos a serem explorados, tais como &aacute;reas tombadas, monumentos naturais, paisagens, entre outros locais de interesse ecol&oacute;gico, n&atilde;o sejam degradados&rdquo;.<\/p>\n<p style=\"margin-top: 0px; margin-right: 0px; margin-bottom: 0.75em; margin-left: 0px; padding-top: 0px; padding-right: 0px; padding-bottom: 0px; padding-left: 0px; line-height: 1.5em; text-align: left; color: rgb(51, 51, 51); font-family: Verdana, 'Lucida sans', Helvetica, Arial, sans-serif; \"><strong style=\"font-weight: bold; \">Tramita&ccedil;&atilde;o<\/strong><br \/>\nO projeto, que tramita em&nbsp;<span class=\"termoGlossario\" style=\"border-bottom-width: 1px; border-bottom-style: dashed; border-bottom-color: rgb(0, 100, 0); cursor: help; color: rgb(0, 100, 0); \">car&aacute;ter conclusivo<\/span>, ainda ser&aacute; analisado pelas comiss&otilde;es de Meio Ambiente e Desenvolvimento Sustent&aacute;vel; de Turismo e Desporto; e de Constitui&ccedil;&atilde;o e Justi&ccedil;a e de Cidadania.<\/p>\n<p><span style=\"font-size: 10px; font-weight: bold; line-height: normal; text-align: -webkit-auto; \">Reportagem &ndash; Murilo Souza&nbsp;<\/span><br style=\"font-size: 10px; font-weight: bold; line-height: normal; text-align: -webkit-auto; \" \/><br \/>\n<span style=\"font-size: 10px; font-weight: bold; line-height: normal; text-align: -webkit-auto; \">Edi&ccedil;&atilde;o &ndash; Paulo Cesar Santos<\/span>&nbsp;\/ C&acirc;mara dos Deputados<\/p>\n","protected":false},"excerpt":{"rendered":"<p>A Comiss\u00e3o de Educa\u00e7\u00e3o e Cultura aprovou na quarta-feira (14) o Projeto de Lei 868\/11, que cria a pol\u00edtica de desenvolvimento do ecoturismo e do turismo sustent\u00e1vel. O texto estabelece regras, instrumentos de gest\u00e3o e recursos para garantir a preserva\u00e7\u00e3o da biodiversidade em locais onde as atividades tur\u00edsticas s\u00e3o exploradas.<\/p>\n","protected":false},"author":1,"featured_media":26592,"comment_status":"open","ping_status":"open","sticky":false,"template":"","format":"standard","meta":{"footnotes":""},"categories":[1],"tags":[6019],"class_list":["post-26593","post","type-post","status-publish","format-standard","has-post-thumbnail","hentry","category-noticias-zeca-dirceu","tag-comissao-aprova-criacao-da-politica-nacional-de-desenvolvimento-do-ecoturismo"],"_links":{"self":[{"href":"https:\/\/teste.bsb.br\/zeca\/wp-json\/wp\/v2\/posts\/26593","targetHints":{"allow":["GET"]}}],"collection":[{"href":"https:\/\/teste.bsb.br\/zeca\/wp-json\/wp\/v2\/posts"}],"about":[{"href":"https:\/\/teste.bsb.br\/zeca\/wp-json\/wp\/v2\/types\/post"}],"author":[{"embeddable":true,"href":"https:\/\/teste.bsb.br\/zeca\/wp-json\/wp\/v2\/users\/1"}],"replies":[{"embeddable":true,"href":"https:\/\/teste.bsb.br\/zeca\/wp-json\/wp\/v2\/comments?post=26593"}],"version-history":[{"count":0,"href":"https:\/\/teste.bsb.br\/zeca\/wp-json\/wp\/v2\/posts\/26593\/revisions"}],"wp:featuredmedia":[{"embeddable":true,"href":"https:\/\/teste.bsb.br\/zeca\/wp-json\/wp\/v2\/media\/26592"}],"wp:attachment":[{"href":"https:\/\/teste.bsb.br\/zeca\/wp-json\/wp\/v2\/media?parent=26593"}],"wp:term":[{"taxonomy":"category","embeddable":true,"href":"https:\/\/teste.bsb.br\/zeca\/wp-json\/wp\/v2\/categories?post=26593"},{"taxonomy":"post_tag","embeddable":true,"href":"https:\/\/teste.bsb.br\/zeca\/wp-json\/wp\/v2\/tags?post=26593"}],"curies":[{"name":"wp","href":"https:\/\/api.w.org\/{rel}","templated":true}]}}