{"id":26587,"date":"2011-12-20T00:00:00","date_gmt":"2011-12-20T02:00:00","guid":{"rendered":"https:\/\/www.zecadirceu.com.br\/guaira-recebera-r-200-mil-em-recursos-federais-para-melhorias-na-agricultura\/"},"modified":"2011-12-20T00:00:00","modified_gmt":"2011-12-20T02:00:00","slug":"guaira-recebera-r-200-mil-em-recursos-federais-para-melhorias-na-agricultura","status":"publish","type":"post","link":"https:\/\/teste.bsb.br\/zeca\/guaira-recebera-r-200-mil-em-recursos-federais-para-melhorias-na-agricultura\/","title":{"rendered":"Gua\u00edra receber\u00e1 R$ 200 mil em recursos federais para melhorias na agricultura"},"content":{"rendered":"<p>&nbsp; <span style=\"color: rgb(51, 51, 51); font-family: Verdana, Arial, Helvetica, sans-serif; font-size: 11px; text-align: justify; \">O prefeito de Gua&iacute;ra, Manoel Kuba, recebeu nesta sexta-feira (16), uma informa&ccedil;&atilde;o que agradar&aacute; principalmente os agricultores guairenses. O Minist&eacute;rio do Desenvolvimento Agr&aacute;rio (MDA) atendeu &agrave;s solicita&ccedil;&otilde;es do munic&iacute;pio que receber&aacute; R$ 200 mil em recursos federais, destinados a aquisi&ccedil;&atilde;o de uma escavadeira hidr&aacute;ulica. O deputado federal, Zeca Dirceu, participou das negocia&ccedil;&otilde;es que resultaram na disponibiliza&ccedil;&atilde;o dos valores.&nbsp;<\/span><br style=\"color: rgb(51, 51, 51); font-family: Verdana, Arial, Helvetica, sans-serif; font-size: 11px; text-align: justify; \" \/><br \/>\n<br style=\"color: rgb(51, 51, 51); font-family: Verdana, Arial, Helvetica, sans-serif; font-size: 11px; text-align: justify; \" \/><br \/>\n<span style=\"color: rgb(51, 51, 51); font-family: Verdana, Arial, Helvetica, sans-serif; font-size: 11px; text-align: justify; \">Para o prefeito, o recurso ir&aacute; atender a melhoria da infraestrutura da produ&ccedil;&atilde;o agr&iacute;cola e desenvolvimento agropecu&aacute;rio do munic&iacute;pio. &rdquo;Com este equipamento, escavadeira hidr&aacute;ulica, daremos um suporte maior, principalmente, para o pequeno produtor, aqui em Gua&iacute;ra. O recurso veio em boa hora e teve a parceria do deputado federal Zeca Dirceu, que ajudou nas tratativas com o Governo Federal&rdquo;, comenta.<\/span><br style=\"color: rgb(51, 51, 51); font-family: Verdana, Arial, Helvetica, sans-serif; font-size: 11px; text-align: justify; \" \/><br \/>\n<br style=\"color: rgb(51, 51, 51); font-family: Verdana, Arial, Helvetica, sans-serif; font-size: 11px; text-align: justify; \" \/><br \/>\n<span style=\"color: rgb(51, 51, 51); font-family: Verdana, Arial, Helvetica, sans-serif; font-size: 11px; text-align: justify; \">O deputado comemorou o empenho do pedido de Gua&iacute;ra. &ldquo;A agricultura sempre foi uma das minhas prioridades, pois &eacute; uma atividade que movimenta de forma significativa a economia no Paran&aacute;. Estou certo de que a aquisi&ccedil;&atilde;o de novo equipamento ir&aacute; beneficiar satisfatoriamente os agricultores do munic&iacute;pio&rdquo;, ressalta o parlamentar.<\/span><br style=\"color: rgb(51, 51, 51); font-family: Verdana, Arial, Helvetica, sans-serif; font-size: 11px; text-align: justify; \" \/><br \/>\n<br style=\"color: rgb(51, 51, 51); font-family: Verdana, Arial, Helvetica, sans-serif; font-size: 11px; text-align: justify; \" \/><br \/>\n<span style=\"color: rgb(51, 51, 51); font-family: Verdana, Arial, Helvetica, sans-serif; font-size: 11px; text-align: justify; \">No total foram garantidos recursos federais na ordem de R$ 1,5 milh&atilde;o para o Paran&aacute;, destinados exclusivamente &agrave; aquisi&ccedil;&atilde;o de equipamentos para a agricultura do estado. Esta &eacute; uma cota especial direcionada a parlamentares de primeiro mandato, como &eacute; o caso de Dirceu.<\/span><br style=\"color: rgb(51, 51, 51); font-family: Verdana, Arial, Helvetica, sans-serif; font-size: 11px; text-align: justify; \" \/><br \/>\n<br style=\"color: rgb(51, 51, 51); font-family: Verdana, Arial, Helvetica, sans-serif; font-size: 11px; text-align: justify; \" \/><br \/>\n<span style=\"color: rgb(51, 51, 51); font-family: Verdana, Arial, Helvetica, sans-serif; font-size: 11px; text-align: justify; \">A verba j&aacute; foi emprenhada no Minist&eacute;rio do Desenvolvimento Agr&aacute;rio (MDA). O pr&oacute;ximo passo &eacute; aguardar o dep&oacute;sito da ordem banc&aacute;ria na conta do munic&iacute;pio.<\/span><\/p>\n","protected":false},"excerpt":{"rendered":"<p>O prefeito de Gua\u00edra, Manoel Kuba, recebeu nesta sexta-feira (16), uma informa\u00e7\u00e3o que agradar\u00e1 principalmente os agricultores guairenses. O Minist\u00e9rio do Desenvolvimento Agr\u00e1rio (MDA) atendeu \u00e0s solicita\u00e7\u00f5es do munic\u00edpio que receber\u00e1 R$ 200 mil em recursos federais, destinados a aquisi\u00e7\u00e3o de uma escavadeira hidr\u00e1ulica. O deputado federal, Zeca Dirceu, participou das negocia\u00e7\u00f5es que resultaram na disponibiliza\u00e7\u00e3o dos valores.<\/p>\n","protected":false},"author":1,"featured_media":26586,"comment_status":"open","ping_status":"open","sticky":false,"template":"","format":"standard","meta":{"footnotes":""},"categories":[1],"tags":[6016],"class_list":["post-26587","post","type-post","status-publish","format-standard","has-post-thumbnail","hentry","category-noticias-zeca-dirceu","tag-guaira-recebera-r-200-mil-em-recursos-federais-para-melhorias-na-agricultura"],"_links":{"self":[{"href":"https:\/\/teste.bsb.br\/zeca\/wp-json\/wp\/v2\/posts\/26587","targetHints":{"allow":["GET"]}}],"collection":[{"href":"https:\/\/teste.bsb.br\/zeca\/wp-json\/wp\/v2\/posts"}],"about":[{"href":"https:\/\/teste.bsb.br\/zeca\/wp-json\/wp\/v2\/types\/post"}],"author":[{"embeddable":true,"href":"https:\/\/teste.bsb.br\/zeca\/wp-json\/wp\/v2\/users\/1"}],"replies":[{"embeddable":true,"href":"https:\/\/teste.bsb.br\/zeca\/wp-json\/wp\/v2\/comments?post=26587"}],"version-history":[{"count":0,"href":"https:\/\/teste.bsb.br\/zeca\/wp-json\/wp\/v2\/posts\/26587\/revisions"}],"wp:featuredmedia":[{"embeddable":true,"href":"https:\/\/teste.bsb.br\/zeca\/wp-json\/wp\/v2\/media\/26586"}],"wp:attachment":[{"href":"https:\/\/teste.bsb.br\/zeca\/wp-json\/wp\/v2\/media?parent=26587"}],"wp:term":[{"taxonomy":"category","embeddable":true,"href":"https:\/\/teste.bsb.br\/zeca\/wp-json\/wp\/v2\/categories?post=26587"},{"taxonomy":"post_tag","embeddable":true,"href":"https:\/\/teste.bsb.br\/zeca\/wp-json\/wp\/v2\/tags?post=26587"}],"curies":[{"name":"wp","href":"https:\/\/api.w.org\/{rel}","templated":true}]}}