{"id":26581,"date":"2011-12-20T00:00:00","date_gmt":"2011-12-20T02:00:00","guid":{"rendered":"https:\/\/www.zecadirceu.com.br\/pais-cria-23-milhoes-de-empregos-formais-no-ano\/"},"modified":"2011-12-20T00:00:00","modified_gmt":"2011-12-20T02:00:00","slug":"pais-cria-23-milhoes-de-empregos-formais-no-ano","status":"publish","type":"post","link":"https:\/\/teste.bsb.br\/zeca\/pais-cria-23-milhoes-de-empregos-formais-no-ano\/","title":{"rendered":"Pa\u00eds cria 2,3 milh\u00f5es de empregos formais no ano"},"content":{"rendered":"<p>&nbsp;<span style=\"font-family: Arial; font-size: 9pt; color: rgb(76, 68, 54); text-align: left; \">O Brasil gerou 2.320.753 postos de trabalho com registro em carteira entre os meses de janeiro a novembro deste ano, equivalentes a expans&atilde;o de 6,46% em rela&ccedil;&atilde;o ao estoque de empregos de dezembro de 2010. O resultado &#8211; que incorpora as informa&ccedil;&otilde;es declaradas fora do prazo (s&eacute;rie ajustada) &#8211; foi o segundo melhor na s&eacute;rie do Cadastro Geral de Empregados e Desempregados (Caged) para o per&iacute;odo, sendo menor apenas do que em 2010, quando foram abertos 2.918.549 novos postos. Somente em novembro deste ano, foram criados 42.735 empregos formais, alta de 0,11% em rela&ccedil;&atilde;o ao estoque de empregos celetistas do m&ecirc;s anterior.<br \/>\n<\/span><\/p>\n<p class=\"MsoNormal\" style=\"margin-top: 0px; margin-right: 0px; margin-bottom: 10px; margin-left: 0px; padding-top: 0px; padding-right: 0px; padding-bottom: 0px; padding-left: 0px; color: rgb(76, 68, 54); font-family: arial, 'trebuchet ms', trebuchet, sans-serif; text-align: left; \"><span style=\"margin-top: 0px; margin-right: 0px; margin-bottom: 0px; margin-left: 0px; padding-top: 0px; padding-right: 0px; padding-bottom: 0px; padding-left: 0px; font-size: 9pt; font-family: Arial; \"><br \/>\n&ldquo;&Eacute; importante ressaltar que o resultado dos meses de janeiro a novembro de 2011, considerando a s&eacute;rie ajustada, foi bastante favor&aacute;vel ao atingir a cria&ccedil;&atilde;o de mais de 2,3 milh&otilde;es de empregos, o segundo melhor desempenho da s&eacute;rie hist&oacute;rica para o per&iacute;odo. Por&eacute;m, os dados do CAGED, no m&ecirc;s de novembro, ao apontar a cria&ccedil;&atilde;o de 42.735 postos de trabalho, mostram que o emprego formal continua crescendo, confirmando, por&eacute;m, uma diminui&ccedil;&atilde;o de dinamismo que j&aacute; vinha sendo sinalizada nos &uacute;ltimos meses. Esse comportamento pode ser justificado, em parte, pela presen&ccedil;a de fatores sazonais, como tamb&eacute;m, conjunturais, em raz&atilde;o da repercuss&atilde;o dos efeitos da crise internacional&ldquo;, explica o ministro interino do Trabalho e Emprego,&nbsp;<st1:personname w:st=\"on\" style=\"margin-top: 0px; margin-right: 0px; margin-bottom: 0px; margin-left: 0px; padding-top: 0px; padding-right: 0px; padding-bottom: 0px; padding-left: 0px; \">Paulo Roberto dos Santos Pinto<\/st1:personname>.<o:p style=\"margin-top: 0px; margin-right: 0px; margin-bottom: 0px; margin-left: 0px; padding-top: 0px; padding-right: 0px; padding-bottom: 0px; padding-left: 0px; \"><\/o:p><\/span><font face=\"Arial\" style=\"margin-top: 0px; margin-right: 0px; margin-bottom: 0px; margin-left: 0px; padding-top: 0px; padding-right: 0px; padding-bottom: 0px; padding-left: 0px; \"><br style=\"margin-top: 0px; margin-right: 0px; margin-bottom: 0px; margin-left: 0px; padding-top: 0px; padding-right: 0px; padding-bottom: 0px; padding-left: 0px; \" \/><br \/>\n<\/font><\/p>\n<p class=\"MsoNormal\" style=\"margin-top: 0px; margin-right: 0px; margin-bottom: 10px; margin-left: 0px; padding-top: 0px; padding-right: 0px; padding-bottom: 0px; padding-left: 0px; color: rgb(76, 68, 54); font-family: arial, 'trebuchet ms', trebuchet, sans-serif; text-align: left; \"><span style=\"margin-top: 0px; margin-right: 0px; margin-bottom: 0px; margin-left: 0px; padding-top: 0px; padding-right: 0px; padding-bottom: 0px; padding-left: 0px; font-size: 9pt; font-family: Arial; \">Nesse per&iacute;odo, a expans&atilde;o do emprego foi influenciada pelo desempenho positivo em quatro setores de atividade econ&ocirc;mica, sendo destaque o Com&eacute;rcio, com 107.920 postos e alta de 1,30%, a maior taxa de crescimento entre os setores e o terceiro maior saldo para o m&ecirc;s na s&eacute;rie do Caged; e Servi&ccedil;os, com 53.999 postos e crescimento de 0,36%. J&aacute; a Administra&ccedil;&atilde;o P&uacute;blica contribuiu com 250 postos (+0,03%) e Extrativa Mineral com 129 postos (+0,06%).<o:p style=\"margin-top: 0px; margin-right: 0px; margin-bottom: 0px; margin-left: 0px; padding-top: 0px; padding-right: 0px; padding-bottom: 0px; padding-left: 0px; \"><\/o:p><\/span><font face=\"Arial\" style=\"margin-top: 0px; margin-right: 0px; margin-bottom: 0px; margin-left: 0px; padding-top: 0px; padding-right: 0px; padding-bottom: 0px; padding-left: 0px; \"><br style=\"margin-top: 0px; margin-right: 0px; margin-bottom: 0px; margin-left: 0px; padding-top: 0px; padding-right: 0px; padding-bottom: 0px; padding-left: 0px; \" \/><br \/>\n<\/font><\/p>\n<p class=\"MsoNormal\" style=\"margin-top: 0px; margin-right: 0px; margin-bottom: 10px; margin-left: 0px; padding-top: 0px; padding-right: 0px; padding-bottom: 0px; padding-left: 0px; color: rgb(76, 68, 54); font-family: arial, 'trebuchet ms', trebuchet, sans-serif; text-align: left; \"><span style=\"margin-top: 0px; margin-right: 0px; margin-bottom: 0px; margin-left: 0px; padding-top: 0px; padding-right: 0px; padding-bottom: 0px; padding-left: 0px; font-size: 9pt; font-family: Arial; \">Na contram&atilde;o, tiveram desempenho negativo os setores da Ind&uacute;stria de Transforma&ccedil;&atilde;o, com retra&ccedil;&atilde;o de 54.306 postos (-0,65%) devido a fatores conjuntural e sazonal; Agricultura, com -42.297 postos (-2,55%), devido a fatores sazonais; Constru&ccedil;&atilde;o Civil, com -22.789 postos (-0,82%), resultado influenciado por fatores sazonais (clim&aacute;ticos) e conjunturais; e Servi&ccedil;os Industriais de Utilidade P&uacute;blica, com perdas de 171 postos de trabalho (-0,04%).<o:p style=\"margin-top: 0px; margin-right: 0px; margin-bottom: 0px; margin-left: 0px; padding-top: 0px; padding-right: 0px; padding-bottom: 0px; padding-left: 0px; \"><\/o:p><\/span><font face=\"Arial\" style=\"margin-top: 0px; margin-right: 0px; margin-bottom: 0px; margin-left: 0px; padding-top: 0px; padding-right: 0px; padding-bottom: 0px; padding-left: 0px; \"><br style=\"margin-top: 0px; margin-right: 0px; margin-bottom: 0px; margin-left: 0px; padding-top: 0px; padding-right: 0px; padding-bottom: 0px; padding-left: 0px; \" \/><br \/>\n<\/font><\/p>\n<p class=\"MsoNormal\" style=\"margin-top: 0px; margin-right: 0px; margin-bottom: 10px; margin-left: 0px; padding-top: 0px; padding-right: 0px; padding-bottom: 0px; padding-left: 0px; color: rgb(76, 68, 54); font-family: arial, 'trebuchet ms', trebuchet, sans-serif; text-align: left; \"><span style=\"margin-top: 0px; margin-right: 0px; margin-bottom: 0px; margin-left: 0px; padding-top: 0px; padding-right: 0px; padding-bottom: 0px; padding-left: 0px; font-size: 9pt; font-family: Arial; \">No recorte geogr&aacute;fico, houve eleva&ccedil;&atilde;o do emprego em vinte e uma Unidades da Federa&ccedil;&atilde;o, com tr&ecirc;s delas apresentando recordes, uma registrando o segundo melhor saldo e duas apontando o terceiro melhor desempenho para o m&ecirc;s. Os destaques, em n&uacute;meros absolutos, couberam aos estados do Rio de Janeiro, com 24.867 postos (+0,70%), o segundo melhor desempenho para o m&ecirc;s; Rio Grande do Sul, com 12.875 postos (+0,52%); Santa Catarina, 12.089 postos (+0,66%); Minas Gerais, 5.825 postos (0,14%) e; Paran&aacute;, com 5.663 vagas (0,22%).<\/span><\/p>\n<p class=\"MsoNormal\" style=\"margin-top: 0px; margin-right: 0px; margin-bottom: 10px; margin-left: 0px; padding-top: 0px; padding-right: 0px; padding-bottom: 0px; padding-left: 0px; color: rgb(76, 68, 54); font-family: arial, 'trebuchet ms', trebuchet, sans-serif; text-align: left; \"><span style=\"margin-top: 0px; margin-right: 0px; margin-bottom: 0px; margin-left: 0px; padding-top: 0px; padding-right: 0px; padding-bottom: 0px; padding-left: 0px; font-size: 9pt; font-family: Arial; \">J&aacute; os estados que apresentaram desempenhos recordes foram: Par&aacute;, com 4.226 postos (+0,62%); Amap&aacute;, 496 postos (+0,76%) e Roraima, com 451 postos ou +1,13%. Influenciados por fatores sazonais e conjunturais, dentre os estados que tiveram desempenho negativo est&atilde;o: S&atilde;o Paulo (-29.145 postos ou -0,24%); Goi&aacute;s (-10.466 postos ou -0,96%) e Mato Grosso (-5.791 postos ou -1,02%).<o:p style=\"margin-top: 0px; margin-right: 0px; margin-bottom: 0px; margin-left: 0px; padding-top: 0px; padding-right: 0px; padding-bottom: 0px; padding-left: 0px; \"><\/o:p><\/span><font face=\"Arial\" style=\"margin-top: 0px; margin-right: 0px; margin-bottom: 0px; margin-left: 0px; padding-top: 0px; padding-right: 0px; padding-bottom: 0px; padding-left: 0px; \"><br style=\"margin-top: 0px; margin-right: 0px; margin-bottom: 0px; margin-left: 0px; padding-top: 0px; padding-right: 0px; padding-bottom: 0px; padding-left: 0px; \" \/><br \/>\n<\/font><\/p>\n<p class=\"MsoNormal\" style=\"margin-top: 0px; margin-right: 0px; margin-bottom: 10px; margin-left: 0px; padding-top: 0px; padding-right: 0px; padding-bottom: 0px; padding-left: 0px; color: rgb(76, 68, 54); font-family: arial, 'trebuchet ms', trebuchet, sans-serif; text-align: left; \"><span style=\"margin-top: 0px; margin-right: 0px; margin-bottom: 0px; margin-left: 0px; padding-top: 0px; padding-right: 0px; padding-bottom: 0px; padding-left: 0px; font-size: 9pt; font-family: Arial; \">O Caged tamb&eacute;m mostra expans&atilde;o do emprego em quatro das cinco grandes regi&otilde;es: Sul, com 30.627 postos; Nordeste, com 20.089 postos; Norte, com 4.870 postos e Sudeste, com 3.261 empregos. Devido a motivos sazonais e conjunturais, o Centro-Oeste foi a &uacute;nica regi&atilde;o a apresentar redu&ccedil;&atilde;o no n&iacute;vel de emprego, equivalente a 16.112 postos (-0,57%).<o:p style=\"margin-top: 0px; margin-right: 0px; margin-bottom: 0px; margin-left: 0px; padding-top: 0px; padding-right: 0px; padding-bottom: 0px; padding-left: 0px; \"><\/o:p><\/span><font face=\"Arial\" style=\"margin-top: 0px; margin-right: 0px; margin-bottom: 0px; margin-left: 0px; padding-top: 0px; padding-right: 0px; padding-bottom: 0px; padding-left: 0px; \"><br style=\"margin-top: 0px; margin-right: 0px; margin-bottom: 0px; margin-left: 0px; padding-top: 0px; padding-right: 0px; padding-bottom: 0px; padding-left: 0px; \" \/><br \/>\n<\/font><\/p>\n<p class=\"MsoNormal\" style=\"margin-top: 0px; margin-right: 0px; margin-bottom: 10px; margin-left: 0px; padding-top: 0px; padding-right: 0px; padding-bottom: 0px; padding-left: 0px; color: rgb(76, 68, 54); font-family: arial, 'trebuchet ms', trebuchet, sans-serif; text-align: left; \"><b style=\"margin-top: 0px; margin-right: 0px; margin-bottom: 0px; margin-left: 0px; padding-top: 0px; padding-right: 0px; padding-bottom: 0px; padding-left: 0px; \"><span style=\"margin-top: 0px; margin-right: 0px; margin-bottom: 0px; margin-left: 0px; padding-top: 0px; padding-right: 0px; padding-bottom: 0px; padding-left: 0px; font-size: 9pt; font-family: Arial; \">Caged &#8211;<\/span><\/b><span style=\"margin-top: 0px; margin-right: 0px; margin-bottom: 0px; margin-left: 0px; padding-top: 0px; padding-right: 0px; padding-bottom: 0px; padding-left: 0px; font-size: 9pt; font-family: Arial; \">&nbsp;Em doze meses, a gera&ccedil;&atilde;o de empregos atingiu 1.900.571 postos de trabalho, correspondendo ao aumento de 5,23%. No per&iacute;odo de janeiro de&nbsp;<st1:metricconverter productid=\"2003 a\" w:st=\"on\" style=\"margin-top: 0px; margin-right: 0px; margin-bottom: 0px; margin-left: 0px; padding-top: 0px; padding-right: 0px; padding-bottom: 0px; padding-left: 0px; \">2003 a<\/st1:metricconverter>&nbsp;novembro de 2011, tomando como refer&ecirc;ncia os dados da RAIS (que abrange Celetistas e Servidores P&uacute;blicos Federais, Estaduais e Municipais) e do Caged, foram gerados 17.705.195 empregos formais.<o:p style=\"margin-top: 0px; margin-right: 0px; margin-bottom: 0px; margin-left: 0px; padding-top: 0px; padding-right: 0px; padding-bottom: 0px; padding-left: 0px; \"><\/o:p><\/span><\/p>\n<p class=\"MsoNormal\" style=\"margin-top: 0px; margin-right: 0px; margin-bottom: 10px; margin-left: 0px; padding-top: 0px; padding-right: 0px; padding-bottom: 0px; padding-left: 0px; color: rgb(76, 68, 54); font-family: arial, 'trebuchet ms', trebuchet, sans-serif; text-align: left; \"><span style=\"margin-top: 0px; margin-right: 0px; margin-bottom: 0px; margin-left: 0px; padding-top: 0px; padding-right: 0px; padding-bottom: 0px; padding-left: 0px; font-size: 9pt; \"><o:p style=\"margin-top: 0px; margin-right: 0px; margin-bottom: 0px; margin-left: 0px; padding-top: 0px; padding-right: 0px; padding-bottom: 0px; padding-left: 0px; \">&nbsp;<\/o:p><\/span><\/p>\n<p class=\"MsoNormal\" style=\"margin-top: 0px; margin-right: 0px; margin-bottom: 10px; margin-left: 0px; padding-top: 0px; padding-right: 0px; padding-bottom: 0px; padding-left: 0px; color: rgb(76, 68, 54); font-family: arial, 'trebuchet ms', trebuchet, sans-serif; text-align: left; \"><font face=\"Arial\" style=\"margin-top: 0px; margin-right: 0px; margin-bottom: 0px; margin-left: 0px; padding-top: 0px; padding-right: 0px; padding-bottom: 0px; padding-left: 0px; \"><br style=\"margin-top: 0px; margin-right: 0px; margin-bottom: 0px; margin-left: 0px; padding-top: 0px; padding-right: 0px; padding-bottom: 0px; padding-left: 0px; \" \/><br \/>\n<\/font><\/p>\n<p class=\"MsoNormal\" style=\"margin-top: 0px; margin-right: 0px; margin-bottom: 10px; margin-left: 0px; padding-top: 0px; padding-right: 0px; padding-bottom: 0px; padding-left: 0px; color: rgb(76, 68, 54); font-family: arial, 'trebuchet ms', trebuchet, sans-serif; text-align: left; \"><b style=\"margin-top: 0px; margin-right: 0px; margin-bottom: 0px; margin-left: 0px; padding-top: 0px; padding-right: 0px; padding-bottom: 0px; padding-left: 0px; \"><span style=\"margin-top: 0px; margin-right: 0px; margin-bottom: 0px; margin-left: 0px; padding-top: 0px; padding-right: 0px; padding-bottom: 0px; padding-left: 0px; font-size: 9pt; font-family: Arial; \">Assessoria do Comunica&ccedil;&atilde;o Social MTE<\/span><\/b><\/p>\n","protected":false},"excerpt":{"rendered":"<p>O Brasil gerou 2.320.753 postos de trabalho com registro em carteira entre os meses de janeiro a novembro deste ano, equivalentes a expans\u00e3o de 6,46% em rela\u00e7\u00e3o ao estoque de empregos de dezembro de 2010. O resultado &#8211; que incorpora as informa\u00e7\u00f5es declaradas fora do prazo (s\u00e9rie ajustada) &#8211; foi o segundo melhor na s\u00e9rie do Cadastro Geral de Empregados e Desempregados (Caged) para o per\u00edodo, sendo menor apenas do que em 2010, quando foram abertos 2.918.549 novos postos.<\/p>\n","protected":false},"author":1,"featured_media":26580,"comment_status":"open","ping_status":"open","sticky":false,"template":"","format":"standard","meta":{"footnotes":""},"categories":[1],"tags":[6013,6012],"class_list":["post-26581","post","type-post","status-publish","format-standard","has-post-thumbnail","hentry","category-noticias-zeca-dirceu","tag-3-milhoes-de-empregos-formais-no-ano","tag-pais-cria-2"],"_links":{"self":[{"href":"https:\/\/teste.bsb.br\/zeca\/wp-json\/wp\/v2\/posts\/26581","targetHints":{"allow":["GET"]}}],"collection":[{"href":"https:\/\/teste.bsb.br\/zeca\/wp-json\/wp\/v2\/posts"}],"about":[{"href":"https:\/\/teste.bsb.br\/zeca\/wp-json\/wp\/v2\/types\/post"}],"author":[{"embeddable":true,"href":"https:\/\/teste.bsb.br\/zeca\/wp-json\/wp\/v2\/users\/1"}],"replies":[{"embeddable":true,"href":"https:\/\/teste.bsb.br\/zeca\/wp-json\/wp\/v2\/comments?post=26581"}],"version-history":[{"count":0,"href":"https:\/\/teste.bsb.br\/zeca\/wp-json\/wp\/v2\/posts\/26581\/revisions"}],"wp:featuredmedia":[{"embeddable":true,"href":"https:\/\/teste.bsb.br\/zeca\/wp-json\/wp\/v2\/media\/26580"}],"wp:attachment":[{"href":"https:\/\/teste.bsb.br\/zeca\/wp-json\/wp\/v2\/media?parent=26581"}],"wp:term":[{"taxonomy":"category","embeddable":true,"href":"https:\/\/teste.bsb.br\/zeca\/wp-json\/wp\/v2\/categories?post=26581"},{"taxonomy":"post_tag","embeddable":true,"href":"https:\/\/teste.bsb.br\/zeca\/wp-json\/wp\/v2\/tags?post=26581"}],"curies":[{"name":"wp","href":"https:\/\/api.w.org\/{rel}","templated":true}]}}