{"id":26579,"date":"2011-12-20T00:00:00","date_gmt":"2011-12-20T02:00:00","guid":{"rendered":"https:\/\/www.zecadirceu.com.br\/congresso-pode-votar-hoje-plano-plurianual-2012-2015\/"},"modified":"2011-12-20T00:00:00","modified_gmt":"2011-12-20T02:00:00","slug":"congresso-pode-votar-hoje-plano-plurianual-2012-2015","status":"publish","type":"post","link":"https:\/\/teste.bsb.br\/zeca\/congresso-pode-votar-hoje-plano-plurianual-2012-2015\/","title":{"rendered":"Congresso pode votar hoje Plano Plurianual 2012-2015"},"content":{"rendered":"<p>&nbsp;<span style=\"color: rgb(51, 51, 51); font-family: Arial, Helvetica, sans-serif; line-height: 16px; \">O Congresso (sess&atilde;o conjunta da C&acirc;mara e do Senado) pode votar hoje o Plano Plurianual (PPA) 2012-2015 e cr&eacute;ditos extraordin&aacute;rios para v&aacute;rios minist&eacute;rios e &oacute;rg&atilde;o do governo federal. H&aacute; consenso quanto &agrave; vota&ccedil;&atilde;o do PPA, que define as prioridades para gastos e investimentos do governo federal nos pr&oacute;ximos quatro anos. Os parlamentares acrescentaram R$ 108 bilh&otilde;es ao texto enviado pelo Poder Executivo, que prev&ecirc; agora gastos de R$ 5,4 trilh&otilde;es no per&iacute;odo. A sess&atilde;o est&aacute; marcada para as 12 horas no Plen&aacute;rio Ulysses Guimar&atilde;es.<br \/>\n<\/span><\/p>\n<p style=\"margin-top: 3px; margin-right: 0px; margin-bottom: 10px; margin-left: 0px; padding-top: 0px; padding-right: 0px; padding-bottom: 0px; padding-left: 0px; line-height: 16px; color: rgb(51, 51, 51); font-family: Arial, Helvetica, sans-serif; \">\nNos acr&eacute;scimos feitos por deputado e senadores ao texto do senador Walter Pinheiro (PT-BA), aprovado na semana passada pela Comiss&atilde;o Mista de Or&ccedil;amento, est&atilde;o R$ 300 milh&otilde;es para a constru&ccedil;&atilde;o de quatro pr&eacute;dios para tribunais regionais federais (TRFs) a serem criados, nas cidades de Curitiba, Manaus, Salvador e Belo Horizonte.<\/p>\n<p style=\"margin-top: 3px; margin-right: 0px; margin-bottom: 10px; margin-left: 0px; padding-top: 0px; padding-right: 0px; padding-bottom: 0px; padding-left: 0px; line-height: 16px; color: rgb(51, 51, 51); font-family: Arial, Helvetica, sans-serif; \">O PPA que pode ser votado hoje traz as prioridades do governo Dilma Rousseff para os pr&oacute;ximos quatro anos. As a&ccedil;&otilde;es priorit&aacute;rias, previstas no texto aprovado, integram o Programa de Acelera&ccedil;&atilde;o do Crescimento (PAC) e do Plano Brasil sem Mis&eacute;ria. O texto traz, de forma detalhada, as principais a&ccedil;&otilde;es que ser&atilde;o executadas entre 2012 e 2015. Entre elas est&atilde;o a constru&ccedil;&atilde;o de 2 milh&otilde;es de casas com o programa Minha Casa, Minha Vida, a inclus&atilde;o de 495 mil domic&iacute;lios rurais no Programa Luz para Todos, a constru&ccedil;&atilde;o e adequa&ccedil;&atilde;o de 14,7 mil quil&ocirc;metros de rodovias e 4,5 mil de ferrovias, e a expans&atilde;o da internet banda larga para 40 milh&otilde;es de domic&iacute;lios.<\/p>\n<p style=\"margin-top: 3px; margin-right: 0px; margin-bottom: 10px; margin-left: 0px; padding-top: 0px; padding-right: 0px; padding-bottom: 0px; padding-left: 0px; line-height: 16px; color: rgb(51, 51, 51); font-family: Arial, Helvetica, sans-serif; \">O PPA tamb&eacute;m oferece uma vis&atilde;o da macroeconomia nos pr&oacute;ximos anos. Segundo o projeto, o Produto Interno Bruto (PIB) chegar&aacute; a R$ 6,1 trilh&otilde;es em 2015, contra R$ 4,1 trilh&otilde;es neste ano. O sal&aacute;rio m&iacute;nimo ser&aacute; de R$ 817,97, contra os atuais R$ 545. A receita prim&aacute;ria l&iacute;quida se mant&eacute;m est&aacute;vel, na casa dos 20% do PIB, o mesmo acontecendo com o superavit prim&aacute;rio (1,6% ao ano).<\/p>\n<p style=\"margin-top: 3px; margin-right: 0px; margin-bottom: 10px; margin-left: 0px; padding-top: 0px; padding-right: 0px; padding-bottom: 0px; padding-left: 0px; line-height: 16px; color: rgb(51, 51, 51); font-family: Arial, Helvetica, sans-serif; \"><strong style=\"margin-top: 0px; margin-right: 0px; margin-bottom: 0px; margin-left: 0px; padding-top: 0px; padding-right: 0px; padding-bottom: 0px; padding-left: 0px; \">Or&ccedil;amento 2012<br \/>\n<\/strong><br style=\"margin-top: 0px; margin-right: 0px; margin-bottom: 0px; margin-left: 0px; padding-top: 0px; padding-right: 0px; padding-bottom: 0px; padding-left: 0px; \" \/><br \/>\nA vota&ccedil;&atilde;o da proposta or&ccedil;ament&aacute;ria para 2012 na Comiss&atilde;o de Or&ccedil;amento est&aacute; marcada para amanh&atilde;. O texto aprovado ainda ser&aacute; votado por deputados e senadores no Plen&aacute;rio do Congresso na quinta-feira (22). Ontem , o relator-geral, deputado Arlindo Chinaglia (PT-SP), apresentou seu relat&oacute;rio final.<\/p>\n<p style=\"margin-top: 3px; margin-right: 0px; margin-bottom: 10px; margin-left: 0px; padding-top: 0px; padding-right: 0px; padding-bottom: 0px; padding-left: 0px; line-height: 16px; color: rgb(51, 51, 51); font-family: Arial, Helvetica, sans-serif; \">As emendas parlamentares acrescentaram R$ 32,1 bilh&otilde;es ao projeto enviado pelo Executivo. O texto original previa um or&ccedil;amento efetivo (conceito que exclui os gastos com refinanciamento da d&iacute;vida p&uacute;blica) de R$ 1,572 trilh&otilde;es. Ap&oacute;s acr&eacute;scimos de receita e despesa no Congresso, o valor ficou em R$ 1,602 trilh&otilde;es. O texto, no entanto, n&atilde;o prev&ecirc; recursos para o aumento reivindicado pelos servidores do Poder Judici&aacute;rio e do Minist&eacute;rio P&uacute;blico da Uni&atilde;o (MPU) e pelos ju&iacute;zes e procuradores da Rep&uacute;blica.<\/p>\n<p style=\"margin-top: 3px; margin-right: 0px; margin-bottom: 10px; margin-left: 0px; padding-top: 0px; padding-right: 0px; padding-bottom: 0px; padding-left: 0px; line-height: 16px; color: rgb(51, 51, 51); font-family: Arial, Helvetica, sans-serif; \">(Ag&ecirc;ncia C&acirc;mara de Not&iacute;cias &#8211; Da Reda&ccedil;&atilde;o\/PCS)<\/p>\n","protected":false},"excerpt":{"rendered":"<p>O Congresso (sess\u00e3o conjunta da C\u00e2mara e do Senado) pode votar hoje o Plano Plurianual (PPA) 2012-2015 e cr\u00e9ditos extraordin\u00e1rios para v\u00e1rios minist\u00e9rios e \u00f3rg\u00e3o do governo federal. H\u00e1 consenso quanto \u00e0 vota\u00e7\u00e3o do PPA, que define as prioridades para gastos e investimentos do governo federal nos pr\u00f3ximos quatro anos. Os parlamentares acrescentaram R$ 108 bilh\u00f5es ao texto enviado pelo Poder Executivo, que prev\u00ea agora gastos de R$ 5,4 trilh\u00f5es no per\u00edodo. A sess\u00e3o est\u00e1 marcada para as 12 horas no Plen\u00e1rio Ulysses Guimar\u00e3es.<\/p>\n","protected":false},"author":1,"featured_media":26578,"comment_status":"open","ping_status":"open","sticky":false,"template":"","format":"standard","meta":{"footnotes":""},"categories":[1],"tags":[6011],"class_list":["post-26579","post","type-post","status-publish","format-standard","has-post-thumbnail","hentry","category-noticias-zeca-dirceu","tag-congresso-pode-votar-hoje-plano-plurianual-2012-2015"],"_links":{"self":[{"href":"https:\/\/teste.bsb.br\/zeca\/wp-json\/wp\/v2\/posts\/26579","targetHints":{"allow":["GET"]}}],"collection":[{"href":"https:\/\/teste.bsb.br\/zeca\/wp-json\/wp\/v2\/posts"}],"about":[{"href":"https:\/\/teste.bsb.br\/zeca\/wp-json\/wp\/v2\/types\/post"}],"author":[{"embeddable":true,"href":"https:\/\/teste.bsb.br\/zeca\/wp-json\/wp\/v2\/users\/1"}],"replies":[{"embeddable":true,"href":"https:\/\/teste.bsb.br\/zeca\/wp-json\/wp\/v2\/comments?post=26579"}],"version-history":[{"count":0,"href":"https:\/\/teste.bsb.br\/zeca\/wp-json\/wp\/v2\/posts\/26579\/revisions"}],"wp:featuredmedia":[{"embeddable":true,"href":"https:\/\/teste.bsb.br\/zeca\/wp-json\/wp\/v2\/media\/26578"}],"wp:attachment":[{"href":"https:\/\/teste.bsb.br\/zeca\/wp-json\/wp\/v2\/media?parent=26579"}],"wp:term":[{"taxonomy":"category","embeddable":true,"href":"https:\/\/teste.bsb.br\/zeca\/wp-json\/wp\/v2\/categories?post=26579"},{"taxonomy":"post_tag","embeddable":true,"href":"https:\/\/teste.bsb.br\/zeca\/wp-json\/wp\/v2\/tags?post=26579"}],"curies":[{"name":"wp","href":"https:\/\/api.w.org\/{rel}","templated":true}]}}