{"id":26557,"date":"2011-12-21T00:00:00","date_gmt":"2011-12-21T02:00:00","guid":{"rendered":"https:\/\/www.zecadirceu.com.br\/alto-piquiri-tem-seus-pre-candidatos-pelo-pt-definidos-2\/"},"modified":"2011-12-21T00:00:00","modified_gmt":"2011-12-21T02:00:00","slug":"alto-piquiri-tem-seus-pre-candidatos-pelo-pt-definidos-2","status":"publish","type":"post","link":"https:\/\/teste.bsb.br\/zeca\/alto-piquiri-tem-seus-pre-candidatos-pelo-pt-definidos-2\/","title":{"rendered":"Alto Piquiri tem seus pr\u00e9-candidatos pelo PT definidos"},"content":{"rendered":"<p>&nbsp;O munic&iacute;pio de Alto Piquiri j&aacute; tem seus pr&eacute;- candidatos a prefeito definidos. Na ter&ccedil;a-feira, 20, uma reuni&atilde;o, que contou com uma exposi&ccedil;&atilde;o de metas e palestras sobre a conjuntura pol&iacute;tica do Governo PT, reuniu representantes pol&iacute;ticos do &nbsp;partido no munic&iacute;pio, novos filiados e convidados, como o Assessor do Deputado Zeca Dirceu, Cleverson Alvarenga, o deputado estadual Elton Welter e o vereador de P&eacute;rola, Martim, quem ministrou a palestra.<\/p>\n<p class=\"MsoNormal\">Cerca de 20 pessoas acompanharam a reuni&atilde;o que teve como prop&oacute;sito expandir as metas a serem adotadas para as elei&ccedil;&otilde;es municipais de 2014. &ldquo;Estas reuni&otilde;es ser&atilde;o cada vez mais freq&uuml;entes. O deputado Zeca Dirceu est&aacute; acompanhando todo o andamento pol&iacute;tico da regi&atilde;o e se far&aacute; presente sempre que poss&iacute;vel. Estamos felizes com&nbsp; a participa&ccedil;&atilde;o e ingressos de novos filiados ao PT&rdquo;, explicou o assessor Alvarenga.<\/p>\n<p class=\"MsoNormal\">A palestra sobre a atual conjuntura pol&iacute;tica do Governo petista, tem o prop&oacute;sito de ampliar a vis&atilde;o dos representantes que ir&atilde;o disputar as elei&ccedil;&otilde;es. &ldquo;Conhecer a hist&oacute;ria do partido e saber como ele chegou e se manteve no Governo &eacute; fundamental para quem disputar&aacute; um cargo, como para os iniciantes&rdquo;, enfatizou o vereador de P&eacute;rola Martim, que ministrou a palestra.<\/p>\n<p class=\"MsoNormal\">Os pr&eacute;-candidatos foram apresentados ao grupo, a defini&ccedil;&atilde;o ainda est&aacute; sem data para acontecer. S&atilde;o eles: Leninha (atual primeira- dama), Valdecir Morotti (atual vice-prefeito) e Alaercio da Emater(ex-vereador de Alto Piquiri).<\/p>\n<p class=\"MsoNormal\">&ldquo;Este adiantamento e estas pr&eacute;-candidaturas s&atilde;o essenciais para que o partido conhe&ccedil;a e trabalhe no melhor preparo para representar o munic&iacute;pio de Alto Piquiri&rdquo;, destacou o deputado Elton Welter.<\/p>\n<p class=\"MsoNormal\">Al&eacute;m dos candidatos a prefeitos pelo Partido dos Trabalhadores de Alto Piquiri, a chapa de candidatos a vereadores j&aacute; est&aacute; completa.<\/p>\n<p class=\"MsoNormal\"><o:p>&nbsp;<\/o:p><\/p>\n<p class=\"MsoNormal\"><o:p>&nbsp;<\/o:p><\/p>\n","protected":false},"excerpt":{"rendered":"<p>O munic\u00edpio de Alto Piquiri j\u00e1 tem seus pr\u00e9- candidatos a prefeito definidos. Na ter\u00e7a-feira, 20, uma reuni\u00e3o, que contou com uma exposi\u00e7\u00e3o de metas e palestras sobre a conjuntura pol\u00edtica do Governo PT, reuniu representantes pol\u00edticos do  partido no munic\u00edpio, novos filiados e convidados, como o Assessor do Deputado Zeca Dirceu, Cleverson Alvarenga, o deputado estadual Elton Welter e o vereador de P\u00e9rola, Martim, quem ministrou a palestra.<\/p>\n","protected":false},"author":1,"featured_media":26556,"comment_status":"open","ping_status":"open","sticky":false,"template":"","format":"standard","meta":{"footnotes":""},"categories":[1],"tags":[6000],"class_list":["post-26557","post","type-post","status-publish","format-standard","has-post-thumbnail","hentry","category-noticias-zeca-dirceu","tag-alto-piquiri-tem-seus-pre-candidatos-pelo-pt-definidos"],"_links":{"self":[{"href":"https:\/\/teste.bsb.br\/zeca\/wp-json\/wp\/v2\/posts\/26557","targetHints":{"allow":["GET"]}}],"collection":[{"href":"https:\/\/teste.bsb.br\/zeca\/wp-json\/wp\/v2\/posts"}],"about":[{"href":"https:\/\/teste.bsb.br\/zeca\/wp-json\/wp\/v2\/types\/post"}],"author":[{"embeddable":true,"href":"https:\/\/teste.bsb.br\/zeca\/wp-json\/wp\/v2\/users\/1"}],"replies":[{"embeddable":true,"href":"https:\/\/teste.bsb.br\/zeca\/wp-json\/wp\/v2\/comments?post=26557"}],"version-history":[{"count":0,"href":"https:\/\/teste.bsb.br\/zeca\/wp-json\/wp\/v2\/posts\/26557\/revisions"}],"wp:featuredmedia":[{"embeddable":true,"href":"https:\/\/teste.bsb.br\/zeca\/wp-json\/wp\/v2\/media\/26556"}],"wp:attachment":[{"href":"https:\/\/teste.bsb.br\/zeca\/wp-json\/wp\/v2\/media?parent=26557"}],"wp:term":[{"taxonomy":"category","embeddable":true,"href":"https:\/\/teste.bsb.br\/zeca\/wp-json\/wp\/v2\/categories?post=26557"},{"taxonomy":"post_tag","embeddable":true,"href":"https:\/\/teste.bsb.br\/zeca\/wp-json\/wp\/v2\/tags?post=26557"}],"curies":[{"name":"wp","href":"https:\/\/api.w.org\/{rel}","templated":true}]}}