{"id":26519,"date":"2011-12-22T00:00:00","date_gmt":"2011-12-22T02:00:00","guid":{"rendered":"https:\/\/www.zecadirceu.com.br\/em-confraternizacao-com-os-lideres-presidenta-fala-da-lealdade-na-relacao-com-o-governo\/"},"modified":"2011-12-22T00:00:00","modified_gmt":"2011-12-22T02:00:00","slug":"em-confraternizacao-com-os-lideres-presidenta-fala-da-lealdade-na-relacao-com-o-governo","status":"publish","type":"post","link":"https:\/\/teste.bsb.br\/zeca\/em-confraternizacao-com-os-lideres-presidenta-fala-da-lealdade-na-relacao-com-o-governo\/","title":{"rendered":"Em confraterniza\u00e7\u00e3o com os l\u00edderes, presidenta fala da lealdade na rela\u00e7\u00e3o com o Governo"},"content":{"rendered":"<p>&nbsp;A presidenta Dilma Rousseff recebeu os l&iacute;deres dos partidos da base do governo no Congresso Nacional para uma confraterniza&ccedil;&atilde;o de fim de ano no Pal&aacute;cio da Alvorada, na noite desta quarta-feira (21). Os presidentes do Senado, Jos&eacute; Sarney, e da C&acirc;mara, Marco Maia, ministros e autoridades do governo tamb&eacute;m estiveram presentes.<\/p>\n<p class=\"MsoNormal\"><o:p><\/o:p><\/p>\n<p class=\"MsoNormal\">No encontro, a presidenta agradeceu o apoio de todos os partidos e ressaltou a lealdade na rela&ccedil;&atilde;o com o governo.<o:p><\/o:p><\/p>\n<p class=\"MsoNormal\">&ldquo;N&atilde;o poderia deixar de reconhecer isso&rdquo;, afirmou a presidenta Dilma.<o:p><\/o:p><\/p>\n<p class=\"MsoNormal\">Ela reconheceu o esfor&ccedil;o de todos para aprovar as pol&iacute;ticas do governo apresentadas ao Congresso na forma de projetos de lei e de medidas provis&oacute;rias.<o:p><\/o:p><\/p>\n<p class=\"MsoNormal\">&ldquo;Eu sei que tivemos um ano de grande desafios&rdquo;, acrescentou.<o:p><\/o:p><\/p>\n<p class=\"MsoNormal\">A presidenta destacou como fator que contribuiu para a rela&ccedil;&atilde;o do governo com o Congresso Nacional a clareza na forma de agir e a rela&ccedil;&atilde;o com a sociedade.<o:p><\/o:p><\/p>\n<p class=\"MsoNormal\">&ldquo;O governo n&atilde;o tem temor de discutir reivindica&ccedil;&otilde;es&rdquo;, disse.<o:p><\/o:p><\/p>\n<p class=\"MsoNormal\">A presidenta Dilma encerrou o discurso desejando um Feliz Natal e ressaltou que um pr&oacute;spero Ano Novo depende de cada de um de n&oacute;s.<\/p>\n<p class=\"MsoNormal\"><o:p>&nbsp;<\/o:p><\/p>\n<p class=\"MsoNormal\">Blog do Planalto<\/p>\n","protected":false},"excerpt":{"rendered":"<p>A presidenta Dilma Rousseff recebeu os l\u00edderes dos partidos da base do governo no Congresso Nacional para uma confraterniza\u00e7\u00e3o de fim de ano no Pal\u00e1cio da Alvorada, na noite desta quarta-feira (21). Os presidentes do Senado, Jos\u00e9 Sarney, e da C\u00e2mara, Marco Maia, ministros e autoridades do governo tamb\u00e9m estiveram presentes.<\/p>\n","protected":false},"author":1,"featured_media":26518,"comment_status":"open","ping_status":"open","sticky":false,"template":"","format":"standard","meta":{"footnotes":""},"categories":[1],"tags":[5993,5994],"class_list":["post-26519","post","type-post","status-publish","format-standard","has-post-thumbnail","hentry","category-noticias-zeca-dirceu","tag-em-confraternizacao-com-os-lideres","tag-presidenta-fala-da-lealdade-na-relacao-com-o-governo"],"_links":{"self":[{"href":"https:\/\/teste.bsb.br\/zeca\/wp-json\/wp\/v2\/posts\/26519","targetHints":{"allow":["GET"]}}],"collection":[{"href":"https:\/\/teste.bsb.br\/zeca\/wp-json\/wp\/v2\/posts"}],"about":[{"href":"https:\/\/teste.bsb.br\/zeca\/wp-json\/wp\/v2\/types\/post"}],"author":[{"embeddable":true,"href":"https:\/\/teste.bsb.br\/zeca\/wp-json\/wp\/v2\/users\/1"}],"replies":[{"embeddable":true,"href":"https:\/\/teste.bsb.br\/zeca\/wp-json\/wp\/v2\/comments?post=26519"}],"version-history":[{"count":0,"href":"https:\/\/teste.bsb.br\/zeca\/wp-json\/wp\/v2\/posts\/26519\/revisions"}],"wp:featuredmedia":[{"embeddable":true,"href":"https:\/\/teste.bsb.br\/zeca\/wp-json\/wp\/v2\/media\/26518"}],"wp:attachment":[{"href":"https:\/\/teste.bsb.br\/zeca\/wp-json\/wp\/v2\/media?parent=26519"}],"wp:term":[{"taxonomy":"category","embeddable":true,"href":"https:\/\/teste.bsb.br\/zeca\/wp-json\/wp\/v2\/categories?post=26519"},{"taxonomy":"post_tag","embeddable":true,"href":"https:\/\/teste.bsb.br\/zeca\/wp-json\/wp\/v2\/tags?post=26519"}],"curies":[{"name":"wp","href":"https:\/\/api.w.org\/{rel}","templated":true}]}}